{"id":284164,"date":"2022-01-17T16:22:45","date_gmt":"2022-01-17T19:22:45","guid":{"rendered":"https:\/\/jundiai.sp.gov.br\/noticias\/?p=284164"},"modified":"2022-01-17T16:22:45","modified_gmt":"2022-01-17T19:22:45","slug":"reuniao-de-gestores-faz-monitoramento-de-obras-e-projetos-prioritarios","status":"publish","type":"post","link":"https:\/\/jundiai.sp.gov.br\/noticias\/2022\/01\/17\/reuniao-de-gestores-faz-monitoramento-de-obras-e-projetos-prioritarios\/","title":{"rendered":"Reuni\u00e3o de gestores faz monitoramento de obras e projetos priorit\u00e1rios"},"content":{"rendered":"\n<p>Gestores e t\u00e9cnicos da Prefeitura de Jundia\u00ed realizaram, na manh\u00e3 desta segunda-feira (17), a primeira reuni\u00e3o do ano de monitoramento de obras e projetos priorit\u00e1rios das Plataformas de Gest\u00e3o de Desenvolvimento Sustent\u00e1vel e de Desenvolvimento Econ\u00f4mico, Tecnologia e Emprego. De forma virtual, a reuni\u00e3o foi conduzida pela equipe da Unidade de Gest\u00e3o de Governo e Finan\u00e7as.<\/p>\n\n\n\n<p>\u201cNosso modelo de gest\u00e3o tem como premissa o planejamento e sua concep\u00e7\u00e3o leva em conta a efici\u00eancia, muito pr\u00f3xima do que \u00e9 aplicado pela iniciativa privada\u201d, explica o gestor de Governo e Finan\u00e7as, Jos\u00e9 Antonio Parimoschi. \u201cEm Jundia\u00ed, contamos com uma Unidade Central de Entregas, que acompanha, junto \u00e0s outras unidades de gest\u00e3o, passo a passo de cada projeto e obra, permitindo destravar gargalos e entregar o equipamento e o servi\u00e7o p\u00fablico dentro dos prazos estimados para a popula\u00e7\u00e3o.\u201d<\/p>\n\n\n\n<figure class=\"wp-block-image size-full\"><img loading=\"lazy\" decoding=\"async\" width=\"1280\" height=\"853\" src=\"https:\/\/jundiai.sp.gov.br\/noticias\/wp-content\/uploads\/sites\/32\/2022\/01\/reuniao_de_plataforma_parimoschi-26.jpg\" alt=\"\" class=\"wp-image-284166\" srcset=\"https:\/\/jundiai.sp.gov.br\/noticias\/wp-content\/uploads\/sites\/32\/2022\/01\/reuniao_de_plataforma_parimoschi-26.jpg 1280w, https:\/\/jundiai.sp.gov.br\/noticias\/wp-content\/uploads\/sites\/32\/2022\/01\/reuniao_de_plataforma_parimoschi-26-300x200.jpg 300w, https:\/\/jundiai.sp.gov.br\/noticias\/wp-content\/uploads\/sites\/32\/2022\/01\/reuniao_de_plataforma_parimoschi-26-768x512.jpg 768w, https:\/\/jundiai.sp.gov.br\/noticias\/wp-content\/uploads\/sites\/32\/2022\/01\/reuniao_de_plataforma_parimoschi-26-450x300.jpg 450w\" sizes=\"auto, (max-width: 1280px) 100vw, 1280px\" \/><figcaption> O gestor de Governo e Finan\u00e7as, Jos\u00e9 Antonio Parimoschi, durante a reuni\u00e3o on-line, na manh\u00e3 desta segunda-feira (17) <\/figcaption><\/figure>\n\n\n\n<p>Parimoschi lembrou que diferentes desafios se apresentam para 2022. \u201cA pandemia da Covid-19 ainda causa impactos, como a eleva\u00e7\u00e3o do pre\u00e7o dos insumos e a dificuldade de m\u00e3o de obra por parte das empresas terceirizadas. Tudo isso tem um reflexo no valor final da obra e em seu andamento, o que exige de n\u00f3s, gestores p\u00fablicos, estarmos pr\u00f3ximos dos problemas, se antecipando quando poss\u00edvel e refor\u00e7ando o monitoramento di\u00e1rio de cada projeto.\u201d<\/p>\n\n\n\n<p><strong>Plataformas<br><\/strong>Na Plataforma de Gest\u00e3o de Desenvolvimento Sustent\u00e1vel, a unidade de Infraestrutura e Servi\u00e7os P\u00fablicos abordou os detalhes finais para a entrega do Parque Urbano Santa Gertrudes, que ainda deve receber pintura em seus muros, a instala\u00e7\u00e3o de ilumina\u00e7\u00e3o c\u00eanica nos viadutos S\u00e3o Jo\u00e3o Batista e Rom\u00e3o Nasser, que foram reformados, a constru\u00e7\u00e3o de uma quadra de esportes na esquina entre as ruas Paulo Moutram e Rubbo Copelli, na regi\u00e3o do Jardim Paulista, e obras de galerias de \u00e1guas pluviais na rua Marco Polo, Vila Hortol\u00e2ndia, que ser\u00e1 interditada para os trabalhos e pode sofrer alguns atrasos por causa do per\u00edodo de chuvas.<\/p>\n\n\n\n<p>J\u00e1 a Unidade de Gest\u00e3o de Mobilidade e Transporte trouxe \u00e0 discuss\u00e3o o t\u00e9rmino do Plano Municipal de Mobilidade Urbana, previsto para fevereiro e que ser\u00e1 entregue \u00e0 C\u00e2mara Municipal para ser votado, atrav\u00e9s de um projeto de lei. Antes, contudo, a Prefeitura far\u00e1 a apresenta\u00e7\u00e3o do plano para a popula\u00e7\u00e3o atrav\u00e9s de um semin\u00e1rio, que est\u00e1 em planejamento. Tamb\u00e9m foram abordados os reparos finais nas coberturas dos sete terminais de \u00f4nibus da cidade.<\/p>\n\n\n\n<p>Representantes da Unidade de Gest\u00e3o de Planejamento Urbano e Meio Ambiente falaram sobre as obras para a requalifica\u00e7\u00e3o de espa\u00e7os p\u00fablicos no bairro S\u00e3o Camilo, entre outras interven\u00e7\u00f5es relacionadas ao programa Entre a Casa e a Escola. Outras interven\u00e7\u00f5es envolvendo seguran\u00e7a no bairro Ponte S\u00e3o Jo\u00e3o, em andamento, foram tratadas.<\/p>\n\n\n\n<p>T\u00e9cnicos da DAE abordaram a execu\u00e7\u00e3o de obras na rede de esgoto na rua Bom Sucesso, no Jardim Fepasa, que ser\u00e1 feita de forma conjunta com a Unidade de Infraestrutura e Servi\u00e7os P\u00fablicos e uma construtora para a implanta\u00e7\u00e3o, tamb\u00e9m, de novas galerias de \u00e1guas pluviais no local e na rua Tiradentes.<\/p>\n\n\n\n<p>Pela Unidade de Desenvolvimento Econ\u00f4mico, Ci\u00eancia e Tecnologia, foi abordada a Lei de Inova\u00e7\u00e3o, que ser\u00e1 levada \u00e0 vota\u00e7\u00e3o na C\u00e2mara de Jundia\u00ed, e, pela Unidade de Gest\u00e3o de Agroneg\u00f3cio, Abastecimento e Turismo, a coloca\u00e7\u00e3o de ilumina\u00e7\u00e3o em 27 p\u00f3rticos de identifica\u00e7\u00e3o das rotas tur\u00edsticas da cidade, prevista para terminar em fevereiro.<\/p>\n\n\n\n<p><strong>Assessoria de Imprensa<br>Foto: fot\u00f3grafo PMJ<\/strong><\/p>\n","protected":false},"excerpt":{"rendered":"<p>Gestores e t\u00e9cnicos da Prefeitura de Jundia\u00ed realizaram, na manh\u00e3 desta segunda-feira (17), a primeira reuni\u00e3o do ano de monitoramento de obras e projetos priorit\u00e1rios das Plataformas de Gest\u00e3o de Desenvolvimento Sustent\u00e1vel e de Desenvolvimento Econ\u00f4mico, Tecnologia e Emprego. De forma virtual, a reuni\u00e3o foi conduzida pela equipe da Unidade de Gest\u00e3o de Governo e [&hellip;]<\/p>\n","protected":false},"author":71,"featured_media":284166,"comment_status":"closed","ping_status":"closed","sticky":false,"template":"","format":"standard","meta":{"footnotes":""},"categories":[2],"tags":[2680,2663,1585],"ods":[],"class_list":["post-284164","post","type-post","status-publish","format-standard","has-post-thumbnail","hentry","category-noticias","tag-monitoramento-de-projetos","tag-reuniao-de-monitoramento","tag-reuniao-de-plataforma"],"_links":{"self":[{"href":"https:\/\/jundiai.sp.gov.br\/noticias\/wp-json\/wp\/v2\/posts\/284164","targetHints":{"allow":["GET"]}}],"collection":[{"href":"https:\/\/jundiai.sp.gov.br\/noticias\/wp-json\/wp\/v2\/posts"}],"about":[{"href":"https:\/\/jundiai.sp.gov.br\/noticias\/wp-json\/wp\/v2\/types\/post"}],"author":[{"embeddable":true,"href":"https:\/\/jundiai.sp.gov.br\/noticias\/wp-json\/wp\/v2\/users\/71"}],"replies":[{"embeddable":true,"href":"https:\/\/jundiai.sp.gov.br\/noticias\/wp-json\/wp\/v2\/comments?post=284164"}],"version-history":[{"count":1,"href":"https:\/\/jundiai.sp.gov.br\/noticias\/wp-json\/wp\/v2\/posts\/284164\/revisions"}],"predecessor-version":[{"id":284168,"href":"https:\/\/jundiai.sp.gov.br\/noticias\/wp-json\/wp\/v2\/posts\/284164\/revisions\/284168"}],"wp:featuredmedia":[{"embeddable":true,"href":"https:\/\/jundiai.sp.gov.br\/noticias\/wp-json\/wp\/v2\/media\/284166"}],"wp:attachment":[{"href":"https:\/\/jundiai.sp.gov.br\/noticias\/wp-json\/wp\/v2\/media?parent=284164"}],"wp:term":[{"taxonomy":"category","embeddable":true,"href":"https:\/\/jundiai.sp.gov.br\/noticias\/wp-json\/wp\/v2\/categories?post=284164"},{"taxonomy":"post_tag","embeddable":true,"href":"https:\/\/jundiai.sp.gov.br\/noticias\/wp-json\/wp\/v2\/tags?post=284164"},{"taxonomy":"ods","embeddable":true,"href":"https:\/\/jundiai.sp.gov.br\/noticias\/wp-json\/wp\/v2\/ods?post=284164"}],"curies":[{"name":"wp","href":"https:\/\/api.w.org\/{rel}","templated":true}]}}