{"id":284176,"date":"2022-01-17T16:28:23","date_gmt":"2022-01-17T19:28:23","guid":{"rendered":"https:\/\/jundiai.sp.gov.br\/noticias\/?p=284176"},"modified":"2022-01-17T16:46:40","modified_gmt":"2022-01-17T19:46:40","slug":"passagem-que-da-acesso-ao-bairro-corrupira-ganha-nova-iluminacao-e-pintura","status":"publish","type":"post","link":"https:\/\/jundiai.sp.gov.br\/noticias\/2022\/01\/17\/passagem-que-da-acesso-ao-bairro-corrupira-ganha-nova-iluminacao-e-pintura\/","title":{"rendered":"Passagem que d\u00e1 acesso ao bairro Corrupira ganha nova ilumina\u00e7\u00e3o e pintura"},"content":{"rendered":"\n<p>A passagem que liga a rodovia Geraldo Dias \u00e0 avenida Nicola Accieri, acesso ao Corrupira e outros bairros, recebeu nova ilumina\u00e7\u00e3o e pintura, com o objetivo de refor\u00e7ar a seguran\u00e7a no local. Em breve, essa \u00e1rea tamb\u00e9m receber\u00e1 mais c\u00e2meras de seguran\u00e7a. Assim que instalados, esses equipamentos ser\u00e3o integrados ao sistema de videomonitoramento da Guarda Municipal.<\/p>\n\n\n\n<p>Esses e outros investimentos foram anunciados aos moradores da Regi\u00e3o em uma reuni\u00e3o ocorrida em 16 de dezembro no sal\u00e3o de festas da Igreja Nossa Senhora Auxiliadora. \u201cFizemos uma reuni\u00e3o produtiva com os moradores e as mudan\u00e7as j\u00e1 est\u00e3o acontecendo na regi\u00e3o do Corrupira\u201d, observa a gestora de Seguran\u00e7a Municipal, Cel. Carla Basson. \u201cSabemos que mais ilumina\u00e7\u00e3o e pintura significam mais visibilidade e mais seguran\u00e7a para quem passa pelo local\u201d, diz a gestora. \u201cAl\u00e9m disso, j\u00e1 temos c\u00e2mera de vigil\u00e2ncia nesse ponto e as viaturas da Guarda Municipal fazem rondas permanentes pelo bairro.\u201d<\/p>\n\n\n\n<figure class=\"wp-block-image size-full\"><img loading=\"lazy\" decoding=\"async\" width=\"1280\" height=\"853\" src=\"https:\/\/jundiai.sp.gov.br\/noticias\/wp-content\/uploads\/sites\/32\/2022\/01\/passagem_monitorada_corrupira-37.jpg\" alt=\"\" class=\"wp-image-284178\" srcset=\"https:\/\/jundiai.sp.gov.br\/noticias\/wp-content\/uploads\/sites\/32\/2022\/01\/passagem_monitorada_corrupira-37.jpg 1280w, https:\/\/jundiai.sp.gov.br\/noticias\/wp-content\/uploads\/sites\/32\/2022\/01\/passagem_monitorada_corrupira-37-300x200.jpg 300w, https:\/\/jundiai.sp.gov.br\/noticias\/wp-content\/uploads\/sites\/32\/2022\/01\/passagem_monitorada_corrupira-37-768x512.jpg 768w, https:\/\/jundiai.sp.gov.br\/noticias\/wp-content\/uploads\/sites\/32\/2022\/01\/passagem_monitorada_corrupira-37-450x300.jpg 450w\" sizes=\"auto, (max-width: 1280px) 100vw, 1280px\" \/><figcaption> Ilumina\u00e7\u00e3o e pintura trazem mais visibilidade e mais seguran\u00e7a para quem passa pelo local<\/figcaption><\/figure>\n\n\n\n<p><strong>Novo vi\u00e1rio<br><\/strong>Outros investimentos ser\u00e3o realizados pela Prefeitura de Jundia\u00ed na regi\u00e3o do Corrupira. Eles comp\u00f5em o projeto de um novo sistema vi\u00e1rio que inclui a constru\u00e7\u00e3o de um viaduto sobre a rodovia Geraldo Dias e uma nova via marginal de acesso&nbsp; para a avenida Nicola Accieri. Dessa forma, quem trafega pelo local poder\u00e1 acessar o bairro sem utilizar a passagem inferior \u00e0 ferrovia &#8211; favorecendo a mobilidade na regi\u00e3o. Tamb\u00e9m ser\u00e1 constru\u00edda outra via marginal do lado oposto da rodovia. Esses investimentos s\u00e3o de responsabilidade da Prefeitura e o viaduto ficar\u00e1 a cargo de uma contrapartida da iniciativa privada.<\/p>\n\n\n\n<p>O gestor de Governo e Finan\u00e7as, Jos\u00e9 Antonio Parimoschi, explica que h\u00e1 recursos garantidos no Plano Plurianual (PPA) 2022-2025 e na LOA 2022 para tirar o projeto do novo vi\u00e1rio do papel. \u201cEssa obra \u00e9 prioridade do governo municipal, por se tratar de uma demanda antiga dos moradores. Estamos prestando contas \u00e0 comunidade de forma permanente, com o objetivo de informar todos os avan\u00e7os do projeto e refor\u00e7ar os la\u00e7os de transpar\u00eancia na rela\u00e7\u00e3o com a popula\u00e7\u00e3o\u201d, observa. \u201c\u00c9 importante lembrar que o novo acesso ao bairro passou por altera\u00e7\u00f5es em raz\u00e3o da implanta\u00e7\u00e3o das linhas do Trem Intercidades (TIC) pelo Governo do Estado. Isso causou atrasos nos projetos do munic\u00edpio. Tamb\u00e9m \u00e9 importante esclarecer que estamos realizando algumas mudan\u00e7as no projeto do viaduto para buscar sua aprova\u00e7\u00e3o junto \u00e0 Ag\u00eancia Nacional de Transportes Terrestres (ANTT), \u00f3rg\u00e3o federal respons\u00e1vel pela concess\u00e3o ferrovi\u00e1ria e que precisa autorizar a execu\u00e7\u00e3o dessa obra.\u201d<\/p>\n\n\n\n<figure class=\"wp-block-image size-full\"><img loading=\"lazy\" decoding=\"async\" width=\"1280\" height=\"853\" src=\"https:\/\/jundiai.sp.gov.br\/noticias\/wp-content\/uploads\/sites\/32\/2022\/01\/passagem_monitorada_corrupira-29.jpg\" alt=\"\" class=\"wp-image-284180\" srcset=\"https:\/\/jundiai.sp.gov.br\/noticias\/wp-content\/uploads\/sites\/32\/2022\/01\/passagem_monitorada_corrupira-29.jpg 1280w, https:\/\/jundiai.sp.gov.br\/noticias\/wp-content\/uploads\/sites\/32\/2022\/01\/passagem_monitorada_corrupira-29-300x200.jpg 300w, https:\/\/jundiai.sp.gov.br\/noticias\/wp-content\/uploads\/sites\/32\/2022\/01\/passagem_monitorada_corrupira-29-768x512.jpg 768w, https:\/\/jundiai.sp.gov.br\/noticias\/wp-content\/uploads\/sites\/32\/2022\/01\/passagem_monitorada_corrupira-29-450x300.jpg 450w\" sizes=\"auto, (max-width: 1280px) 100vw, 1280px\" \/><figcaption>Al\u00e9m de c\u00e2mera j\u00e1 instalada, local receber\u00e1 novos equipamentos em breve para aumento da seguran\u00e7a<\/figcaption><\/figure>\n\n\n\n<p><strong>Assessoria de Imprensa<br>Foto: fot\u00f3grafo PMJ<\/strong><\/p>\n","protected":false},"excerpt":{"rendered":"<p>A passagem que liga a rodovia Geraldo Dias \u00e0 avenida Nicola Accieri, acesso ao Corrupira e outros bairros, recebeu nova ilumina\u00e7\u00e3o e pintura, com o objetivo de refor\u00e7ar a seguran\u00e7a no local. Em breve, essa \u00e1rea tamb\u00e9m receber\u00e1 mais c\u00e2meras de seguran\u00e7a. Assim que instalados, esses equipamentos ser\u00e3o integrados ao sistema de videomonitoramento da Guarda [&hellip;]<\/p>\n","protected":false},"author":71,"featured_media":284180,"comment_status":"closed","ping_status":"closed","sticky":false,"template":"","format":"standard","meta":{"footnotes":""},"categories":[2],"tags":[2683,31,2682,1219,2684],"ods":[],"class_list":["post-284176","post","type-post","status-publish","format-standard","has-post-thumbnail","hentry","category-noticias","tag-corrupira","tag-guarda-municipal","tag-passagem","tag-seguranca","tag-viario-municipal"],"_links":{"self":[{"href":"https:\/\/jundiai.sp.gov.br\/noticias\/wp-json\/wp\/v2\/posts\/284176","targetHints":{"allow":["GET"]}}],"collection":[{"href":"https:\/\/jundiai.sp.gov.br\/noticias\/wp-json\/wp\/v2\/posts"}],"about":[{"href":"https:\/\/jundiai.sp.gov.br\/noticias\/wp-json\/wp\/v2\/types\/post"}],"author":[{"embeddable":true,"href":"https:\/\/jundiai.sp.gov.br\/noticias\/wp-json\/wp\/v2\/users\/71"}],"replies":[{"embeddable":true,"href":"https:\/\/jundiai.sp.gov.br\/noticias\/wp-json\/wp\/v2\/comments?post=284176"}],"version-history":[{"count":2,"href":"https:\/\/jundiai.sp.gov.br\/noticias\/wp-json\/wp\/v2\/posts\/284176\/revisions"}],"predecessor-version":[{"id":284183,"href":"https:\/\/jundiai.sp.gov.br\/noticias\/wp-json\/wp\/v2\/posts\/284176\/revisions\/284183"}],"wp:featuredmedia":[{"embeddable":true,"href":"https:\/\/jundiai.sp.gov.br\/noticias\/wp-json\/wp\/v2\/media\/284180"}],"wp:attachment":[{"href":"https:\/\/jundiai.sp.gov.br\/noticias\/wp-json\/wp\/v2\/media?parent=284176"}],"wp:term":[{"taxonomy":"category","embeddable":true,"href":"https:\/\/jundiai.sp.gov.br\/noticias\/wp-json\/wp\/v2\/categories?post=284176"},{"taxonomy":"post_tag","embeddable":true,"href":"https:\/\/jundiai.sp.gov.br\/noticias\/wp-json\/wp\/v2\/tags?post=284176"},{"taxonomy":"ods","embeddable":true,"href":"https:\/\/jundiai.sp.gov.br\/noticias\/wp-json\/wp\/v2\/ods?post=284176"}],"curies":[{"name":"wp","href":"https:\/\/api.w.org\/{rel}","templated":true}]}}