{"id":284243,"date":"2022-01-18T17:26:43","date_gmt":"2022-01-18T20:26:43","guid":{"rendered":"https:\/\/jundiai.sp.gov.br\/noticias\/?p=284243"},"modified":"2022-01-18T17:26:43","modified_gmt":"2022-01-18T20:26:43","slug":"circuito-das-frutas-promove-a-primeira-reuniao-dos-prefeitos-e-define-planejamento-para-2022","status":"publish","type":"post","link":"https:\/\/jundiai.sp.gov.br\/noticias\/2022\/01\/18\/circuito-das-frutas-promove-a-primeira-reuniao-dos-prefeitos-e-define-planejamento-para-2022\/","title":{"rendered":"Circuito das Frutas promove a primeira reuni\u00e3o dos prefeitos e define planejamento para 2022"},"content":{"rendered":"\n<p>Os prefeitos e representantes das 10 cidades do Cons\u00f3rcio Circuito das Frutas participaram, na manh\u00e3 desta ter\u00e7a-feira (18), da primeira reuni\u00e3o de 2022, que definiu o planejamento das a\u00e7\u00f5es a serem realizadas durante este ano.&nbsp;<\/p>\n\n\n\n<p>A pauta da reuni\u00e3o teve in\u00edcio com a aprova\u00e7\u00e3o do Balan\u00e7o Cont\u00e1bil de 2021 e os processos de compra para 2022. Em seguida, foi realizada a apresenta\u00e7\u00e3o do Planejamento para 2022 e os servi\u00e7os previstos a serem contratados.&nbsp;<\/p>\n\n\n\n<p>\u201cO planejamento \u00e9 primordial para nortear os trabalhos a serem realizados durante este ano. Vamos trabalhar para alavancar ainda mais o turismo do Circuito das Frutas, inclusive com op\u00e7\u00f5es de busca por sistema de intelig\u00eancia tur\u00edstica\u201d, comentou o prefeito de Jundia\u00ed e presidente do Circuito das Frutas, Luiz Fernando Machado.<\/p>\n\n\n\n<p>Para 2022, est\u00e3o previstos projetos para fomento ao turismo, ampliar a visibilidade da regi\u00e3o, do fluxo tur\u00edstico e tamb\u00e9m aprimorar o posicionamento de comunica\u00e7\u00e3o do Cons\u00f3rcio. \u201cA aplica\u00e7\u00e3o dos projetos, de maneira integrada dentro do Circuito das Frutas, vai colocar a gente em destaque e trazer muitos benef\u00edcios para as cidades e a regi\u00e3o, principalmente para todos os empreendimentos, n\u00e3o s\u00f3 de turismo rural, mas para toda a cadeia produtiva\u201d, afirmou a diretora do Departamento de\u00a0 Fomento ao Turismo da Unidade de Agroneg\u00f3cio, Abastecimento e Turismo (UGAAT), Marcela Moro.<\/p>\n\n\n\n<p>O gestor da UGAAT, Eduardo Alvarez, salienta tamb\u00e9m sobre importantes a\u00e7\u00f5es para serem desenvolvidas. \u201c\u00c9 importante refor\u00e7ar junto ao Governo do Estado sobre o Projeto Vitivin\u00edcola para o Circuito das Frutas, capaz de incubar nossos produtos de Vinho e que atenda a produ\u00e7\u00e3o de Suco de Uva\u201d, lembrou.<\/p>\n\n\n\n<p>O Circuito das Frutas \u00e9 formado por dez munic\u00edpios: Atibaia, Indaiatuba, Itatiba, Itupeva, Jarinu, Jundia\u00ed, Louveira, Morungaba, Valinhos e Vinhedo.<\/p>\n\n\n\n<figure class=\"wp-block-image size-full\"><img loading=\"lazy\" decoding=\"async\" width=\"1280\" height=\"854\" src=\"https:\/\/jundiai.sp.gov.br\/noticias\/wp-content\/uploads\/sites\/32\/2021\/07\/turismo_traviu_adega_santa_cecilia-17.jpg\" alt=\"\" class=\"wp-image-272365\" srcset=\"https:\/\/jundiai.sp.gov.br\/noticias\/wp-content\/uploads\/sites\/32\/2021\/07\/turismo_traviu_adega_santa_cecilia-17.jpg 1280w, https:\/\/jundiai.sp.gov.br\/noticias\/wp-content\/uploads\/sites\/32\/2021\/07\/turismo_traviu_adega_santa_cecilia-17-300x200.jpg 300w, https:\/\/jundiai.sp.gov.br\/noticias\/wp-content\/uploads\/sites\/32\/2021\/07\/turismo_traviu_adega_santa_cecilia-17-768x512.jpg 768w, https:\/\/jundiai.sp.gov.br\/noticias\/wp-content\/uploads\/sites\/32\/2021\/07\/turismo_traviu_adega_santa_cecilia-17-450x300.jpg 450w\" sizes=\"auto, (max-width: 1280px) 100vw, 1280px\" \/><figcaption>Turismo rural \u00e9 o grande atrativo das cidades do Circuito das Frutas<\/figcaption><\/figure>\n\n\n\n<p><strong>Assessoria de Imprensa<br>Fotos: Fot\u00f3grafos PMJ<\/strong><\/p>\n","protected":false},"excerpt":{"rendered":"<p>Os prefeitos e representantes das 10 cidades do Cons\u00f3rcio Circuito das Frutas participaram, na manh\u00e3 desta ter\u00e7a-feira (18), da primeira reuni\u00e3o de 2022, que definiu o planejamento das a\u00e7\u00f5es a serem realizadas durante este ano.&nbsp; A pauta da reuni\u00e3o teve in\u00edcio com a aprova\u00e7\u00e3o do Balan\u00e7o Cont\u00e1bil de 2021 e os processos de compra para [&hellip;]<\/p>\n","protected":false},"author":70,"featured_media":272365,"comment_status":"closed","ping_status":"closed","sticky":false,"template":"","format":"standard","meta":{"footnotes":""},"categories":[2],"tags":[974,305,1330,1315,2039],"ods":[],"class_list":["post-284243","post","type-post","status-publish","format-standard","has-post-thumbnail","hentry","category-noticias","tag-agronegocio-abastecimento-e-turismo","tag-circuito-das-frutas","tag-luiz-fernando-machado","tag-turismo","tag-turismo-rural"],"_links":{"self":[{"href":"https:\/\/jundiai.sp.gov.br\/noticias\/wp-json\/wp\/v2\/posts\/284243","targetHints":{"allow":["GET"]}}],"collection":[{"href":"https:\/\/jundiai.sp.gov.br\/noticias\/wp-json\/wp\/v2\/posts"}],"about":[{"href":"https:\/\/jundiai.sp.gov.br\/noticias\/wp-json\/wp\/v2\/types\/post"}],"author":[{"embeddable":true,"href":"https:\/\/jundiai.sp.gov.br\/noticias\/wp-json\/wp\/v2\/users\/70"}],"replies":[{"embeddable":true,"href":"https:\/\/jundiai.sp.gov.br\/noticias\/wp-json\/wp\/v2\/comments?post=284243"}],"version-history":[{"count":3,"href":"https:\/\/jundiai.sp.gov.br\/noticias\/wp-json\/wp\/v2\/posts\/284243\/revisions"}],"predecessor-version":[{"id":284256,"href":"https:\/\/jundiai.sp.gov.br\/noticias\/wp-json\/wp\/v2\/posts\/284243\/revisions\/284256"}],"wp:featuredmedia":[{"embeddable":true,"href":"https:\/\/jundiai.sp.gov.br\/noticias\/wp-json\/wp\/v2\/media\/272365"}],"wp:attachment":[{"href":"https:\/\/jundiai.sp.gov.br\/noticias\/wp-json\/wp\/v2\/media?parent=284243"}],"wp:term":[{"taxonomy":"category","embeddable":true,"href":"https:\/\/jundiai.sp.gov.br\/noticias\/wp-json\/wp\/v2\/categories?post=284243"},{"taxonomy":"post_tag","embeddable":true,"href":"https:\/\/jundiai.sp.gov.br\/noticias\/wp-json\/wp\/v2\/tags?post=284243"},{"taxonomy":"ods","embeddable":true,"href":"https:\/\/jundiai.sp.gov.br\/noticias\/wp-json\/wp\/v2\/ods?post=284243"}],"curies":[{"name":"wp","href":"https:\/\/api.w.org\/{rel}","templated":true}]}}