{"id":284369,"date":"2022-01-24T08:00:00","date_gmt":"2022-01-24T11:00:00","guid":{"rendered":"https:\/\/jundiai.sp.gov.br\/noticias\/?p=284369"},"modified":"2022-01-21T14:02:10","modified_gmt":"2022-01-21T17:02:10","slug":"epoca-de-ferias-escolares-e-hora-de-obras-e-manutencoes-nas-escolas-municipais","status":"publish","type":"post","link":"https:\/\/jundiai.sp.gov.br\/noticias\/2022\/01\/24\/epoca-de-ferias-escolares-e-hora-de-obras-e-manutencoes-nas-escolas-municipais\/","title":{"rendered":"\u00c9poca de f\u00e9rias escolares \u00e9 hora de obras e manuten\u00e7\u00f5es nas escolas municipais"},"content":{"rendered":"\n<p>Com o recesso escolar, a Unidade de Gest\u00e3o de Educa\u00e7\u00e3o (UGE) aproveita as escolas sem estudantes e educadores para promover melhorias e manuten\u00e7\u00f5es nos pr\u00e9dios e espa\u00e7os f\u00edsicos. O trabalho faz parte da ambi\u00eancia escolar, um dos tr\u00eas principais eixos do programa Escola Inovadora, lan\u00e7ado pela atual gest\u00e3o, em 2018.<\/p>\n\n\n\n<p>Al\u00e9m de pequenas interven\u00e7\u00f5es e manuten\u00e7\u00f5es necess\u00e1rias nas unidades escolares, o Departamento de Obras e Manuten\u00e7\u00e3o Escolar executa obras na EMEB Professora Ruth Carturan Wiemann, Professora Brigida Gatto Rodrigues e continuidade na reforma da Professor An\u00e9zio de Oliveira.<\/p>\n\n\n\n<p>No Jardim Messina, a antiga casa de bonecas da EMEB Brigida Gatto come\u00e7a a dar lugar a um espa\u00e7o aberto, que vai receber cobertura, al\u00e9m da revitaliza\u00e7\u00e3o do jardim para o desenvolvimento de atividades na \u00e1rea externa. A escola tamb\u00e9m ganha nova pintura nos ambientes.<\/p>\n\n\n\n<figure class=\"wp-block-image size-full\"><img loading=\"lazy\" decoding=\"async\" width=\"1280\" height=\"853\" src=\"https:\/\/jundiai.sp.gov.br\/noticias\/wp-content\/uploads\/sites\/32\/2022\/01\/emeb-brigida-gatto-11.jpg\" alt=\"\" class=\"wp-image-284375\" srcset=\"https:\/\/jundiai.sp.gov.br\/noticias\/wp-content\/uploads\/sites\/32\/2022\/01\/emeb-brigida-gatto-11.jpg 1280w, https:\/\/jundiai.sp.gov.br\/noticias\/wp-content\/uploads\/sites\/32\/2022\/01\/emeb-brigida-gatto-11-300x200.jpg 300w, https:\/\/jundiai.sp.gov.br\/noticias\/wp-content\/uploads\/sites\/32\/2022\/01\/emeb-brigida-gatto-11-768x512.jpg 768w, https:\/\/jundiai.sp.gov.br\/noticias\/wp-content\/uploads\/sites\/32\/2022\/01\/emeb-brigida-gatto-11-450x300.jpg 450w\" sizes=\"auto, (max-width: 1280px) 100vw, 1280px\" \/><figcaption>EMEB Br\u00edgida Gatto recebe melhorias como pintura e novos espa\u00e7os para brincar<\/figcaption><\/figure>\n\n\n\n<p>A revitaliza\u00e7\u00e3o tamb\u00e9m est\u00e1 presente na EMEB Ruth Carturan, no Jardim Tarum\u00e3. \u201cPor l\u00e1 est\u00e1 sendo realizada adequa\u00e7\u00e3o da cozinha para novos equipamentos que v\u00e3o melhor atender os estudantes, revis\u00e3o hidr\u00e1ulica e el\u00e9trica, pintura dos ambientes e a revitaliza\u00e7\u00e3o do espa\u00e7o de brincar na \u00e1rea externa\u201d, explicou o diretor do Departamento de Obras e Manuten\u00e7\u00e3o Escolar, Jefferson Spina.<\/p>\n\n\n\n<p>Aprimorar os ambientes com foco nas \u00e1reas ao ar livre, \u00e9 o principal objetivo da ambi\u00eancia escolar. \u201cO programa Escola Inovadora visa promover e oferecer ambientes organizados e com aten\u00e7\u00e3o aos espa\u00e7os ao ar livre, em contato com a natureza e nas \u00e1reas externas, essa possibilidade de trabalhar com os espa\u00e7os abertos significa pensar na qualidade das aprendizagens e nos aprofundamento dos conhecimentos.&nbsp; Aproveitamos o per\u00edodo de recesso escolar para poder executar obras e manuten\u00e7\u00f5es nas escolas\u201d, enfatiza a gestora de Educa\u00e7\u00e3o, Vast\u00ed Ferrari Marques.<\/p>\n\n\n\n<p><strong>Uma nova escola<\/strong><\/p>\n\n\n\n<p>Al\u00e9m de pequenas interven\u00e7\u00f5es, a UGE continua com as obras para a completa reforma e amplia\u00e7\u00e3o da EMEB dos Sonhos Professor An\u00e9zio de Oliveira, na Vila Marlene. Com investimentos na ordem de R$ 1,7 milh\u00e3o, as obras est\u00e3o sendo realizadas pela Unidade de Gest\u00e3o de Educa\u00e7\u00e3o (UGE) com recursos do programa Avan\u00e7a Jundia\u00ed.<\/p>\n\n\n\n<p>As interven\u00e7\u00f5es compreendem a remo\u00e7\u00e3o e substitui\u00e7\u00e3o de revestimento das paredes; impermeabiliza\u00e7\u00e3o; trocas de divis\u00f3rias, portas e janelas; amplia\u00e7\u00e3o de quatro novas salas de aula; constru\u00e7\u00e3o de novo anexo de banheiros; reforma de vesti\u00e1rios; revis\u00e3o de telhados, calhas e rufos; revis\u00e3o das instala\u00e7\u00f5es hidr\u00e1ulicas e el\u00e9tricas; adequa\u00e7\u00e3o de cozinha e pintura geral.<\/p>\n\n\n\n<figure class=\"wp-block-image size-full\"><img loading=\"lazy\" decoding=\"async\" width=\"1280\" height=\"721\" src=\"https:\/\/jundiai.sp.gov.br\/noticias\/wp-content\/uploads\/sites\/32\/2022\/01\/reforma_emeb_anezio.jpg\" alt=\"\" class=\"wp-image-284373\" srcset=\"https:\/\/jundiai.sp.gov.br\/noticias\/wp-content\/uploads\/sites\/32\/2022\/01\/reforma_emeb_anezio.jpg 1280w, https:\/\/jundiai.sp.gov.br\/noticias\/wp-content\/uploads\/sites\/32\/2022\/01\/reforma_emeb_anezio-300x169.jpg 300w, https:\/\/jundiai.sp.gov.br\/noticias\/wp-content\/uploads\/sites\/32\/2022\/01\/reforma_emeb_anezio-768x433.jpg 768w\" sizes=\"auto, (max-width: 1280px) 100vw, 1280px\" \/><figcaption>Carinhosamente chamada de EMEB dos Sonhos, An\u00e9zio segue com obras de ambi\u00eancia escolar<\/figcaption><\/figure>\n\n\n\n<p>Carinhosamente conhecida no bairro como Escola dos Sonhos, a Emeb j\u00e1 recebeu outros investimentos na ordem de R$ 594 mil, para a revitaliza\u00e7\u00e3o e cobertura de uma quadra poliesportiva de 889 metros quadrados.&nbsp;<\/p>\n\n\n\n<p>Desde o in\u00edcio do programa Escola Inovadora, j\u00e1 foram entregues 33 obras em unidades escolares municipais de Jundia\u00ed. A \u00faltima entrega, realizada em dezembro de 2021, foi a EMEB Professor Joaquim Candel\u00e1rio de Freitas, a maior e mais tecnol\u00f3gica unidade da Escola Inovadora.<\/p>\n\n\n\n<p><strong>Assessoria de Imprensa<\/strong><br><strong>Fotos: Fot\u00f3grafos PMJ<\/strong><\/p>\n","protected":false},"excerpt":{"rendered":"<p>Com o recesso escolar, a Unidade de Gest\u00e3o de Educa\u00e7\u00e3o (UGE) aproveita as escolas sem estudantes e educadores para promover melhorias e manuten\u00e7\u00f5es nos pr\u00e9dios e espa\u00e7os f\u00edsicos. O trabalho faz parte da ambi\u00eancia escolar, um dos tr\u00eas principais eixos do programa Escola Inovadora, lan\u00e7ado pela atual gest\u00e3o, em 2018. Al\u00e9m de pequenas interven\u00e7\u00f5es e [&hellip;]<\/p>\n","protected":false},"author":70,"featured_media":284375,"comment_status":"closed","ping_status":"closed","sticky":false,"template":"","format":"standard","meta":{"footnotes":""},"categories":[2],"tags":[1990,6,1061],"ods":[],"class_list":["post-284369","post","type-post","status-publish","format-standard","has-post-thumbnail","hentry","category-noticias","tag-ambiencia-escolar","tag-educacao","tag-escola-inovadora"],"_links":{"self":[{"href":"https:\/\/jundiai.sp.gov.br\/noticias\/wp-json\/wp\/v2\/posts\/284369","targetHints":{"allow":["GET"]}}],"collection":[{"href":"https:\/\/jundiai.sp.gov.br\/noticias\/wp-json\/wp\/v2\/posts"}],"about":[{"href":"https:\/\/jundiai.sp.gov.br\/noticias\/wp-json\/wp\/v2\/types\/post"}],"author":[{"embeddable":true,"href":"https:\/\/jundiai.sp.gov.br\/noticias\/wp-json\/wp\/v2\/users\/70"}],"replies":[{"embeddable":true,"href":"https:\/\/jundiai.sp.gov.br\/noticias\/wp-json\/wp\/v2\/comments?post=284369"}],"version-history":[{"count":4,"href":"https:\/\/jundiai.sp.gov.br\/noticias\/wp-json\/wp\/v2\/posts\/284369\/revisions"}],"predecessor-version":[{"id":284466,"href":"https:\/\/jundiai.sp.gov.br\/noticias\/wp-json\/wp\/v2\/posts\/284369\/revisions\/284466"}],"wp:featuredmedia":[{"embeddable":true,"href":"https:\/\/jundiai.sp.gov.br\/noticias\/wp-json\/wp\/v2\/media\/284375"}],"wp:attachment":[{"href":"https:\/\/jundiai.sp.gov.br\/noticias\/wp-json\/wp\/v2\/media?parent=284369"}],"wp:term":[{"taxonomy":"category","embeddable":true,"href":"https:\/\/jundiai.sp.gov.br\/noticias\/wp-json\/wp\/v2\/categories?post=284369"},{"taxonomy":"post_tag","embeddable":true,"href":"https:\/\/jundiai.sp.gov.br\/noticias\/wp-json\/wp\/v2\/tags?post=284369"},{"taxonomy":"ods","embeddable":true,"href":"https:\/\/jundiai.sp.gov.br\/noticias\/wp-json\/wp\/v2\/ods?post=284369"}],"curies":[{"name":"wp","href":"https:\/\/api.w.org\/{rel}","templated":true}]}}