{"id":284462,"date":"2022-01-21T14:03:19","date_gmt":"2022-01-21T17:03:19","guid":{"rendered":"https:\/\/jundiai.sp.gov.br\/noticias\/?p=284462"},"modified":"2022-01-21T14:03:19","modified_gmt":"2022-01-21T17:03:19","slug":"doacao-de-multivitaminicos-a-prefeitura-sera-destinada-a-profissionais-da-rede-de-saude","status":"publish","type":"post","link":"https:\/\/jundiai.sp.gov.br\/noticias\/2022\/01\/21\/doacao-de-multivitaminicos-a-prefeitura-sera-destinada-a-profissionais-da-rede-de-saude\/","title":{"rendered":"Doa\u00e7\u00e3o de multivitam\u00ednicos \u00e0 Prefeitura ser\u00e1 destinada a profissionais da rede de Sa\u00fade"},"content":{"rendered":"\n<p>A Prefeitura recebeu na manh\u00e3 desta sexta-feira (21) uma doa\u00e7\u00e3o de multivitam\u00ednicos da empresa Amway. No total, foram entregues 1.185 unidades Daily Plus, suplemento com vitaminas, minerais e fitonutrientes, e que ser\u00e3o destinados a profissionais da Unidade de Gest\u00e3o de Promo\u00e7\u00e3o da Sa\u00fade (UGPS).<\/p>\n\n\n\n<p>A entrega, realizada no Pa\u00e7o Municipal, foi acompanhada pela gestora-adjunta da UGPS, Dayane Martins.<\/p>\n\n\n\n<p>\u201cEstes multivitam\u00ednicos ser\u00e3o destinados aos profissionais de sa\u00fade que atuam no front de enfrentamento \u00e0 pandemia. Com o aumento do n\u00famero de atendimentos de usu\u00e1rios com sintomas gripais, quisemos demonstrar a nossa preocupa\u00e7\u00e3o e prote\u00e7\u00e3o com estes profissionais. Agradecemos a empresa pela iniciativa e por este olhar beneficente de disponibilizar itens de qualidade como este na forma de doa\u00e7\u00e3o. Iniciativas como esta tornam o mundo melhor\u201d.<\/p>\n\n\n\n<p>A doa\u00e7\u00e3o foi articulada pela Rede Jundia\u00ed de Coopera\u00e7\u00e3o, \u00f3rg\u00e3o vinculado \u00e0 Unidade de Gest\u00e3o de Governo e Finan\u00e7as (UGGF) da Prefeitura, e que efetiva todos os processos a partir da Lei 8.901\/2018, que regulamenta apoio privado \u00e0s a\u00e7\u00f5es de interesse p\u00fablico. Para o gestor da UGGF, Jos\u00e9 Antonio Parimoschi, elogiou a iniciativa. \u201cA pandemia fez com que a sociedade abrisse o seu olhar para a import\u00e2ncia do trabalho que os profissionais de sa\u00fade prestam \u00e0 sociedade. Sem conta que esta atitude da Amway, digna de cumprimentos, atesta a sua confian\u00e7a na transpar\u00eancia da Prefeitura na condu\u00e7\u00e3o do enfrentamento ao v\u00edrus\u201d.<\/p>\n\n\n\n<figure class=\"wp-block-image size-full\"><img loading=\"lazy\" decoding=\"async\" width=\"1280\" height=\"853\" src=\"https:\/\/jundiai.sp.gov.br\/noticias\/wp-content\/uploads\/sites\/32\/2022\/01\/doacao-de-medicamentos-empresa-amway-para-a-saude_c_-4.jpg\" alt=\"\" class=\"wp-image-284463\" srcset=\"https:\/\/jundiai.sp.gov.br\/noticias\/wp-content\/uploads\/sites\/32\/2022\/01\/doacao-de-medicamentos-empresa-amway-para-a-saude_c_-4.jpg 1280w, https:\/\/jundiai.sp.gov.br\/noticias\/wp-content\/uploads\/sites\/32\/2022\/01\/doacao-de-medicamentos-empresa-amway-para-a-saude_c_-4-300x200.jpg 300w, https:\/\/jundiai.sp.gov.br\/noticias\/wp-content\/uploads\/sites\/32\/2022\/01\/doacao-de-medicamentos-empresa-amway-para-a-saude_c_-4-768x512.jpg 768w, https:\/\/jundiai.sp.gov.br\/noticias\/wp-content\/uploads\/sites\/32\/2022\/01\/doacao-de-medicamentos-empresa-amway-para-a-saude_c_-4-450x300.jpg 450w\" sizes=\"auto, (max-width: 1280px) 100vw, 1280px\" \/><figcaption> Multivitam\u00ednicos ser\u00e3o destinados aos profissionais da UGPS que atuam no enfrentamento \u00e0 pandemia<\/figcaption><\/figure>\n\n\n\n<p>Segundo o coordenador de log\u00edstica da empresa, Thiago Infante, a destina\u00e7\u00e3o de doa\u00e7\u00f5es como esta s\u00e3o uma pr\u00e1tica comum da empresa. \u201cEsta \u00e9 uma iniciativa que a empresa realiza em todos os pa\u00edses em que se encontra e, no Brasil, buscamos atuar nos entornos de nossos Munic\u00edpios de opera\u00e7\u00e3o, que s\u00e3o Jundia\u00ed, S\u00e3o Paulo, Recife e Cuiab\u00e1. Sempre atentos \u00e0 qualidade do produto destinado e ao momento que vivemos, \u00e9 a nossa forma de contribuir \u00e0 sociedade\u201d.<\/p>\n\n\n\n<p>A entrega das doa\u00e7\u00f5es tamb\u00e9m foi acompanhada pela diretora do Departamento de Aten\u00e7\u00e3o Ambulatorial e Hospitalar da UGPS, Daniele Cintra; e demais representantes da UGPS e da Rede.<\/p>\n\n\n\n<p><strong>Assessoria de Imprensa<br>Foto: Fot\u00f3grafos PMJ<\/strong><\/p>\n","protected":false},"excerpt":{"rendered":"<p>A Prefeitura recebeu na manh\u00e3 desta sexta-feira (21) uma doa\u00e7\u00e3o de multivitam\u00ednicos da empresa Amway. No total, foram entregues 1.185 unidades Daily Plus, suplemento com vitaminas, minerais e fitonutrientes, e que ser\u00e3o destinados a profissionais da Unidade de Gest\u00e3o de Promo\u00e7\u00e3o da Sa\u00fade (UGPS). A entrega, realizada no Pa\u00e7o Municipal, foi acompanhada pela gestora-adjunta da [&hellip;]<\/p>\n","protected":false},"author":14,"featured_media":284463,"comment_status":"closed","ping_status":"closed","sticky":false,"template":"","format":"standard","meta":{"footnotes":""},"categories":[2],"tags":[983,981,1051],"ods":[],"class_list":["post-284462","post","type-post","status-publish","format-standard","has-post-thumbnail","hentry","category-noticias","tag-governo-e-financas","tag-promocao-da-saude","tag-rede-jundiai-de-cooperacao"],"_links":{"self":[{"href":"https:\/\/jundiai.sp.gov.br\/noticias\/wp-json\/wp\/v2\/posts\/284462","targetHints":{"allow":["GET"]}}],"collection":[{"href":"https:\/\/jundiai.sp.gov.br\/noticias\/wp-json\/wp\/v2\/posts"}],"about":[{"href":"https:\/\/jundiai.sp.gov.br\/noticias\/wp-json\/wp\/v2\/types\/post"}],"author":[{"embeddable":true,"href":"https:\/\/jundiai.sp.gov.br\/noticias\/wp-json\/wp\/v2\/users\/14"}],"replies":[{"embeddable":true,"href":"https:\/\/jundiai.sp.gov.br\/noticias\/wp-json\/wp\/v2\/comments?post=284462"}],"version-history":[{"count":2,"href":"https:\/\/jundiai.sp.gov.br\/noticias\/wp-json\/wp\/v2\/posts\/284462\/revisions"}],"predecessor-version":[{"id":284465,"href":"https:\/\/jundiai.sp.gov.br\/noticias\/wp-json\/wp\/v2\/posts\/284462\/revisions\/284465"}],"wp:featuredmedia":[{"embeddable":true,"href":"https:\/\/jundiai.sp.gov.br\/noticias\/wp-json\/wp\/v2\/media\/284463"}],"wp:attachment":[{"href":"https:\/\/jundiai.sp.gov.br\/noticias\/wp-json\/wp\/v2\/media?parent=284462"}],"wp:term":[{"taxonomy":"category","embeddable":true,"href":"https:\/\/jundiai.sp.gov.br\/noticias\/wp-json\/wp\/v2\/categories?post=284462"},{"taxonomy":"post_tag","embeddable":true,"href":"https:\/\/jundiai.sp.gov.br\/noticias\/wp-json\/wp\/v2\/tags?post=284462"},{"taxonomy":"ods","embeddable":true,"href":"https:\/\/jundiai.sp.gov.br\/noticias\/wp-json\/wp\/v2\/ods?post=284462"}],"curies":[{"name":"wp","href":"https:\/\/api.w.org\/{rel}","templated":true}]}}