{"id":284640,"date":"2022-01-25T19:03:27","date_gmt":"2022-01-25T22:03:27","guid":{"rendered":"https:\/\/jundiai.sp.gov.br\/noticias\/?p=284640"},"modified":"2022-01-26T09:43:33","modified_gmt":"2022-01-26T12:43:33","slug":"vacinacao-covid-19-jundiai-amplia-idades-e-abre-posto-na-fabrica-das-infancias-japy","status":"publish","type":"post","link":"https:\/\/jundiai.sp.gov.br\/noticias\/2022\/01\/25\/vacinacao-covid-19-jundiai-amplia-idades-e-abre-posto-na-fabrica-das-infancias-japy\/","title":{"rendered":"Vacina\u00e7\u00e3o COVID-19: Jundia\u00ed amplia idades e abre posto na F\u00e1brica das Inf\u00e2ncias Japy"},"content":{"rendered":"\n<p>Nesta quarta-feira (26), a Prefeitura de Jundia\u00ed, por meio da Unidade de Gest\u00e3o de Promo\u00e7\u00e3o da Sa\u00fade (UGPS), abre duas novas agendas para vacina\u00e7\u00e3o das crian\u00e7as contra a COVID-19. \u00c0s 10h, ser\u00e1 aberto agendamento para crian\u00e7as com 8 anos ou mais para aplica\u00e7\u00e3o a partir da quarta-feira (26), e, \u00e0s 16h, a abertura ser\u00e1 para o p\u00fablico de 6 a 11 anos, com aplica\u00e7\u00e3o a partir de s\u00e1bado (29), com posto na F\u00e1brica das Inf\u00e2ncias Japy. O agendamento ser\u00e1 liberado no site da Prefeitura de Jundia\u00ed ou no APP Jundia\u00ed. <\/p>\n\n\n\n<p>As aberturas de agendas para avan\u00e7ar nas idades contam com aplica\u00e7\u00e3o tanto, nesta semana, quanto na pr\u00f3xima. Na abertura das 10h, a aplica\u00e7\u00e3o poder\u00e1 ser realizada no mesmo dia, bastando \u00e0 pessoa escolher a Unidade B\u00e1sica de Sa\u00fade (UBS) da rela\u00e7\u00e3o dispon\u00edvel. <\/p>\n\n\n\n<p>J\u00e1 no s\u00e1bado (29), al\u00e9m de ser um espa\u00e7o dedicado \u00e0 divers\u00e3o e aprendizagem das crian\u00e7as de Jundia\u00ed, a F\u00e1brica das Inf\u00e2ncias Japy, localizada na Rua Lacerda Franco, 175 &#8211; Vila Arens, receber\u00e1 um posto descentralizado de vacina\u00e7\u00e3o contra a COVID-19 para crian\u00e7as entre 6 a 11 anos. <\/p>\n\n\n\n<figure class=\"wp-block-image size-full\"><img loading=\"lazy\" decoding=\"async\" width=\"1280\" height=\"853\" src=\"https:\/\/jundiai.sp.gov.br\/noticias\/wp-content\/uploads\/sites\/32\/2022\/01\/vacinacao_infantil_ubs_caxambu-98.jpg\" alt=\"\" class=\"wp-image-284670\" srcset=\"https:\/\/jundiai.sp.gov.br\/noticias\/wp-content\/uploads\/sites\/32\/2022\/01\/vacinacao_infantil_ubs_caxambu-98.jpg 1280w, https:\/\/jundiai.sp.gov.br\/noticias\/wp-content\/uploads\/sites\/32\/2022\/01\/vacinacao_infantil_ubs_caxambu-98-300x200.jpg 300w, https:\/\/jundiai.sp.gov.br\/noticias\/wp-content\/uploads\/sites\/32\/2022\/01\/vacinacao_infantil_ubs_caxambu-98-768x512.jpg 768w, https:\/\/jundiai.sp.gov.br\/noticias\/wp-content\/uploads\/sites\/32\/2022\/01\/vacinacao_infantil_ubs_caxambu-98-450x300.jpg 450w\" sizes=\"auto, (max-width: 1280px) 100vw, 1280px\" \/><figcaption>Vacina\u00e7\u00e3o ser\u00e1 ampliada em Jundia\u00ed: at\u00e9 8 anos nesta semana e de 6 a 11 a partir de s\u00e1bado<\/figcaption><\/figure>\n\n\n\n<p>&#8220;Jundia\u00ed \u00e9 a Cidade das Crian\u00e7as e, nada melhor que o espa\u00e7o dedicado a elas receba um posto de vacina\u00e7\u00e3o aos s\u00e1bados. \u00c9 essencial que todas as idades que est\u00e3o habilitadas para receber a vacina o fa\u00e7am, para que possamos conter a COVID-19 e promover a prote\u00e7\u00e3o das pessoas mais vulner\u00e1veis aos v\u00edrus, que s\u00e3o as crian\u00e7as e os idosos&#8221;, comenta o prefeito Luiz Fernando Machado. <\/p>\n\n\n\n<p>\u00c9 essencial que, as fam\u00edlias, antes de realizarem o agendamento de local e hor\u00e1rio, fa\u00e7am o registro das informa\u00e7\u00f5es da crian\u00e7a no site VacinaJ\u00e1, do Governo do Estado. A a\u00e7\u00e3o agiliza o processo de registro das doses. <\/p>\n\n\n\n<p>Segundo o gestor da Unidade de Gest\u00e3o de Promo\u00e7\u00e3o da Sa\u00fade (UGPS), Tiago Texera, a vacina\u00e7\u00e3o das crian\u00e7as tem como preconiza\u00e7\u00e3o do Minist\u00e9rio da Sa\u00fade (MS), o acolhimento e a ambi\u00eancia para que os pequenos tenham conforto para a recep\u00e7\u00e3o da dose. &#8220;A F\u00e1brica das Inf\u00e2ncias tem o espa\u00e7o l\u00fadico que agrega conhecimento e agora, nesta etapa da campanha de vacina\u00e7\u00e3o contra a COVID-19, tamb\u00e9m ser\u00e1 espa\u00e7o para a prote\u00e7\u00e3o das nossas crian\u00e7as. Nas UBSs, o atendimento tamb\u00e9m \u00e9 garantido em ambiente acolhedor e exclusivo. Para garantir a dose, basta realizar o agendamento, no site da Prefeitura ou no APP Jundia\u00ed&#8221;, comenta. <\/p>\n\n\n\n<p><strong>Assessoria de Imprensa<\/strong><\/p>\n","protected":false},"excerpt":{"rendered":"<p>Nesta quarta-feira (26), a Prefeitura de Jundia\u00ed, por meio da Unidade de Gest\u00e3o de Promo\u00e7\u00e3o da Sa\u00fade (UGPS), abre duas novas agendas para vacina\u00e7\u00e3o das crian\u00e7as contra a COVID-19. \u00c0s 10h, ser\u00e1 aberto agendamento para crian\u00e7as com 8 anos ou mais para aplica\u00e7\u00e3o a partir da quarta-feira (26), e, \u00e0s 16h, a abertura ser\u00e1 para [&hellip;]<\/p>\n","protected":false},"author":39,"featured_media":284671,"comment_status":"closed","ping_status":"closed","sticky":false,"template":"","format":"standard","meta":{"footnotes":""},"categories":[2],"tags":[1500,29,2251,421],"ods":[],"class_list":["post-284640","post","type-post","status-publish","format-standard","has-post-thumbnail","hentry","category-noticias","tag-coronavirus","tag-cultura","tag-fabrica-das-infancias-japy","tag-vacinacao"],"_links":{"self":[{"href":"https:\/\/jundiai.sp.gov.br\/noticias\/wp-json\/wp\/v2\/posts\/284640","targetHints":{"allow":["GET"]}}],"collection":[{"href":"https:\/\/jundiai.sp.gov.br\/noticias\/wp-json\/wp\/v2\/posts"}],"about":[{"href":"https:\/\/jundiai.sp.gov.br\/noticias\/wp-json\/wp\/v2\/types\/post"}],"author":[{"embeddable":true,"href":"https:\/\/jundiai.sp.gov.br\/noticias\/wp-json\/wp\/v2\/users\/39"}],"replies":[{"embeddable":true,"href":"https:\/\/jundiai.sp.gov.br\/noticias\/wp-json\/wp\/v2\/comments?post=284640"}],"version-history":[{"count":9,"href":"https:\/\/jundiai.sp.gov.br\/noticias\/wp-json\/wp\/v2\/posts\/284640\/revisions"}],"predecessor-version":[{"id":284677,"href":"https:\/\/jundiai.sp.gov.br\/noticias\/wp-json\/wp\/v2\/posts\/284640\/revisions\/284677"}],"wp:featuredmedia":[{"embeddable":true,"href":"https:\/\/jundiai.sp.gov.br\/noticias\/wp-json\/wp\/v2\/media\/284671"}],"wp:attachment":[{"href":"https:\/\/jundiai.sp.gov.br\/noticias\/wp-json\/wp\/v2\/media?parent=284640"}],"wp:term":[{"taxonomy":"category","embeddable":true,"href":"https:\/\/jundiai.sp.gov.br\/noticias\/wp-json\/wp\/v2\/categories?post=284640"},{"taxonomy":"post_tag","embeddable":true,"href":"https:\/\/jundiai.sp.gov.br\/noticias\/wp-json\/wp\/v2\/tags?post=284640"},{"taxonomy":"ods","embeddable":true,"href":"https:\/\/jundiai.sp.gov.br\/noticias\/wp-json\/wp\/v2\/ods?post=284640"}],"curies":[{"name":"wp","href":"https:\/\/api.w.org\/{rel}","templated":true}]}}