{"id":284691,"date":"2022-01-26T18:28:32","date_gmt":"2022-01-26T21:28:32","guid":{"rendered":"https:\/\/jundiai.sp.gov.br\/noticias\/?p=284691"},"modified":"2022-01-27T14:45:57","modified_gmt":"2022-01-27T17:45:57","slug":"governo-do-estado-anuncia-rota-ciclistica-das-frutas-em-jundiai-neste-sabado-29","status":"publish","type":"post","link":"https:\/\/jundiai.sp.gov.br\/noticias\/2022\/01\/26\/governo-do-estado-anuncia-rota-ciclistica-das-frutas-em-jundiai-neste-sabado-29\/","title":{"rendered":"Governo do Estado anuncia Rota Cicl\u00edstica das Frutas em Jundia\u00ed, neste s\u00e1bado (29)"},"content":{"rendered":"\n<p>Jundia\u00ed \u00e9 uma das quatro cidades que passar\u00e3o a integrar a Rota das Frutas, uma rota cicl\u00edstica de 75 quil\u00f4metros de extens\u00e3o que tamb\u00e9m percorrer\u00e1 Louveira, Vinhedo e Itatiba. Seu lan\u00e7amento ser\u00e1 no s\u00e1bado (29). O an\u00fancio foi feito nesta quarta-feira (26) em uma coletiva de imprensa no Pal\u00e1cio dos Bandeirantes, na capital, com a participa\u00e7\u00e3o do prefeito Luiz Fernando Machado.<\/p>\n\n\n\n<p>A iniciativa faz parte do projeto Ciclo Rotas, do Grupo CCR, em parceria com o Governo do Estado de S\u00e3o Paulo. Entre seus objetivos est\u00e1 o de buscar locais seguros para o deslocamento dos ciclistas, al\u00e9m de refor\u00e7ar o cicloturismo.<\/p>\n\n\n\n<figure class=\"wp-block-image size-large\"><img loading=\"lazy\" decoding=\"async\" width=\"1280\" height=\"854\" src=\"https:\/\/jundiai.sp.gov.br\/noticias\/wp-content\/uploads\/sites\/32\/2019\/10\/inauguracao-ciclovia-av-09-de-julho_c_-91-1280x854.jpg\" alt=\"\" class=\"wp-image-236788\" srcset=\"https:\/\/jundiai.sp.gov.br\/noticias\/wp-content\/uploads\/sites\/32\/2019\/10\/inauguracao-ciclovia-av-09-de-julho_c_-91-1280x854.jpg 1280w, https:\/\/jundiai.sp.gov.br\/noticias\/wp-content\/uploads\/sites\/32\/2019\/10\/inauguracao-ciclovia-av-09-de-julho_c_-91-300x200.jpg 300w, https:\/\/jundiai.sp.gov.br\/noticias\/wp-content\/uploads\/sites\/32\/2019\/10\/inauguracao-ciclovia-av-09-de-julho_c_-91-768x512.jpg 768w, https:\/\/jundiai.sp.gov.br\/noticias\/wp-content\/uploads\/sites\/32\/2019\/10\/inauguracao-ciclovia-av-09-de-julho_c_-91-450x300.jpg 450w\" sizes=\"auto, (max-width: 1280px) 100vw, 1280px\" \/><figcaption>O investimento visa mais espa\u00e7os para a pr\u00e1tica esportiva e para o lazer, al\u00e9m de contribuir \u00e0 economia local <\/figcaption><\/figure>\n\n\n\n<p>\u201c\u00c9 um ganho para quatro cidades e para toda nossa Regi\u00e3o Metropolitana, com a abertura de espa\u00e7os para a pr\u00e1tica esportiva e para o lazer, al\u00e9m de contribuir \u00e0 economia local\u201d, observa o prefeito Luiz Fernando Machado, presente \u00e0 coletiva. \u201cCom essa rota, o Circuito das Frutas \u00e9 tamb\u00e9m muito beneficiado, pois s\u00e3o iniciativas que se encontram, com foco na qualidade de vida e no turismo.\u201d<\/p>\n\n\n\n<p>A Rota das Frutas ser\u00e1 voltada para o segmento speed de cicloturistas, em via compartilhada com outros ve\u00edculos. Em seu trajeto h\u00e1 quatro pontos de acesso com estacionamento, espa\u00e7os de alimenta\u00e7\u00e3o e banheiros. Todo o trajeto ser\u00e1 sinalizado com placas e monitorado com c\u00e2meras de seguran\u00e7a, al\u00e9m de oferecer assist\u00eancia aos ciclistas. No trecho de Jundia\u00ed, s\u00e3o 19,5 quil\u00f4metros, a partir do Parque da Cidade &#8211; que tamb\u00e9m conta com estacionamento e estrutura de banheiros e para hidrata\u00e7\u00e3o de ciclistas &#8211; e seguindo sentido Louveira.<\/p>\n\n\n\n<p>A diretora do Departamento de Fomento ao Turismo de Jundia\u00ed, Marcela Moro, lembrou que o setor de cicloturismo tem crescido nos \u00faltimos anos. \u201cNossa regi\u00e3o j\u00e1 atrai muitos turistas com o objetivo de pedalar e a implanta\u00e7\u00e3o de um projeto como esse certamente fomenta ainda mais esse fluxo, que tende a beneficiar diretamente a cadeia produtiva do turismo.\u201d<\/p>\n\n\n\n<p><strong>Assessoria de Imprensa<br>Foto: fot\u00f3grafo PMJ<\/strong><\/p>\n","protected":false},"excerpt":{"rendered":"<p>Jundia\u00ed \u00e9 uma das quatro cidades que passar\u00e3o a integrar a Rota das Frutas, uma rota cicl\u00edstica de 75 quil\u00f4metros de extens\u00e3o que tamb\u00e9m percorrer\u00e1 Louveira, Vinhedo e Itatiba. Seu lan\u00e7amento ser\u00e1 no s\u00e1bado (29). O an\u00fancio foi feito nesta quarta-feira (26) em uma coletiva de imprensa no Pal\u00e1cio dos Bandeirantes, na capital, com a [&hellip;]<\/p>\n","protected":false},"author":71,"featured_media":236788,"comment_status":"closed","ping_status":"closed","sticky":false,"template":"","format":"standard","meta":{"footnotes":""},"categories":[2],"tags":[974,133,2697,1623,2707],"ods":[],"class_list":["post-284691","post","type-post","status-publish","format-standard","has-post-thumbnail","hentry","category-noticias","tag-agronegocio-abastecimento-e-turismo","tag-ciclismo","tag-ciclo-rotas","tag-cicloturismo","tag-rota-das-frutas"],"_links":{"self":[{"href":"https:\/\/jundiai.sp.gov.br\/noticias\/wp-json\/wp\/v2\/posts\/284691","targetHints":{"allow":["GET"]}}],"collection":[{"href":"https:\/\/jundiai.sp.gov.br\/noticias\/wp-json\/wp\/v2\/posts"}],"about":[{"href":"https:\/\/jundiai.sp.gov.br\/noticias\/wp-json\/wp\/v2\/types\/post"}],"author":[{"embeddable":true,"href":"https:\/\/jundiai.sp.gov.br\/noticias\/wp-json\/wp\/v2\/users\/71"}],"replies":[{"embeddable":true,"href":"https:\/\/jundiai.sp.gov.br\/noticias\/wp-json\/wp\/v2\/comments?post=284691"}],"version-history":[{"count":5,"href":"https:\/\/jundiai.sp.gov.br\/noticias\/wp-json\/wp\/v2\/posts\/284691\/revisions"}],"predecessor-version":[{"id":284727,"href":"https:\/\/jundiai.sp.gov.br\/noticias\/wp-json\/wp\/v2\/posts\/284691\/revisions\/284727"}],"wp:featuredmedia":[{"embeddable":true,"href":"https:\/\/jundiai.sp.gov.br\/noticias\/wp-json\/wp\/v2\/media\/236788"}],"wp:attachment":[{"href":"https:\/\/jundiai.sp.gov.br\/noticias\/wp-json\/wp\/v2\/media?parent=284691"}],"wp:term":[{"taxonomy":"category","embeddable":true,"href":"https:\/\/jundiai.sp.gov.br\/noticias\/wp-json\/wp\/v2\/categories?post=284691"},{"taxonomy":"post_tag","embeddable":true,"href":"https:\/\/jundiai.sp.gov.br\/noticias\/wp-json\/wp\/v2\/tags?post=284691"},{"taxonomy":"ods","embeddable":true,"href":"https:\/\/jundiai.sp.gov.br\/noticias\/wp-json\/wp\/v2\/ods?post=284691"}],"curies":[{"name":"wp","href":"https:\/\/api.w.org\/{rel}","templated":true}]}}