{"id":285352,"date":"2022-02-06T14:02:00","date_gmt":"2022-02-06T17:02:00","guid":{"rendered":"https:\/\/jundiai.sp.gov.br\/noticias\/?p=285352"},"modified":"2022-02-04T17:08:04","modified_gmt":"2022-02-04T20:08:04","slug":"escola-inovadora-estudantes-da-rede-municipal-retornam-as-aulas-na-quarta-feira-09","status":"publish","type":"post","link":"https:\/\/jundiai.sp.gov.br\/noticias\/2022\/02\/06\/escola-inovadora-estudantes-da-rede-municipal-retornam-as-aulas-na-quarta-feira-09\/","title":{"rendered":"Escola Inovadora: Estudantes da rede municipal retornam \u00e0s aulas na quarta-feira (09)"},"content":{"rendered":"\n<p>As aulas da rede municipal de ensino de Jundia\u00ed s\u00e3o retomadas na quarta-feira (09). As 110 unidades escolares, incluindo o CMEJA (Centro Municipal de Educa\u00e7\u00e3o de Jovens e Adultos), recebem os 40 mil estudantes matriculados na rede. Para o ano letivo de 2022, o programa Escola Inovadora, criado pela gest\u00e3o do prefeito Luiz Fernando Machado e desenvolvido pela Unidade de Gest\u00e3o de Educa\u00e7\u00e3o (UGE), ir\u00e1 intensificar os trabalhos de desemparedamento da escola e manter, rigorosamente, os protocolos sanit\u00e1rios.\u00a0<\/p>\n\n\n\n<p>Na segunda-feira (07) os educadores trabalham no planejamento das a\u00e7\u00f5es de 2022. Na ter\u00e7a-feira (08), ser\u00e1 realizada a reuni\u00e3o de pais e mestres e, na quarta-feira (09), todos os alunos retornam para as escolas. \u201cS\u00e3o 40 mil alunos, desde as crian\u00e7as de 4 meses at\u00e9 os jovens e adultos do EJA. O retorno \u00e9 presencial e seguimos toda a regulamenta\u00e7\u00e3o do Governo do Estado e orienta\u00e7\u00f5es do Comit\u00ea de Preven\u00e7\u00e3o e Enfrentamento \u00e0 Covid-19\u201d, afirma a gestora de Educa\u00e7\u00e3o, Vast\u00ed Ferrari Marques.<\/p>\n\n\n\n<figure class=\"wp-block-image size-full\"><img loading=\"lazy\" decoding=\"async\" width=\"1280\" height=\"853\" src=\"https:\/\/jundiai.sp.gov.br\/noticias\/wp-content\/uploads\/sites\/32\/2022\/02\/desemparedamento-com-matematica_emeb-pedro-de-oliveira-398.jpg\" alt=\"alunos est\u00e3o abaixados, desenhando com giz em um ch\u00e3o pintado de verde.\" class=\"wp-image-285355\" srcset=\"https:\/\/jundiai.sp.gov.br\/noticias\/wp-content\/uploads\/sites\/32\/2022\/02\/desemparedamento-com-matematica_emeb-pedro-de-oliveira-398.jpg 1280w, https:\/\/jundiai.sp.gov.br\/noticias\/wp-content\/uploads\/sites\/32\/2022\/02\/desemparedamento-com-matematica_emeb-pedro-de-oliveira-398-300x200.jpg 300w, https:\/\/jundiai.sp.gov.br\/noticias\/wp-content\/uploads\/sites\/32\/2022\/02\/desemparedamento-com-matematica_emeb-pedro-de-oliveira-398-768x512.jpg 768w, https:\/\/jundiai.sp.gov.br\/noticias\/wp-content\/uploads\/sites\/32\/2022\/02\/desemparedamento-com-matematica_emeb-pedro-de-oliveira-398-450x300.jpg 450w\" sizes=\"auto, (max-width: 1280px) 100vw, 1280px\" \/><figcaption>Aulas em ambientes externos ser\u00e3o intensificadas neste ano<\/figcaption><\/figure>\n\n\n\n<p>Todas as escolas e unidades da UGE seguem os protocolos sanit\u00e1rios como higieniza\u00e7\u00e3o e desinfec\u00e7\u00e3o dos espa\u00e7os, \u00e1lcool em gel, sabonete l\u00edquido, papel toalha e obrigatoriedade do uso de m\u00e1scaras de prote\u00e7\u00e3o individual a partir das crian\u00e7as do G4, ou seja, que t\u00eam 4 anos de idade. \u201cTudo est\u00e1 organizado para que tenhamos um in\u00edcio de aulas tranquilo\u201d, enfatiza Vast\u00ed.<\/p>\n\n\n\n<p>O desemparedamento da escola, que teve in\u00edcio em 2021, ganha ainda mais for\u00e7a no ano letivo de 2022. \u201cAs aulas em contato com a natureza e ambientes externos proporcionam que os estudantes possam vivenciar uma aprendizagem significativa, dentro das intencionalidades pedag\u00f3gicas propostas pelos educadores e ainda em espa\u00e7os bem arejados\u201d, lembra a gestora de Educa\u00e7\u00e3o.<\/p>\n\n\n\n<p>Para in\u00edcio do ano letivo, os educadores participaram, de 2 a 4 de fevereiro, das palestras da V SAP (Semana de Atualiza\u00e7\u00e3o Pedag\u00f3gica). \u201cNossos educadores participam da forma\u00e7\u00e3o constantemente. Na SAP deste ano trouxemos o tema da educa\u00e7\u00e3o h\u00edbrida, que une os recursos tecnol\u00f3gicos e atividades presenciais, as possibilidades de ensino e aprendizagem, novas formas de pensar na escola, o desemparedamento, o acolhimento para os estudantes que est\u00e3o chegando. Os profissionais s\u00e3o preparados e a forma\u00e7\u00e3o ocorre em todo o ano letivo. Somente em 2021, foram 974 horas de capacita\u00e7\u00f5es para o trabalho do desemparedamento e acolhimento socioemocional. Al\u00e9m das forma\u00e7\u00f5es para o cuidado dos pr\u00f3prios educadores\u201d, comenta Vast\u00ed.<\/p>\n\n\n\n<figure class=\"wp-block-image size-full\"><img loading=\"lazy\" decoding=\"async\" width=\"1280\" height=\"853\" src=\"https:\/\/jundiai.sp.gov.br\/noticias\/wp-content\/uploads\/sites\/32\/2022\/02\/emeb-hilda-maria_educacao-infantil-i-56.jpg\" alt=\"Crian\u00e7as brincam em um tanque de areia.\" class=\"wp-image-285356\" srcset=\"https:\/\/jundiai.sp.gov.br\/noticias\/wp-content\/uploads\/sites\/32\/2022\/02\/emeb-hilda-maria_educacao-infantil-i-56.jpg 1280w, https:\/\/jundiai.sp.gov.br\/noticias\/wp-content\/uploads\/sites\/32\/2022\/02\/emeb-hilda-maria_educacao-infantil-i-56-300x200.jpg 300w, https:\/\/jundiai.sp.gov.br\/noticias\/wp-content\/uploads\/sites\/32\/2022\/02\/emeb-hilda-maria_educacao-infantil-i-56-768x512.jpg 768w, https:\/\/jundiai.sp.gov.br\/noticias\/wp-content\/uploads\/sites\/32\/2022\/02\/emeb-hilda-maria_educacao-infantil-i-56-450x300.jpg 450w\" sizes=\"auto, (max-width: 1280px) 100vw, 1280px\" \/><figcaption>Aulas retornam para todos os estudantes da rede municipal de ensino<\/figcaption><\/figure>\n\n\n\n<p><strong>Assessoria de Imprensa<br>Fotos: Fot\u00f3grafos PMJ<\/strong><\/p>\n","protected":false},"excerpt":{"rendered":"<p>As aulas da rede municipal de ensino de Jundia\u00ed s\u00e3o retomadas na quarta-feira (09). As 110 unidades escolares, incluindo o CMEJA (Centro Municipal de Educa\u00e7\u00e3o de Jovens e Adultos), recebem os 40 mil estudantes matriculados na rede. Para o ano letivo de 2022, o programa Escola Inovadora, criado pela gest\u00e3o do prefeito Luiz Fernando Machado [&hellip;]<\/p>\n","protected":false},"author":70,"featured_media":285356,"comment_status":"closed","ping_status":"closed","sticky":false,"template":"","format":"standard","meta":{"footnotes":""},"categories":[2],"tags":[6,1061],"ods":[],"class_list":["post-285352","post","type-post","status-publish","format-standard","has-post-thumbnail","hentry","category-noticias","tag-educacao","tag-escola-inovadora"],"_links":{"self":[{"href":"https:\/\/jundiai.sp.gov.br\/noticias\/wp-json\/wp\/v2\/posts\/285352","targetHints":{"allow":["GET"]}}],"collection":[{"href":"https:\/\/jundiai.sp.gov.br\/noticias\/wp-json\/wp\/v2\/posts"}],"about":[{"href":"https:\/\/jundiai.sp.gov.br\/noticias\/wp-json\/wp\/v2\/types\/post"}],"author":[{"embeddable":true,"href":"https:\/\/jundiai.sp.gov.br\/noticias\/wp-json\/wp\/v2\/users\/70"}],"replies":[{"embeddable":true,"href":"https:\/\/jundiai.sp.gov.br\/noticias\/wp-json\/wp\/v2\/comments?post=285352"}],"version-history":[{"count":4,"href":"https:\/\/jundiai.sp.gov.br\/noticias\/wp-json\/wp\/v2\/posts\/285352\/revisions"}],"predecessor-version":[{"id":285395,"href":"https:\/\/jundiai.sp.gov.br\/noticias\/wp-json\/wp\/v2\/posts\/285352\/revisions\/285395"}],"wp:featuredmedia":[{"embeddable":true,"href":"https:\/\/jundiai.sp.gov.br\/noticias\/wp-json\/wp\/v2\/media\/285356"}],"wp:attachment":[{"href":"https:\/\/jundiai.sp.gov.br\/noticias\/wp-json\/wp\/v2\/media?parent=285352"}],"wp:term":[{"taxonomy":"category","embeddable":true,"href":"https:\/\/jundiai.sp.gov.br\/noticias\/wp-json\/wp\/v2\/categories?post=285352"},{"taxonomy":"post_tag","embeddable":true,"href":"https:\/\/jundiai.sp.gov.br\/noticias\/wp-json\/wp\/v2\/tags?post=285352"},{"taxonomy":"ods","embeddable":true,"href":"https:\/\/jundiai.sp.gov.br\/noticias\/wp-json\/wp\/v2\/ods?post=285352"}],"curies":[{"name":"wp","href":"https:\/\/api.w.org\/{rel}","templated":true}]}}