{"id":286668,"date":"2022-02-24T15:10:11","date_gmt":"2022-02-24T18:10:11","guid":{"rendered":"https:\/\/jundiai.sp.gov.br\/noticias\/?p=286668"},"modified":"2022-02-24T15:10:11","modified_gmt":"2022-02-24T18:10:11","slug":"cultura-realiza-formacao-em-processo-criativo-para-as-companhias-teatrais-da-cidade","status":"publish","type":"post","link":"https:\/\/jundiai.sp.gov.br\/noticias\/2022\/02\/24\/cultura-realiza-formacao-em-processo-criativo-para-as-companhias-teatrais-da-cidade\/","title":{"rendered":"Cultura realiza forma\u00e7\u00e3o em processo criativo para as companhias teatrais da cidade"},"content":{"rendered":"\n<p>A Unidade de Gest\u00e3o de Cultura (UGC) realizou no primeiro semestre deste ano a primeira edi\u00e7\u00e3o do \u201cF\u00e9rias em Cena\u201d, atividade formativa para grupos e coletivos de teatro do Munic\u00edpio. Os encontros, realizados no Teatro Polytheama, foram conduzidos por Carla Candiotto, diretora art\u00edstica da companhia de Teatro de Jundia\u00ed, corpo art\u00edstico ligado \u00e0 UGC.<\/p>\n\n\n\n<p>Na noite dessa quarta-feira (23), as doze companhias participantes apresentaram o resultado do trabalho criativo desenvolvido ao longo dos encontros. Cada grupo escolheu um palco especial dentro do teatro, uns na Sala Deolinda Copelli do teatro, no palco, plateia, frisas e camarotes, e outros at\u00e9 mesmo no sagu\u00e3o Ariosto Mila na entrada do teatro.<\/p>\n\n\n\n<figure class=\"wp-block-gallery has-nested-images columns-default is-cropped wp-block-gallery-1 is-layout-flex wp-block-gallery-is-layout-flex\">\n<figure class=\"wp-block-image size-large\"><a href=\"https:\/\/jundiai.sp.gov.br\/noticias\/wp-content\/uploads\/sites\/32\/2022\/02\/ferias_em_cena_teatro_polytheama-1.jpeg\"><img loading=\"lazy\" decoding=\"async\" width=\"1280\" height=\"960\" data-id=\"286671\" src=\"https:\/\/jundiai.sp.gov.br\/noticias\/wp-content\/uploads\/sites\/32\/2022\/02\/ferias_em_cena_teatro_polytheama-1-1280x960.jpeg\" alt=\"\" class=\"wp-image-286671\" srcset=\"https:\/\/jundiai.sp.gov.br\/noticias\/wp-content\/uploads\/sites\/32\/2022\/02\/ferias_em_cena_teatro_polytheama-1.jpeg 1280w, https:\/\/jundiai.sp.gov.br\/noticias\/wp-content\/uploads\/sites\/32\/2022\/02\/ferias_em_cena_teatro_polytheama-1-300x225.jpeg 300w, https:\/\/jundiai.sp.gov.br\/noticias\/wp-content\/uploads\/sites\/32\/2022\/02\/ferias_em_cena_teatro_polytheama-1-768x576.jpeg 768w\" sizes=\"auto, (max-width: 1280px) 100vw, 1280px\" \/><\/a><\/figure>\n\n\n\n<figure class=\"wp-block-image size-large\"><a href=\"https:\/\/jundiai.sp.gov.br\/noticias\/wp-content\/uploads\/sites\/32\/2022\/02\/ferias_em_cena_teatro_polytheama-2.jpg\"><img loading=\"lazy\" decoding=\"async\" width=\"1280\" height=\"853\" data-id=\"286672\" src=\"https:\/\/jundiai.sp.gov.br\/noticias\/wp-content\/uploads\/sites\/32\/2022\/02\/ferias_em_cena_teatro_polytheama-2.jpg\" alt=\"\" class=\"wp-image-286672\" srcset=\"https:\/\/jundiai.sp.gov.br\/noticias\/wp-content\/uploads\/sites\/32\/2022\/02\/ferias_em_cena_teatro_polytheama-2.jpg 1280w, https:\/\/jundiai.sp.gov.br\/noticias\/wp-content\/uploads\/sites\/32\/2022\/02\/ferias_em_cena_teatro_polytheama-2-300x200.jpg 300w, https:\/\/jundiai.sp.gov.br\/noticias\/wp-content\/uploads\/sites\/32\/2022\/02\/ferias_em_cena_teatro_polytheama-2-768x512.jpg 768w, https:\/\/jundiai.sp.gov.br\/noticias\/wp-content\/uploads\/sites\/32\/2022\/02\/ferias_em_cena_teatro_polytheama-2-450x300.jpg 450w\" sizes=\"auto, (max-width: 1280px) 100vw, 1280px\" \/><\/a><\/figure>\n\n\n\n<figure class=\"wp-block-image size-large\"><a href=\"https:\/\/jundiai.sp.gov.br\/noticias\/wp-content\/uploads\/sites\/32\/2022\/02\/ferias_em_cena_teatro_polytheama-4.jpg\"><img loading=\"lazy\" decoding=\"async\" width=\"1280\" height=\"853\" data-id=\"286673\" src=\"https:\/\/jundiai.sp.gov.br\/noticias\/wp-content\/uploads\/sites\/32\/2022\/02\/ferias_em_cena_teatro_polytheama-4.jpg\" alt=\"\" class=\"wp-image-286673\" srcset=\"https:\/\/jundiai.sp.gov.br\/noticias\/wp-content\/uploads\/sites\/32\/2022\/02\/ferias_em_cena_teatro_polytheama-4.jpg 1280w, https:\/\/jundiai.sp.gov.br\/noticias\/wp-content\/uploads\/sites\/32\/2022\/02\/ferias_em_cena_teatro_polytheama-4-300x200.jpg 300w, https:\/\/jundiai.sp.gov.br\/noticias\/wp-content\/uploads\/sites\/32\/2022\/02\/ferias_em_cena_teatro_polytheama-4-768x512.jpg 768w, https:\/\/jundiai.sp.gov.br\/noticias\/wp-content\/uploads\/sites\/32\/2022\/02\/ferias_em_cena_teatro_polytheama-4-450x300.jpg 450w\" sizes=\"auto, (max-width: 1280px) 100vw, 1280px\" \/><\/a><\/figure>\n<figcaption class=\"blocks-gallery-caption\">Grupos apresentaram em diversos espa\u00e7os do teatro os trechos dos projetos desenvolvidos<\/figcaption><\/figure>\n\n\n\n<p>\u201cOs grandes objetivos destes encontros foram de conhecer os projetos que cada companhia j\u00e1 est\u00e1 desenvolvendo, entender quem s\u00e3o estas pessoas, criar um espa\u00e7o para cria\u00e7\u00e3o e troca entre eles. Cada grupo trouxe uma proposta que j\u00e1 estava come\u00e7ando a desenvolver e vivenciamos todos juntos seus processos de cria\u00e7\u00e3o. Este momento que o mundo vive exige cria\u00e7\u00e3o e s\u00f3 ela \u00e9 capaz de nos reconectar com o nosso melhor. Todos saem daqui com as sementes s\u00f3lidas do que poder\u00e3o plantar e colher daqui para frente\u201d, explicou Carla.<\/p>\n\n\n\n<p>O gestor de Cultura, Marcelo Peroni, ressaltou a import\u00e2ncia deste relacionamento entre a companhia e os grupos e artistas locais. \u201cEsta primeira edi\u00e7\u00e3o do \u2018F\u00e9rias em Cena\u2019 trouxe novidades importantes para o cen\u00e1rio art\u00edstico e cultural da cidade. Esta Foi a primeira vez que conseguimos reunir tantos grupos locais para um trabalho conjunto e o primeiro di\u00e1logo da companhia municipal com a produ\u00e7\u00e3o teatral local. Isso vai ao encontro da proposta de fomento ao processo criativo e da nova roupagem da companhia\u201d.<\/p>\n\n\n\n<p>Participaram do \u201cF\u00e9rias em Cena\u201d os grupos Cena Quatro, Companhia do Acaso, Cia. Fenix, Cia. Paulista, Cia. Techiatto, Cia. Tramp de Palha\u00e7os, Cia. Um do Outro, Giro no Biombo, N\u00facleo H\u00edbrido, Respeit\u00e1vel P\u00fablico, Rick e Kelly e Um Grupo de Teatro.<\/p>\n\n\n\n<p>Os resultados dos trabalhos das companhias ser\u00e3o reapresentados para o p\u00fablico em geral interessado no dia 14 de mar\u00e7o (segunda-feira), \u00e0s 19h.<\/p>\n\n\n\n<p><strong>Assessoria de Imprensa<br>Fotos: Fot\u00f3grafos PMJ<\/strong><\/p>\n","protected":false},"excerpt":{"rendered":"<p>A Unidade de Gest\u00e3o de Cultura (UGC) realizou no primeiro semestre deste ano a primeira edi\u00e7\u00e3o do \u201cF\u00e9rias em Cena\u201d, atividade formativa para grupos e coletivos de teatro do Munic\u00edpio. Os encontros, realizados no Teatro Polytheama, foram conduzidos por Carla Candiotto, diretora art\u00edstica da companhia de Teatro de Jundia\u00ed, corpo art\u00edstico ligado \u00e0 UGC. Na [&hellip;]<\/p>\n","protected":false},"author":14,"featured_media":286671,"comment_status":"closed","ping_status":"closed","sticky":false,"template":"","format":"standard","meta":{"footnotes":""},"categories":[2],"tags":[812,29,400,98],"ods":[],"class_list":["post-286668","post","type-post","status-publish","format-standard","has-post-thumbnail","hentry","category-noticias","tag-companhia-de-teatro-de-jundiai","tag-cultura","tag-teatro","tag-teatro-polytheama"],"_links":{"self":[{"href":"https:\/\/jundiai.sp.gov.br\/noticias\/wp-json\/wp\/v2\/posts\/286668","targetHints":{"allow":["GET"]}}],"collection":[{"href":"https:\/\/jundiai.sp.gov.br\/noticias\/wp-json\/wp\/v2\/posts"}],"about":[{"href":"https:\/\/jundiai.sp.gov.br\/noticias\/wp-json\/wp\/v2\/types\/post"}],"author":[{"embeddable":true,"href":"https:\/\/jundiai.sp.gov.br\/noticias\/wp-json\/wp\/v2\/users\/14"}],"replies":[{"embeddable":true,"href":"https:\/\/jundiai.sp.gov.br\/noticias\/wp-json\/wp\/v2\/comments?post=286668"}],"version-history":[{"count":3,"href":"https:\/\/jundiai.sp.gov.br\/noticias\/wp-json\/wp\/v2\/posts\/286668\/revisions"}],"predecessor-version":[{"id":286676,"href":"https:\/\/jundiai.sp.gov.br\/noticias\/wp-json\/wp\/v2\/posts\/286668\/revisions\/286676"}],"wp:featuredmedia":[{"embeddable":true,"href":"https:\/\/jundiai.sp.gov.br\/noticias\/wp-json\/wp\/v2\/media\/286671"}],"wp:attachment":[{"href":"https:\/\/jundiai.sp.gov.br\/noticias\/wp-json\/wp\/v2\/media?parent=286668"}],"wp:term":[{"taxonomy":"category","embeddable":true,"href":"https:\/\/jundiai.sp.gov.br\/noticias\/wp-json\/wp\/v2\/categories?post=286668"},{"taxonomy":"post_tag","embeddable":true,"href":"https:\/\/jundiai.sp.gov.br\/noticias\/wp-json\/wp\/v2\/tags?post=286668"},{"taxonomy":"ods","embeddable":true,"href":"https:\/\/jundiai.sp.gov.br\/noticias\/wp-json\/wp\/v2\/ods?post=286668"}],"curies":[{"name":"wp","href":"https:\/\/api.w.org\/{rel}","templated":true}]}}