{"id":286999,"date":"2022-03-03T08:30:00","date_gmt":"2022-03-03T11:30:00","guid":{"rendered":"https:\/\/jundiai.sp.gov.br\/noticias\/?p=286999"},"modified":"2022-03-03T18:37:53","modified_gmt":"2022-03-03T21:37:53","slug":"pinacoteca-e-galeria-de-arte-recebem-inscricoes-de-projetos-de-artes-visuais-para-a-temporada-2022","status":"publish","type":"post","link":"https:\/\/jundiai.sp.gov.br\/noticias\/2022\/03\/03\/pinacoteca-e-galeria-de-arte-recebem-inscricoes-de-projetos-de-artes-visuais-para-a-temporada-2022\/","title":{"rendered":"Pinacoteca e Galeria de Arte recebem inscri\u00e7\u00f5es de projetos de Artes Visuais para a temporada 2022"},"content":{"rendered":"\n<p>Est\u00e3o abertas as inscri\u00e7\u00f5es para os artistas interessados em expor com mostras de Arte Visual durante esta temporada do Programa de Artes 2022, do qual fazem parte a 4\u00aa ExpoArtes no Centro Jundiaiense de Cultura Josefina Rodrigues da Silva (Jorosil), onde fica a Pinacoteca Municipal Di\u00f3genes Duarte Paes, e a Galeria de Arte Fernanda Perracini Milani, anexa ao Teatro Polytheama.<\/p>\n\n\n\n<p>Os interessados podem se inscrever gratuitamente, at\u00e9 o dia 11 de abril, pelo <a href=\"https:\/\/cultura.jundiai.sp.gov.br\/editais-e-regulamentos\/\" target=\"_blank\" rel=\"noreferrer noopener\">site da Cultura<\/a>. Ser\u00e3o selecionados 14 projetos in\u00e9ditos na cidade, de artistas brasileiros natos, ou naturalizados e estrangeiros que estejam em situa\u00e7\u00e3o legal no Pa\u00eds. Cada exposi\u00e7\u00e3o selecionada receber\u00e1 o valor de R$ 4,5 mil, prevendo tamb\u00e9m, al\u00e9m da mostra, a realiza\u00e7\u00e3o de contrapartida social vinculada, com a presen\u00e7a de p\u00fablico.<\/p>\n\n\n\n<p>Para a <a rel=\"noreferrer noopener\" href=\"https:\/\/cultura.jundiai.sp.gov.br\/wp-content\/uploads\/2022\/02\/EDITAL-EXPOARTES-2022-CENTRO-JUNDIAIENSE-DE-CULTURA.pdf\" target=\"_blank\">4\u00aa ExpoArtes na Pinacoteca<\/a>, ser\u00e3o selecionados oito projetos in\u00e9ditos no Munic\u00edpio, para exposi\u00e7\u00f5es individuais, coletivas ou curadorias. O per\u00edodo expositivo ser\u00e1 de 37 dias, incluindo tamb\u00e9m montagem, manuten\u00e7\u00e3o e desmontagem da exposi\u00e7\u00e3o. A classifica\u00e7\u00e3o de cada projeto ir\u00e1 indicar a ordem da exposi\u00e7\u00e3o.<\/p>\n\n\n\n<p><a href=\"https:\/\/docs.google.com\/forms\/d\/1POTSOOW4G2M2u50b-RgesYwW6-5v16OTldv9g9FB1l0\/edit\" target=\"_blank\" rel=\"noreferrer noopener\">FA\u00c7A A SUA INSCRI\u00c7\u00c3O PARA A 4\u00aa EXPOARTES<\/a><\/p>\n\n\n\n<figure class=\"wp-block-image size-full\"><img loading=\"lazy\" decoding=\"async\" width=\"1280\" height=\"853\" src=\"https:\/\/jundiai.sp.gov.br\/noticias\/wp-content\/uploads\/sites\/32\/2022\/03\/exposicao_pinacoteca_expressoes_segmento_fotografia-33.jpg\" alt=\"Homem de cabelos loiros lisos, compridos at\u00e9 a altura dos ombros, usando camisa social preta, ajeita fotografias em preto e branco em parede de sala com pavimento de madeira\" class=\"wp-image-287002\" srcset=\"https:\/\/jundiai.sp.gov.br\/noticias\/wp-content\/uploads\/sites\/32\/2022\/03\/exposicao_pinacoteca_expressoes_segmento_fotografia-33.jpg 1280w, https:\/\/jundiai.sp.gov.br\/noticias\/wp-content\/uploads\/sites\/32\/2022\/03\/exposicao_pinacoteca_expressoes_segmento_fotografia-33-300x200.jpg 300w, https:\/\/jundiai.sp.gov.br\/noticias\/wp-content\/uploads\/sites\/32\/2022\/03\/exposicao_pinacoteca_expressoes_segmento_fotografia-33-768x512.jpg 768w, https:\/\/jundiai.sp.gov.br\/noticias\/wp-content\/uploads\/sites\/32\/2022\/03\/exposicao_pinacoteca_expressoes_segmento_fotografia-33-450x300.jpg 450w\" sizes=\"auto, (max-width: 1280px) 100vw, 1280px\" \/><figcaption>Para a ExpoArtes na Pinacoteca, ser\u00e3o selecionados oito projetos in\u00e9ditos no Munic\u00edpio<\/figcaption><\/figure>\n\n\n\n<p>J\u00e1 para a <a href=\"https:\/\/cultura.jundiai.sp.gov.br\/wp-content\/uploads\/2022\/02\/EDITAL-GALERIA-FERNANDA-PERRACINI-2022.pdf\" target=\"_blank\" rel=\"noreferrer noopener\">Galeria de Arte<\/a>, ser\u00e3o selecionados seis projetos de exposi\u00e7\u00f5es in\u00e9ditas e de livre tem\u00e1tica em Artes Visuais, podendo tamb\u00e9m ser individuais, coletiva e curadorias, abertas a todas as linguagens das Artes. Ser\u00e3o destinadas tr\u00eas vagas a artistas de Jundia\u00ed e outras tr\u00eas para artistas de outros munic\u00edpios. Considerados montagem, desmontagem e manuten\u00e7\u00e3o, o per\u00edodo de cada exposi\u00e7\u00e3o ser\u00e1 de 36 dias.<\/p>\n\n\n\n<p><a href=\"https:\/\/docs.google.com\/forms\/d\/1V6sZ9QM5NdCEMlxeebr2atdkyCHGVmENWEOTI6VLSZ4\/edit\" target=\"_blank\" rel=\"noreferrer noopener\">FA\u00c7A A SUA INSCRI\u00c7\u00c3O PARA A GALERIA DE ARTE<\/a><\/p>\n\n\n\n<p>Os editais, lan\u00e7ados pela Funda\u00e7\u00e3o Casa da Cultura e Esportes, com o apoio da C\u00e2mara Setorial de Artes Visuais e do Conselho Municipal de Pol\u00edticas Culturais (CMPC), tamb\u00e9m podem ser consultados no site da Cultura. Para Marcelo Peroni, superintendente da Funda\u00e7\u00e3o e gestor de Cultura, as duas propostas do Programa de Artes 2022 t\u00eam por finalidade fomentar, promover e difundir a produ\u00e7\u00e3o art\u00edstica, a reflex\u00e3o e o interc\u00e2mbio de ideias no campo das Artes Visuais, estimular a produ\u00e7\u00e3o emergente em Artes Visuais por meio da realiza\u00e7\u00e3o de exposi\u00e7\u00f5es tempor\u00e1rias individuais e coletivas e incentivar e divulgar os valores art\u00edsticos locais, regionais e nacionais.<\/p>\n\n\n\n<figure class=\"wp-block-image size-full\"><img loading=\"lazy\" decoding=\"async\" width=\"1200\" height=\"800\" src=\"https:\/\/jundiai.sp.gov.br\/noticias\/wp-content\/uploads\/sites\/32\/2022\/03\/exposicao-arigato-obrigado-brasil_galeria-de-arte-50-1200x800-1.jpg\" alt=\"Crian\u00e7a com camisa polo verde, cal\u00e7a jeans e t\u00eanis preto e banco, caminhando por meio de corredor de galeria com fotos coloridas na parede, com pavimento de pedra e teto de concreto com l\u00e2mpadas acesas, com pessoas ao fundo conversando\" class=\"wp-image-287003\" srcset=\"https:\/\/jundiai.sp.gov.br\/noticias\/wp-content\/uploads\/sites\/32\/2022\/03\/exposicao-arigato-obrigado-brasil_galeria-de-arte-50-1200x800-1.jpg 1200w, https:\/\/jundiai.sp.gov.br\/noticias\/wp-content\/uploads\/sites\/32\/2022\/03\/exposicao-arigato-obrigado-brasil_galeria-de-arte-50-1200x800-1-300x200.jpg 300w, https:\/\/jundiai.sp.gov.br\/noticias\/wp-content\/uploads\/sites\/32\/2022\/03\/exposicao-arigato-obrigado-brasil_galeria-de-arte-50-1200x800-1-768x512.jpg 768w, https:\/\/jundiai.sp.gov.br\/noticias\/wp-content\/uploads\/sites\/32\/2022\/03\/exposicao-arigato-obrigado-brasil_galeria-de-arte-50-1200x800-1-450x300.jpg 450w\" sizes=\"auto, (max-width: 1200px) 100vw, 1200px\" \/><figcaption>J\u00e1 para esta temporada da Galeria de Arte, ser\u00e3o escolhidos at\u00e9 seis projetos<\/figcaption><\/figure>\n\n\n\n<p>Mais informa\u00e7\u00f5es no <a href=\"https:\/\/cultura.jundiai.sp.gov.br\/editais-e-regulamentos\/\" target=\"_blank\" rel=\"noreferrer noopener\">site da Cultura<\/a> e pelos telefones (11) 4589-6800 (UGC), 4586-2326 (Pinacoteca \u2013 para d\u00favidas sobre a ExpoArtes) e 4586-2472 (Departamento de Teatros \u2013 para d\u00favidas sobre a Galeria de Arte).<\/p>\n\n\n\n<p><strong>Assessoria de Imprensa<br>Fotos: Arquivo PMJ<\/strong><\/p>\n","protected":false},"excerpt":{"rendered":"<p>Est\u00e3o abertas as inscri\u00e7\u00f5es para os artistas interessados em expor com mostras de Arte Visual durante esta temporada do Programa de Artes 2022, do qual fazem parte a 4\u00aa ExpoArtes no Centro Jundiaiense de Cultura Josefina Rodrigues da Silva (Jorosil), onde fica a Pinacoteca Municipal Di\u00f3genes Duarte Paes, e a Galeria de Arte Fernanda Perracini [&hellip;]<\/p>\n","protected":false},"author":14,"featured_media":287003,"comment_status":"closed","ping_status":"closed","sticky":false,"template":"","format":"standard","meta":{"footnotes":""},"categories":[2],"tags":[29,2776,423,56,1090,370,98],"ods":[],"class_list":["post-286999","post","type-post","status-publish","format-standard","has-post-thumbnail","hentry","category-noticias","tag-cultura","tag-expoartes","tag-exposicao","tag-galeria-de-arte-fernanda-perracini-milani","tag-jorosil","tag-pinacoteca-municipal-diogenes-duarte-paes","tag-teatro-polytheama"],"_links":{"self":[{"href":"https:\/\/jundiai.sp.gov.br\/noticias\/wp-json\/wp\/v2\/posts\/286999","targetHints":{"allow":["GET"]}}],"collection":[{"href":"https:\/\/jundiai.sp.gov.br\/noticias\/wp-json\/wp\/v2\/posts"}],"about":[{"href":"https:\/\/jundiai.sp.gov.br\/noticias\/wp-json\/wp\/v2\/types\/post"}],"author":[{"embeddable":true,"href":"https:\/\/jundiai.sp.gov.br\/noticias\/wp-json\/wp\/v2\/users\/14"}],"replies":[{"embeddable":true,"href":"https:\/\/jundiai.sp.gov.br\/noticias\/wp-json\/wp\/v2\/comments?post=286999"}],"version-history":[{"count":5,"href":"https:\/\/jundiai.sp.gov.br\/noticias\/wp-json\/wp\/v2\/posts\/286999\/revisions"}],"predecessor-version":[{"id":287061,"href":"https:\/\/jundiai.sp.gov.br\/noticias\/wp-json\/wp\/v2\/posts\/286999\/revisions\/287061"}],"wp:featuredmedia":[{"embeddable":true,"href":"https:\/\/jundiai.sp.gov.br\/noticias\/wp-json\/wp\/v2\/media\/287003"}],"wp:attachment":[{"href":"https:\/\/jundiai.sp.gov.br\/noticias\/wp-json\/wp\/v2\/media?parent=286999"}],"wp:term":[{"taxonomy":"category","embeddable":true,"href":"https:\/\/jundiai.sp.gov.br\/noticias\/wp-json\/wp\/v2\/categories?post=286999"},{"taxonomy":"post_tag","embeddable":true,"href":"https:\/\/jundiai.sp.gov.br\/noticias\/wp-json\/wp\/v2\/tags?post=286999"},{"taxonomy":"ods","embeddable":true,"href":"https:\/\/jundiai.sp.gov.br\/noticias\/wp-json\/wp\/v2\/ods?post=286999"}],"curies":[{"name":"wp","href":"https:\/\/api.w.org\/{rel}","templated":true}]}}