{"id":287035,"date":"2022-03-03T15:38:07","date_gmt":"2022-03-03T18:38:07","guid":{"rendered":"https:\/\/jundiai.sp.gov.br\/noticias\/?p=287035"},"modified":"2022-03-08T10:37:48","modified_gmt":"2022-03-08T13:37:48","slug":"oficina-participativa-do-plano-da-mata-atlantica-e-cerrado-e-neste-sabado-5","status":"publish","type":"post","link":"https:\/\/jundiai.sp.gov.br\/noticias\/2022\/03\/03\/oficina-participativa-do-plano-da-mata-atlantica-e-cerrado-e-neste-sabado-5\/","title":{"rendered":"Oficina Participativa do Plano da Mata Atl\u00e2ntica e Cerrado \u00e9 neste s\u00e1bado (5)"},"content":{"rendered":"\n<p>Neste s\u00e1bado (5), a Unidade de Gest\u00e3o de Planejamento Urbano e Meio Ambiente (UGPUMA) promove, \u00e0s 9 horas, a Oficina Participativa do Plano Municipal de Conserva\u00e7\u00e3o e Recupera\u00e7\u00e3o da Mata Atl\u00e2ntica e Cerrado de Jundia\u00ed. O evento ser\u00e1 on-line e poder\u00e1 ser acessado pelo <a href=\"http:\/\/meet.google.com\/mnf-rcvn-fiq\">link<\/a>.&nbsp;<\/p>\n\n\n\n<p>A constru\u00e7\u00e3o do Plano conta com diversas etapas e a Oficina Participativa tem como objetivo identificar as \u00e1reas priorit\u00e1rias para conserva\u00e7\u00e3o e recupera\u00e7\u00e3o dos dois biomas no munic\u00edpio, a partir da percep\u00e7\u00e3o dos participantes.&nbsp;<\/p>\n\n\n\n<figure class=\"wp-block-image size-full is-resized\"><img loading=\"lazy\" decoding=\"async\" src=\"https:\/\/jundiai.sp.gov.br\/noticias\/wp-content\/uploads\/sites\/32\/2022\/03\/aereas-feira-do-anhangabau_c_-4.jpg\" alt=\"DESCRI\u00c7\u00c3O DA IMAGEM:\nFoto a\u00e9rea mostra ruas, constru\u00e7\u00f5es e uma grande \u00e1rea verde com \u00e1rvores\" class=\"wp-image-287039\" width=\"840\" height=\"472\" srcset=\"https:\/\/jundiai.sp.gov.br\/noticias\/wp-content\/uploads\/sites\/32\/2022\/03\/aereas-feira-do-anhangabau_c_-4.jpg 1280w, https:\/\/jundiai.sp.gov.br\/noticias\/wp-content\/uploads\/sites\/32\/2022\/03\/aereas-feira-do-anhangabau_c_-4-300x169.jpg 300w, https:\/\/jundiai.sp.gov.br\/noticias\/wp-content\/uploads\/sites\/32\/2022\/03\/aereas-feira-do-anhangabau_c_-4-768x432.jpg 768w\" sizes=\"auto, (max-width: 840px) 100vw, 840px\" \/><figcaption>Popula\u00e7\u00e3o pode contribuir com o diagn\u00f3stico do Plano<\/figcaption><\/figure>\n\n\n\n<p>\u201cDurante o evento, os participantes poder\u00e3o conhecer as localiza\u00e7\u00f5es das \u00e1reas, com a apresenta\u00e7\u00e3o de mapas dos bairros com a identifica\u00e7\u00e3o, por exemplo, de equipamentos p\u00fablicos e pontos de refer\u00eancias. Essa \u00e9 uma maneira de ampliar a participa\u00e7\u00e3o ativa da popula\u00e7\u00e3o, que pode indicar a necessidade de implanta\u00e7\u00e3o de \u00e1reas verdes, tanto de uso sociais como ecol\u00f3gicos\u201d, explica o diretor do Departamento de Meio Ambiente, Wagner de Paiva.&nbsp;<\/p>\n\n\n\n<p>A participa\u00e7\u00e3o da popula\u00e7\u00e3o em todas as etapas do Plano \u00e9 muito importante. \u201cConvidamos e contamos com a ades\u00e3o e participa\u00e7\u00e3o da popula\u00e7\u00e3o, que sempre contribui para a avalia\u00e7\u00e3o do diagn\u00f3stico das \u00e1reas verdes da cidade e, tamb\u00e9m, para delinear os poss\u00edveis cen\u00e1rios para essas \u00e1reas\u201d, comenta o gestor da UGPUMA, Sin\u00e9sio Scarabello Filho.<\/p>\n\n\n\n<p><strong>Assessoria de Imprensa<\/strong><br><strong>Fotos: Fot\u00f3grafos PMJ<\/strong><\/p>\n","protected":false},"excerpt":{"rendered":"<p>Neste s\u00e1bado (5), a Unidade de Gest\u00e3o de Planejamento Urbano e Meio Ambiente (UGPUMA) promove, \u00e0s 9 horas, a Oficina Participativa do Plano Municipal de Conserva\u00e7\u00e3o e Recupera\u00e7\u00e3o da Mata Atl\u00e2ntica e Cerrado de Jundia\u00ed. O evento ser\u00e1 on-line e poder\u00e1 ser acessado pelo link.&nbsp; A constru\u00e7\u00e3o do Plano conta com diversas etapas e a [&hellip;]<\/p>\n","protected":false},"author":70,"featured_media":287039,"comment_status":"closed","ping_status":"closed","sticky":false,"template":"","format":"standard","meta":{"footnotes":""},"categories":[2],"tags":[984,2235,1187],"ods":[],"class_list":["post-287035","post","type-post","status-publish","format-standard","has-post-thumbnail","hentry","category-noticias","tag-planejamento-urbano-e-meio-ambiente","tag-plano-de-conservacao-da-mata-atlantica-e-cerrado","tag-ugpuma"],"_links":{"self":[{"href":"https:\/\/jundiai.sp.gov.br\/noticias\/wp-json\/wp\/v2\/posts\/287035","targetHints":{"allow":["GET"]}}],"collection":[{"href":"https:\/\/jundiai.sp.gov.br\/noticias\/wp-json\/wp\/v2\/posts"}],"about":[{"href":"https:\/\/jundiai.sp.gov.br\/noticias\/wp-json\/wp\/v2\/types\/post"}],"author":[{"embeddable":true,"href":"https:\/\/jundiai.sp.gov.br\/noticias\/wp-json\/wp\/v2\/users\/70"}],"replies":[{"embeddable":true,"href":"https:\/\/jundiai.sp.gov.br\/noticias\/wp-json\/wp\/v2\/comments?post=287035"}],"version-history":[{"count":4,"href":"https:\/\/jundiai.sp.gov.br\/noticias\/wp-json\/wp\/v2\/posts\/287035\/revisions"}],"predecessor-version":[{"id":287046,"href":"https:\/\/jundiai.sp.gov.br\/noticias\/wp-json\/wp\/v2\/posts\/287035\/revisions\/287046"}],"wp:featuredmedia":[{"embeddable":true,"href":"https:\/\/jundiai.sp.gov.br\/noticias\/wp-json\/wp\/v2\/media\/287039"}],"wp:attachment":[{"href":"https:\/\/jundiai.sp.gov.br\/noticias\/wp-json\/wp\/v2\/media?parent=287035"}],"wp:term":[{"taxonomy":"category","embeddable":true,"href":"https:\/\/jundiai.sp.gov.br\/noticias\/wp-json\/wp\/v2\/categories?post=287035"},{"taxonomy":"post_tag","embeddable":true,"href":"https:\/\/jundiai.sp.gov.br\/noticias\/wp-json\/wp\/v2\/tags?post=287035"},{"taxonomy":"ods","embeddable":true,"href":"https:\/\/jundiai.sp.gov.br\/noticias\/wp-json\/wp\/v2\/ods?post=287035"}],"curies":[{"name":"wp","href":"https:\/\/api.w.org\/{rel}","templated":true}]}}