{"id":287651,"date":"2022-03-11T12:56:19","date_gmt":"2022-03-11T15:56:19","guid":{"rendered":"https:\/\/jundiai.sp.gov.br\/noticias\/?p=287651"},"modified":"2022-03-11T12:56:19","modified_gmt":"2022-03-11T15:56:19","slug":"encontro-de-reflexao-sobre-a-historia-da-aids-reune-pacientes-familiares-e-profissionais-de-saude-na-biblioteca-municipal","status":"publish","type":"post","link":"https:\/\/jundiai.sp.gov.br\/noticias\/2022\/03\/11\/encontro-de-reflexao-sobre-a-historia-da-aids-reune-pacientes-familiares-e-profissionais-de-saude-na-biblioteca-municipal\/","title":{"rendered":"Encontro de reflex\u00e3o sobre a hist\u00f3ria da AIDS re\u00fane pacientes, familiares e profissionais de sa\u00fade na Biblioteca Municipal"},"content":{"rendered":"\n<p>O Centro de Testagem e Aconselhamento (CTA) e o Ambulat\u00f3rio de Mol\u00e9stias Infectocontagiosas (AMI), equipamentos da Unidade de Gest\u00e3o de Promo\u00e7\u00e3o da Sa\u00fade (UGPS), realizaram na noite dessa quinta-feira (10) o encontro \u201cO Tempo n\u00e3o para\u201d, que reuniu na Biblioteca Professor Nelson Foot dezenas de pacientes, familiares, funcion\u00e1rios, demais profissionais e outros envolvidos na causa.<\/p>\n\n\n\n<p>A proposta do encontro, cujo tema homenageia a can\u00e7\u00e3o famosa na voz de Cazuza, v\u00edtima da doen\u00e7a, foi de relembrar e refletir sobre a hist\u00f3ria da AIDS, doen\u00e7a que completou 40 anos. Al\u00e9m do encontro, que reuniu tamb\u00e9m as interven\u00e7\u00f5es art\u00edsticas, como apresenta\u00e7\u00f5es da Cia. Paulista de Artes, do Coral Afro Griot \u201cO Canto de um povo\u201d e da artista Karol Della Lastra.<\/p>\n\n\n\n<p>A idealiza\u00e7\u00e3o da exposi\u00e7\u00e3o e da cerim\u00f4nia de encerramento ficou a cargo da gerente do CTA, Maria de Lurdes Munhoz; da coordenadora do programa municipal de Infec\u00e7\u00f5es Sexual Transmiss\u00edveis (IST)\/AIDS, Flavia Gennari; e de toda a equipe do CTA. Segundo Flavia, a proposta das atividades foi de trazer novamente para a pauta a hist\u00f3ria e a luta contra a doen\u00e7a no Munic\u00edpio. \u201cA AIDS ainda \u00e9 uma doen\u00e7a end\u00eamica, cujo diagn\u00f3stico precoce aumenta a sobrevida. Assim decidimos compartilhar as hist\u00f3rias e viv\u00eancias dos envolvidos com o tema e mostrar como a luta contra a doen\u00e7a \u00e9 tamb\u00e9m uma luta contra o preconceito, que infelizmente ainda existe\u201d.<\/p>\n\n\n\n<figure class=\"wp-block-image size-full\"><img loading=\"lazy\" decoding=\"async\" width=\"1280\" height=\"853\" src=\"https:\/\/jundiai.sp.gov.br\/noticias\/wp-content\/uploads\/sites\/32\/2022\/03\/encontro-aids-biblioteca-114.jpg\" alt=\"\" class=\"wp-image-287655\" srcset=\"https:\/\/jundiai.sp.gov.br\/noticias\/wp-content\/uploads\/sites\/32\/2022\/03\/encontro-aids-biblioteca-114.jpg 1280w, https:\/\/jundiai.sp.gov.br\/noticias\/wp-content\/uploads\/sites\/32\/2022\/03\/encontro-aids-biblioteca-114-300x200.jpg 300w, https:\/\/jundiai.sp.gov.br\/noticias\/wp-content\/uploads\/sites\/32\/2022\/03\/encontro-aids-biblioteca-114-768x512.jpg 768w, https:\/\/jundiai.sp.gov.br\/noticias\/wp-content\/uploads\/sites\/32\/2022\/03\/encontro-aids-biblioteca-114-450x300.jpg 450w\" sizes=\"auto, (max-width: 1280px) 100vw, 1280px\" \/><figcaption>Encontro reuniu pacientes, familiares, funcion\u00e1rios, demais profissionais e outros envolvidos na causa<\/figcaption><\/figure>\n\n\n\n<p>Os visitantes puderam conferir ainda a exposi\u00e7\u00e3o de mesmo nome, com fotos, material educativo, colchas de retalhos e uma linha hist\u00f3rica sobre a doen\u00e7a, e que segue \u00e0 mostra no espa\u00e7o de exposi\u00e7\u00f5es S\u00f4nia Cintra at\u00e9 o dia 30 de mar\u00e7o.<\/p>\n\n\n\n<p>Para o gestor de Cultura, Marcelo Peroni, o trabalho desenvolvido \u00e9 motivo de inspira\u00e7\u00e3o. \u201cAssim como compartilhei com voc\u00eas em janeiro, durante a cerim\u00f4nia de abertura da exposi\u00e7\u00e3o aqui na Biblioteca, o servi\u00e7o desenvolvido pelo CTA \u00e9 motivo de orgulho para Jundia\u00ed, tendo sido capaz de inspirar o trabalho de outros Munic\u00edpios e o reconhecimento at\u00e9 mesmo internacional. Trata-se de uma hist\u00f3ria constru\u00edda ao longo destes anos por tantas m\u00e3os. Pessoalmente, fico tamb\u00e9m inspirado de ter participado desta hist\u00f3ria enquanto ator, no desenvolvimento de projetos de divulga\u00e7\u00e3o e campanhas preventivas\u201d.<\/p>\n\n\n\n<p>A gestora-adjunta da UGPS, Dayane Martins, tamb\u00e9m enalteceu o trabalho desenvolvido pelo servi\u00e7o. \u201cA pandemia lan\u00e7ou luz sobre a import\u00e2ncia do trabalho do profissional de sa\u00fade. E esta noite de celebra\u00e7\u00e3o s\u00f3 foi poss\u00edvel gra\u00e7as ao envolvimento e comprometimento de uma equipe que leva muito a s\u00e9rio o seu trabalho. O acesso \u00e0 informa\u00e7\u00e3o e o combate ao preconceito ainda s\u00e3o necess\u00e1rios, mas os avan\u00e7os e objetivos atingidos s\u00e3o motivos de comemora\u00e7\u00e3o\u201d.<\/p>\n\n\n\n<p>A Biblioteca fica na avenida Dr. Cavalcanti, 396, Complexo Argos. Mais informa\u00e7\u00f5es pelo telefone 4527-2110.<\/p>\n\n\n\n<figure class=\"wp-block-image size-full\"><img loading=\"lazy\" decoding=\"async\" width=\"1280\" height=\"853\" src=\"https:\/\/jundiai.sp.gov.br\/noticias\/wp-content\/uploads\/sites\/32\/2022\/03\/encontro-aids-biblioteca-13.jpg\" alt=\"\" class=\"wp-image-287656\" srcset=\"https:\/\/jundiai.sp.gov.br\/noticias\/wp-content\/uploads\/sites\/32\/2022\/03\/encontro-aids-biblioteca-13.jpg 1280w, https:\/\/jundiai.sp.gov.br\/noticias\/wp-content\/uploads\/sites\/32\/2022\/03\/encontro-aids-biblioteca-13-300x200.jpg 300w, https:\/\/jundiai.sp.gov.br\/noticias\/wp-content\/uploads\/sites\/32\/2022\/03\/encontro-aids-biblioteca-13-768x512.jpg 768w, https:\/\/jundiai.sp.gov.br\/noticias\/wp-content\/uploads\/sites\/32\/2022\/03\/encontro-aids-biblioteca-13-450x300.jpg 450w\" sizes=\"auto, (max-width: 1280px) 100vw, 1280px\" \/><figcaption>Exposi\u00e7\u00e3o segue para visita\u00e7\u00e3o gratuita at\u00e9 o dia 30<\/figcaption><\/figure>\n\n\n\n<p><strong>Servi\u00e7o<\/strong><br>O CTA e o AMI fazem parte da aten\u00e7\u00e3o integral para o tratamento de IST, HIV, s\u00edfilis e hepatites virais. Respectivamente, atuam na preven\u00e7\u00e3o, aconselhamento emocional e diagn\u00f3stico seguro, sigiloso e gratuito das doen\u00e7as, e, na sequ\u00eancia, em seu tratamento. Os servi\u00e7os ficam na rua Conde de Monsanto, 480 \u2013 Vianelo, e funcionam de segunda a sexta-feira, das 7h \u00e0s 17h. Mais informa\u00e7\u00f5es pelos telefones 4527-3770\/ 3760.<\/p>\n\n\n\n<p><strong>Assessoria de Imprensa<br>Fotos: Fot\u00f3grafos PMJ<\/strong><\/p>\n","protected":false},"excerpt":{"rendered":"<p>O Centro de Testagem e Aconselhamento (CTA) e o Ambulat\u00f3rio de Mol\u00e9stias Infectocontagiosas (AMI), equipamentos da Unidade de Gest\u00e3o de Promo\u00e7\u00e3o da Sa\u00fade (UGPS), realizaram na noite dessa quinta-feira (10) o encontro \u201cO Tempo n\u00e3o para\u201d, que reuniu na Biblioteca Professor Nelson Foot dezenas de pacientes, familiares, funcion\u00e1rios, demais profissionais e outros envolvidos na causa. [&hellip;]<\/p>\n","protected":false},"author":14,"featured_media":287655,"comment_status":"closed","ping_status":"closed","sticky":false,"template":"","format":"standard","meta":{"footnotes":""},"categories":[2],"tags":[505,29,423,981],"ods":[],"class_list":["post-287651","post","type-post","status-publish","format-standard","has-post-thumbnail","hentry","category-noticias","tag-biblioteca-municipal-professor-nelson-foot","tag-cultura","tag-exposicao","tag-promocao-da-saude"],"_links":{"self":[{"href":"https:\/\/jundiai.sp.gov.br\/noticias\/wp-json\/wp\/v2\/posts\/287651","targetHints":{"allow":["GET"]}}],"collection":[{"href":"https:\/\/jundiai.sp.gov.br\/noticias\/wp-json\/wp\/v2\/posts"}],"about":[{"href":"https:\/\/jundiai.sp.gov.br\/noticias\/wp-json\/wp\/v2\/types\/post"}],"author":[{"embeddable":true,"href":"https:\/\/jundiai.sp.gov.br\/noticias\/wp-json\/wp\/v2\/users\/14"}],"replies":[{"embeddable":true,"href":"https:\/\/jundiai.sp.gov.br\/noticias\/wp-json\/wp\/v2\/comments?post=287651"}],"version-history":[{"count":2,"href":"https:\/\/jundiai.sp.gov.br\/noticias\/wp-json\/wp\/v2\/posts\/287651\/revisions"}],"predecessor-version":[{"id":287672,"href":"https:\/\/jundiai.sp.gov.br\/noticias\/wp-json\/wp\/v2\/posts\/287651\/revisions\/287672"}],"wp:featuredmedia":[{"embeddable":true,"href":"https:\/\/jundiai.sp.gov.br\/noticias\/wp-json\/wp\/v2\/media\/287655"}],"wp:attachment":[{"href":"https:\/\/jundiai.sp.gov.br\/noticias\/wp-json\/wp\/v2\/media?parent=287651"}],"wp:term":[{"taxonomy":"category","embeddable":true,"href":"https:\/\/jundiai.sp.gov.br\/noticias\/wp-json\/wp\/v2\/categories?post=287651"},{"taxonomy":"post_tag","embeddable":true,"href":"https:\/\/jundiai.sp.gov.br\/noticias\/wp-json\/wp\/v2\/tags?post=287651"},{"taxonomy":"ods","embeddable":true,"href":"https:\/\/jundiai.sp.gov.br\/noticias\/wp-json\/wp\/v2\/ods?post=287651"}],"curies":[{"name":"wp","href":"https:\/\/api.w.org\/{rel}","templated":true}]}}