{"id":287851,"date":"2022-03-15T12:00:48","date_gmt":"2022-03-15T15:00:48","guid":{"rendered":"https:\/\/jundiai.sp.gov.br\/noticias\/?p=287851"},"modified":"2022-03-15T12:02:31","modified_gmt":"2022-03-15T15:02:31","slug":"iniciacao-a-costura-criativa-e-novidade-em-curso-gratuito-no-fundo-social","status":"publish","type":"post","link":"https:\/\/jundiai.sp.gov.br\/noticias\/2022\/03\/15\/iniciacao-a-costura-criativa-e-novidade-em-curso-gratuito-no-fundo-social\/","title":{"rendered":"Inicia\u00e7\u00e3o \u00e0 Costura Criativa \u00e9 novidade em curso gratuito no Fundo Social"},"content":{"rendered":"\n<p>O Fundo Social de Solidariedade de Jundia\u00ed (Funss) abrir\u00e1, nesta quarta-feira (16), \u00e0s 9h, inscri\u00e7\u00f5es on-line para cursos presenciais e gratuitos. A novidade fica por conta da Inicia\u00e7\u00e3o \u00e0 Costura Criativa, que contar\u00e1 com uma turma pela manh\u00e3 e outra no per\u00edodo da tarde. A capacita\u00e7\u00e3o tem n\u00edvel b\u00e1sico e ser\u00e1 voltada para pessoas que n\u00e3o sabem costurar. Durante as aulas, os alunos aprender\u00e3o a confeccionar aventais, toalhas de rosto, guardanapos e necessaire, entre outras pe\u00e7as pequenas. Tamb\u00e9m ter\u00e3o a oportunidade de conhecer e operar a m\u00e1quina de costura, bem como de compreender a melhor combina\u00e7\u00e3o de tecidos e cores.<\/p>\n\n\n\n<p>Poder\u00e3o participar, pessoas com 16 anos ou mais, residentes em Jundia\u00ed e com o Ensino Fundamental completo. \u00c9 obrigat\u00f3ria a apresenta\u00e7\u00e3o do comprovante de vacina\u00e7\u00e3o contra a COVID-19.<\/p>\n\n\n\n<figure class=\"wp-block-image size-full\"><img loading=\"lazy\" decoding=\"async\" width=\"1280\" height=\"853\" src=\"https:\/\/jundiai.sp.gov.br\/noticias\/wp-content\/uploads\/sites\/32\/2022\/03\/iniciacao-a-costura-criativa-4.jpg\" alt=\"\" class=\"wp-image-287852\" srcset=\"https:\/\/jundiai.sp.gov.br\/noticias\/wp-content\/uploads\/sites\/32\/2022\/03\/iniciacao-a-costura-criativa-4.jpg 1280w, https:\/\/jundiai.sp.gov.br\/noticias\/wp-content\/uploads\/sites\/32\/2022\/03\/iniciacao-a-costura-criativa-4-300x200.jpg 300w, https:\/\/jundiai.sp.gov.br\/noticias\/wp-content\/uploads\/sites\/32\/2022\/03\/iniciacao-a-costura-criativa-4-768x512.jpg 768w, https:\/\/jundiai.sp.gov.br\/noticias\/wp-content\/uploads\/sites\/32\/2022\/03\/iniciacao-a-costura-criativa-4-450x300.jpg 450w\" sizes=\"auto, (max-width: 1280px) 100vw, 1280px\" \/><figcaption>O curso de Inicia\u00e7\u00e3o \u00e0 Costura Criativa \u00e9 voltado para quem n\u00e3o sabe costurar<\/figcaption><\/figure>\n\n\n\n<p>Os interessados dever\u00e3o acessar os links descritos abaixo, no entanto, o envio do formul\u00e1rio \u00e9 considerado como inten\u00e7\u00e3o de participa\u00e7\u00e3o e, por isso, n\u00e3o garante o preenchimento da vaga. O crit\u00e9rio de sele\u00e7\u00e3o e forma\u00e7\u00e3o das turmas \u00e9 a ordem de envio destas informa\u00e7\u00f5es, que considera hora, minuto e segundo.<\/p>\n\n\n\n<p>Os nomes dos alunos matriculados ser\u00e3o divulgados no site da Prefeitura de Jundia\u00ed e dados detalhados ser\u00e3o repassados por meio do contato de WhatsApp informado no ato da pr\u00e9-inscri\u00e7\u00e3o apenas aos alunos contemplados com a vaga. As fichas n\u00e3o contempladas est\u00e3o, automaticamente, na lista de espera e poder\u00e3o ser convocadas em caso de desist\u00eancia.<\/p>\n\n\n\n<p>Veja o cronograma de aulas:<\/p>\n\n\n\n<p><strong>Curso: Designer de Sobrancelha<\/strong><strong><\/strong><\/p>\n\n\n\n<p>In\u00edcio: 04\/04\/2022<\/p>\n\n\n\n<p>T\u00e9rmino: 27\/04\/2022<\/p>\n\n\n\n<p>Dias: segunda e quarta-feira<\/p>\n\n\n\n<p>Hor\u00e1rio: 8h \u00e0s 12h<\/p>\n\n\n\n<p>Local: Fundo Social<\/p>\n\n\n\n<p>Vagas: 10 vagas<\/p>\n\n\n\n<p>Link para inscri\u00e7\u00e3o: <a href=\"https:\/\/forms.gle\/rU3swXifL5dPDdgs9\" target=\"_blank\" rel=\"noreferrer noopener\">https:\/\/forms.gle\/rU3swXifL5dPDdgs9<\/a><\/p>\n\n\n\n<p><strong>Curso: Eletricista Residencial<\/strong><strong><\/strong><\/p>\n\n\n\n<p>In\u00edcio: 04\/04\/2022<\/p>\n\n\n\n<p>T\u00e9rmino: 27\/04\/2022<\/p>\n\n\n\n<p>Dias: segunda a quarta-feira<\/p>\n\n\n\n<p>Hor\u00e1rio: 18h \u00e0s 22h<\/p>\n\n\n\n<p>Local: Fundo Social<\/p>\n\n\n\n<p>Vagas: 12 vagas<\/p>\n\n\n\n<p>Link para inscri\u00e7\u00e3o: <a href=\"https:\/\/forms.gle\/7g64fDqPgGrwM9Yp8\" target=\"_blank\" rel=\"noreferrer noopener\">https:\/\/forms.gle\/7g64fDqPgGrwM9Yp8<\/a><\/p>\n\n\n\n<p><strong>Curso: Manicure<\/strong> <strong>e Pedicure<\/strong><\/p>\n\n\n\n<p>In\u00edcio: 04\/04\/2022<\/p>\n\n\n\n<p>T\u00e9rmino: 27\/04\/2022<\/p>\n\n\n\n<p>Dias: segunda a quarta-feira<\/p>\n\n\n\n<p>Hor\u00e1rio: 18h \u00e0s 22h<\/p>\n\n\n\n<p>Local: Fundo Social<\/p>\n\n\n\n<p>Vagas: 10 vagas<\/p>\n\n\n\n<p>Link para inscri\u00e7\u00e3o: <a href=\"https:\/\/forms.gle\/97Jn9XGzALxgT4DKA\" target=\"_blank\" rel=\"noreferrer noopener\">https:\/\/forms.gle\/97Jn9XGzALxgT4DKA<\/a><\/p>\n\n\n\n<p><strong>Curso: Inicia\u00e7\u00e3o \u00e0 Costura Criativa<\/strong><strong><\/strong><\/p>\n\n\n\n<p>In\u00edcio: 05\/04\/2022<\/p>\n\n\n\n<p>T\u00e9rmino: 24\/05\/2022<\/p>\n\n\n\n<p>Dias: sempre \u00e0s ter\u00e7as-feiras<\/p>\n\n\n\n<p>Hor\u00e1rio: 8h \u00e0s 12h<\/p>\n\n\n\n<p>Local: Fundo Social<\/p>\n\n\n\n<p>Vagas: 10 vagas<\/p>\n\n\n\n<p>Link para inscri\u00e7\u00e3o: <a href=\"https:\/\/forms.gle\/ZKDdrbZd2qM5P9UB8\" target=\"_blank\" rel=\"noreferrer noopener\">https:\/\/forms.gle\/ZKDdrbZd2qM5P9UB8<\/a><\/p>\n\n\n\n<p><strong>Curso: Inicia\u00e7\u00e3o \u00e0 Costura Criativa<\/strong><strong><\/strong><\/p>\n\n\n\n<p>In\u00edcio: 05\/04\/2022<\/p>\n\n\n\n<p>T\u00e9rmino: 24\/05\/2022<\/p>\n\n\n\n<p>Dias: sempre \u00e0s ter\u00e7as-feiras<\/p>\n\n\n\n<p>Hor\u00e1rio: 13h \u00e0s 17h<\/p>\n\n\n\n<p>Local: Fundo Social<\/p>\n\n\n\n<p>Vagas: 10 vagas<\/p>\n\n\n\n<p>Link para inscri\u00e7\u00e3o: <a href=\"https:\/\/forms.gle\/TBh61CPidYizWudy9\" target=\"_blank\" rel=\"noreferrer noopener\">https:\/\/forms.gle\/TBh61CPidYizWudy9<\/a><\/p>\n\n\n\n<p>As aulas ser\u00e3o realizadas na sede do Fundo Social, dentro do Parque da Uva. O acesso \u00e9 pela avenida Dona Manoela Lacerda de Vergueiro, s\/n, port\u00e3o 03, bairro Anhangaba\u00fa. O funcionamento da unidade \u00e9 de segunda a sexta-feira, das 8h \u00e0s 17h, exceto feriados. Informa\u00e7\u00f5es pelos telefones (11) 4589-6319, 4589-6320, 4589-6322.<\/p>\n\n\n\n<p><strong>Assessoria de Imprensa<\/strong><strong><\/strong><\/p>\n\n\n\n<p><strong>Foto: Fot\u00f3grafo PMJ<\/strong><strong><\/strong><\/p>\n","protected":false},"excerpt":{"rendered":"<p>O Fundo Social de Solidariedade de Jundia\u00ed (Funss) abrir\u00e1, nesta quarta-feira (16), \u00e0s 9h, inscri\u00e7\u00f5es on-line para cursos presenciais e gratuitos. A novidade fica por conta da Inicia\u00e7\u00e3o \u00e0 Costura Criativa, que contar\u00e1 com uma turma pela manh\u00e3 e outra no per\u00edodo da tarde. A capacita\u00e7\u00e3o tem n\u00edvel b\u00e1sico e ser\u00e1 voltada para pessoas que [&hellip;]<\/p>\n","protected":false},"author":49,"featured_media":287853,"comment_status":"closed","ping_status":"closed","sticky":false,"template":"","format":"standard","meta":{"footnotes":""},"categories":[2],"tags":[1039,416],"ods":[],"class_list":["post-287851","post","type-post","status-publish","format-standard","has-post-thumbnail","hentry","category-noticias","tag-cursos-funss","tag-fundo-social-de-solidariedade-funss"],"_links":{"self":[{"href":"https:\/\/jundiai.sp.gov.br\/noticias\/wp-json\/wp\/v2\/posts\/287851","targetHints":{"allow":["GET"]}}],"collection":[{"href":"https:\/\/jundiai.sp.gov.br\/noticias\/wp-json\/wp\/v2\/posts"}],"about":[{"href":"https:\/\/jundiai.sp.gov.br\/noticias\/wp-json\/wp\/v2\/types\/post"}],"author":[{"embeddable":true,"href":"https:\/\/jundiai.sp.gov.br\/noticias\/wp-json\/wp\/v2\/users\/49"}],"replies":[{"embeddable":true,"href":"https:\/\/jundiai.sp.gov.br\/noticias\/wp-json\/wp\/v2\/comments?post=287851"}],"version-history":[{"count":2,"href":"https:\/\/jundiai.sp.gov.br\/noticias\/wp-json\/wp\/v2\/posts\/287851\/revisions"}],"predecessor-version":[{"id":287860,"href":"https:\/\/jundiai.sp.gov.br\/noticias\/wp-json\/wp\/v2\/posts\/287851\/revisions\/287860"}],"wp:featuredmedia":[{"embeddable":true,"href":"https:\/\/jundiai.sp.gov.br\/noticias\/wp-json\/wp\/v2\/media\/287853"}],"wp:attachment":[{"href":"https:\/\/jundiai.sp.gov.br\/noticias\/wp-json\/wp\/v2\/media?parent=287851"}],"wp:term":[{"taxonomy":"category","embeddable":true,"href":"https:\/\/jundiai.sp.gov.br\/noticias\/wp-json\/wp\/v2\/categories?post=287851"},{"taxonomy":"post_tag","embeddable":true,"href":"https:\/\/jundiai.sp.gov.br\/noticias\/wp-json\/wp\/v2\/tags?post=287851"},{"taxonomy":"ods","embeddable":true,"href":"https:\/\/jundiai.sp.gov.br\/noticias\/wp-json\/wp\/v2\/ods?post=287851"}],"curies":[{"name":"wp","href":"https:\/\/api.w.org\/{rel}","templated":true}]}}