{"id":287868,"date":"2022-03-15T17:37:42","date_gmt":"2022-03-15T20:37:42","guid":{"rendered":"https:\/\/jundiai.sp.gov.br\/noticias\/?p=287868"},"modified":"2022-03-15T17:37:42","modified_gmt":"2022-03-15T20:37:42","slug":"grupos-teatrais-da-cidade-apresentam-ao-publico-projetos-desenvolvidos-em-curso-da-companhia-de-teatro-municipal","status":"publish","type":"post","link":"https:\/\/jundiai.sp.gov.br\/noticias\/2022\/03\/15\/grupos-teatrais-da-cidade-apresentam-ao-publico-projetos-desenvolvidos-em-curso-da-companhia-de-teatro-municipal\/","title":{"rendered":"Grupos teatrais da cidade apresentam ao p\u00fablico projetos desenvolvidos em curso da Companhia de Teatro municipal"},"content":{"rendered":"\n<p>Os doze grupos, companhias e coletivos teatrais que participaram da primeira edi\u00e7\u00e3o do \u201cF\u00e9rias em Cena\u201d, desenvolvido pela Companhia de Teatro de Jundia\u00ed, corpo art\u00edstico da Unidade de Gest\u00e3o de Cultura (UGC), apresentaram ao p\u00fablico, na noite dessa segunda-feira (14), o resultado do trabalho desenvolvido.<\/p>\n\n\n\n<p>As apresenta\u00e7\u00f5es espalharam-se por diversos ambientes do Teatro Polytheama, come\u00e7ando sagu\u00e3o Ariosto Mila e adentrando na Sala Deolinda Copelli, tanto na plateia quanto no palco, al\u00e9m de camarins e \u00e1reas externas. \u201cVoc\u00eas ver\u00e3o aqui as cenas que ir\u00e3o compor os n\u00facleos de espet\u00e1culos que estes 12 grupos pretendem desenvolver. Cada um deles trouxe uma proposta, um peda\u00e7o de uma cena, ao in\u00edcio de nossos encontros para que pud\u00e9ssemos desenvolver ao longo de doze encontros. <a href=\"https:\/\/jundiai.sp.gov.br\/noticias\/2022\/02\/24\/cultura-realiza-formacao-em-processo-criativo-para-as-companhias-teatrais-da-cidade\/\">Ao final, eles todos se apresentaram para os demais colegas tamb\u00e9m aqui no Teatro<\/a> e agora voc\u00eas ser\u00e3o nossos convidados especiais\u201d, comentou a diretora art\u00edstica da Companhia de Teatro de Jundia\u00ed, Carla Candiotto, dando as boas-vindas aos participantes.<\/p>\n\n\n\n<figure class=\"wp-block-image size-full is-resized\"><img loading=\"lazy\" decoding=\"async\" src=\"https:\/\/jundiai.sp.gov.br\/noticias\/wp-content\/uploads\/sites\/32\/2022\/03\/curso-companhia-de-teatro-jundiai-62.jpg\" alt=\"\" class=\"wp-image-287873\" width=\"1002\" height=\"667\" srcset=\"https:\/\/jundiai.sp.gov.br\/noticias\/wp-content\/uploads\/sites\/32\/2022\/03\/curso-companhia-de-teatro-jundiai-62.jpg 1280w, https:\/\/jundiai.sp.gov.br\/noticias\/wp-content\/uploads\/sites\/32\/2022\/03\/curso-companhia-de-teatro-jundiai-62-300x200.jpg 300w, https:\/\/jundiai.sp.gov.br\/noticias\/wp-content\/uploads\/sites\/32\/2022\/03\/curso-companhia-de-teatro-jundiai-62-768x512.jpg 768w, https:\/\/jundiai.sp.gov.br\/noticias\/wp-content\/uploads\/sites\/32\/2022\/03\/curso-companhia-de-teatro-jundiai-62-450x300.jpg 450w\" sizes=\"auto, (max-width: 1002px) 100vw, 1002px\" \/><figcaption>As apresenta\u00e7\u00f5es seguiram a sequ\u00eancia da classifica\u00e7\u00e3o indicativa, come\u00e7ando pelo sagu\u00e3o com apresenta\u00e7\u00e3o infantil<\/figcaption><\/figure>\n\n\n\n<p>Apresentam-se na oportunidade os grupos Cena Quatro, Companhia do Acaso, Cia. Fenix, Cia. Paulista, Cia. Techiatto, Cia. Tramp de Palha\u00e7os, Cia. Um do Outro, Giro no Biombo, N\u00facleo H\u00edbrido, Respeit\u00e1vel P\u00fablico, Rick e Kelly e Um Grupo de Teatro. Por conta das locomo\u00e7\u00f5es dentro do Teatro para cada um dos ambientes com apresenta\u00e7\u00f5es, o p\u00fablico foi limitado a 40 pessoas, por ordem de chegada ao teatro.<\/p>\n\n\n\n<p>O gestor de Cultura, Marcelo Peroni, ressaltou a import\u00e2ncia da iniciativa. \u201cEsta primeira edi\u00e7\u00e3o do \u2018F\u00e9rias em Cena\u2019 permitiu um di\u00e1logo muito frut\u00edfero da companhia municipal com os demais envolvidos na linguagem art\u00edstica do Teatro, sejam em grupos, companhias e coletivos. Devido ao sucesso, decidimos abrir as portas do Teatro para o p\u00fablico em geral, que, mesmo vendo apenas uma parte do espet\u00e1culo que cada grupo est\u00e1 desenvolvendo, conseguiu se envolver bastante na proposta e certamente estar\u00e3o interessados em conferir o produto final de cada uma delas. Al\u00e9m do interc\u00e2mbio art\u00edstico, a proposta tamb\u00e9m cumpre o papel da forma\u00e7\u00e3o de p\u00fablico\u201d.<\/p>\n\n\n\n<figure class=\"wp-block-image size-full\"><img loading=\"lazy\" decoding=\"async\" width=\"1280\" height=\"853\" src=\"https:\/\/jundiai.sp.gov.br\/noticias\/wp-content\/uploads\/sites\/32\/2022\/03\/curso-companhia-de-teatro-jundiai-113.jpg\" alt=\"\" class=\"wp-image-287877\" srcset=\"https:\/\/jundiai.sp.gov.br\/noticias\/wp-content\/uploads\/sites\/32\/2022\/03\/curso-companhia-de-teatro-jundiai-113.jpg 1280w, https:\/\/jundiai.sp.gov.br\/noticias\/wp-content\/uploads\/sites\/32\/2022\/03\/curso-companhia-de-teatro-jundiai-113-300x200.jpg 300w, https:\/\/jundiai.sp.gov.br\/noticias\/wp-content\/uploads\/sites\/32\/2022\/03\/curso-companhia-de-teatro-jundiai-113-768x512.jpg 768w, https:\/\/jundiai.sp.gov.br\/noticias\/wp-content\/uploads\/sites\/32\/2022\/03\/curso-companhia-de-teatro-jundiai-113-450x300.jpg 450w\" sizes=\"auto, (max-width: 1280px) 100vw, 1280px\" \/><figcaption>Apresenta\u00e7\u00f5es exploraram os diversos ambientes do Teatro, como os fundos da plateia da Sala Deolinda Copelli<\/figcaption><\/figure>\n\n\n\n<p>Edivaldo Zanotti participou da iniciativa com projetos de dois grupos. Segundo ele, as orienta\u00e7\u00f5es da Carla trouxeram mais pot\u00eancia aos projetos apresentados. &#8220;Pela Cia. Paulista de Artes, apresentamos um trecho da pe\u00e7a &#8216;O inferno s\u00e3o os outros&#8217;, inspirada na obra de Jean-Paul Sartre, e para a qual as considera\u00e7\u00f5es da Carla lan\u00e7aram luz sobre a import\u00e2ncia de que cada integrante do grupo entenda e respeite seus pais. J\u00e1 pela Companhia do Acaso, trabalhamos a pe\u00e7a \u201cQuantos outros cabem num menino\u201d, que j\u00e1 tinha data marcada para estreia, inclusive, no Polytheama. As contribui\u00e7\u00f5es da Carla trouxeram muita pot\u00eancia ao espet\u00e1culo, comprovada pelo olhar de aprova\u00e7\u00e3o do p\u00fablico&#8221;.<\/p>\n\n\n\n<p>Outro ator participante foi Luan Silva, da Cia. Tramp de Palha\u00e7os. &#8220;O foco principal do trabalho da nossa companhia \u00e9 o Palha\u00e7o e, para o &#8216;F\u00e9rias em Cena&#8217;, trouxemos nosso projeto intitulado &#8216;Cegos&#8217;, a partir do qual temos desenvolvido pesquisas em Bufonaria, algo novo no Brasil. As orienta\u00e7\u00f5es da Carla trouxeram muita clareza para o nosso processo criativo, al\u00e9m de novas possibilidades para o desenvolvimento da linguagem. Sem contar a troca que tivemos com os demais grupos. Muitos deles n\u00e3o conhec\u00edamos, de outros s\u00f3 sab\u00edamos os nomes, mas pudemos acompanhar o processo criativo de cada um, oque gerou uma infinidade de novos olhares sobre a arte e sobre a diversidade de possibilidades art\u00edsticas dentro da linguagem do Teatro&#8221;, comentou.<\/p>\n\n\n\n<figure class=\"wp-block-image size-large is-resized\"><img loading=\"lazy\" decoding=\"async\" src=\"https:\/\/jundiai.sp.gov.br\/noticias\/wp-content\/uploads\/sites\/32\/2022\/03\/curso-companhia-de-teatro-jundiai-56-1272x960.jpg\" alt=\"\" class=\"wp-image-287869\" width=\"1018\" height=\"767\" srcset=\"https:\/\/jundiai.sp.gov.br\/noticias\/wp-content\/uploads\/sites\/32\/2022\/03\/curso-companhia-de-teatro-jundiai-56-1272x960.jpg 1272w, https:\/\/jundiai.sp.gov.br\/noticias\/wp-content\/uploads\/sites\/32\/2022\/03\/curso-companhia-de-teatro-jundiai-56-300x226.jpg 300w, https:\/\/jundiai.sp.gov.br\/noticias\/wp-content\/uploads\/sites\/32\/2022\/03\/curso-companhia-de-teatro-jundiai-56-768x580.jpg 768w, https:\/\/jundiai.sp.gov.br\/noticias\/wp-content\/uploads\/sites\/32\/2022\/03\/curso-companhia-de-teatro-jundiai-56.jpg 1280w\" sizes=\"auto, (max-width: 1018px) 100vw, 1018px\" \/><figcaption>Estudantes de Teatro, Livia e Kelvin decidiram conferir a proposta<\/figcaption><\/figure>\n\n\n\n<p>Os jovens Livia Gomes e Kelvin Casamassa s\u00e3o estudantes de Teatro e vieram conferir as apresenta\u00e7\u00f5es a convite de um amigo. \u201cComo estudo Teatro h\u00e1 pouco tempo, vim mais por conta da curiosidade e para experimentar conte\u00fados diferentes, j\u00e1 que para a noite est\u00e3o previstas apresenta\u00e7\u00f5es para todas as idades\u201d, comentou o rapaz.<\/p>\n\n\n\n<p>Livia tamb\u00e9m elogiou a proposta. \u201cAchei a proposta das apresenta\u00e7\u00f5es muito interessante, principalmente para a gente que estuda Teatro e precisa consumir o que as companhias da cidade est\u00e3o produzindo\u201d.<\/p>\n\n\n\n<p><\/p>\n\n\n\n<p><strong>Mais Companhia de Teatro<\/strong><br>A <a href=\"https:\/\/jundiai.sp.gov.br\/noticias\/2022\/03\/02\/estao-abertas-inscricoes-para-os-corpos-artisticos-municipais-de-teatro-e-de-danca-e-a-orquestra-sinfonica-municipal\/\">Cultura recebe at\u00e9 o dia 11 de abril as inscri\u00e7\u00f5es de artistas interessados em compor os corpos art\u00edsticos municipais<\/a>, entre eles a Companhia de Teatro, al\u00e9m das companhias de Dan\u00e7a e de M\u00fasica (Orquestra Sinf\u00f4nica Municipal de Jundia\u00ed \u2013 OSMJ). <a rel=\"noreferrer noopener\" href=\"https:\/\/cultura.jundiai.sp.gov.br\/editais-e-regulamentos\/\" target=\"_blank\">Os editais e links dos formul\u00e1rios para inscri\u00e7\u00f5es podem ser conferidos no site da Cultura<\/a>.<\/p>\n\n\n\n<p><strong>Assessoria de Imprensa<br>Fotos: Fot\u00f3grafos PMJ<\/strong><br><\/p>\n","protected":false},"excerpt":{"rendered":"<p>Os doze grupos, companhias e coletivos teatrais que participaram da primeira edi\u00e7\u00e3o do \u201cF\u00e9rias em Cena\u201d, desenvolvido pela Companhia de Teatro de Jundia\u00ed, corpo art\u00edstico da Unidade de Gest\u00e3o de Cultura (UGC), apresentaram ao p\u00fablico, na noite dessa segunda-feira (14), o resultado do trabalho desenvolvido. As apresenta\u00e7\u00f5es espalharam-se por diversos ambientes do Teatro Polytheama, come\u00e7ando [&hellip;]<\/p>\n","protected":false},"author":14,"featured_media":287878,"comment_status":"closed","ping_status":"closed","sticky":false,"template":"","format":"standard","meta":{"footnotes":""},"categories":[2],"tags":[812,29,400,98],"ods":[],"class_list":["post-287868","post","type-post","status-publish","format-standard","has-post-thumbnail","hentry","category-noticias","tag-companhia-de-teatro-de-jundiai","tag-cultura","tag-teatro","tag-teatro-polytheama"],"_links":{"self":[{"href":"https:\/\/jundiai.sp.gov.br\/noticias\/wp-json\/wp\/v2\/posts\/287868","targetHints":{"allow":["GET"]}}],"collection":[{"href":"https:\/\/jundiai.sp.gov.br\/noticias\/wp-json\/wp\/v2\/posts"}],"about":[{"href":"https:\/\/jundiai.sp.gov.br\/noticias\/wp-json\/wp\/v2\/types\/post"}],"author":[{"embeddable":true,"href":"https:\/\/jundiai.sp.gov.br\/noticias\/wp-json\/wp\/v2\/users\/14"}],"replies":[{"embeddable":true,"href":"https:\/\/jundiai.sp.gov.br\/noticias\/wp-json\/wp\/v2\/comments?post=287868"}],"version-history":[{"count":6,"href":"https:\/\/jundiai.sp.gov.br\/noticias\/wp-json\/wp\/v2\/posts\/287868\/revisions"}],"predecessor-version":[{"id":287940,"href":"https:\/\/jundiai.sp.gov.br\/noticias\/wp-json\/wp\/v2\/posts\/287868\/revisions\/287940"}],"wp:featuredmedia":[{"embeddable":true,"href":"https:\/\/jundiai.sp.gov.br\/noticias\/wp-json\/wp\/v2\/media\/287878"}],"wp:attachment":[{"href":"https:\/\/jundiai.sp.gov.br\/noticias\/wp-json\/wp\/v2\/media?parent=287868"}],"wp:term":[{"taxonomy":"category","embeddable":true,"href":"https:\/\/jundiai.sp.gov.br\/noticias\/wp-json\/wp\/v2\/categories?post=287868"},{"taxonomy":"post_tag","embeddable":true,"href":"https:\/\/jundiai.sp.gov.br\/noticias\/wp-json\/wp\/v2\/tags?post=287868"},{"taxonomy":"ods","embeddable":true,"href":"https:\/\/jundiai.sp.gov.br\/noticias\/wp-json\/wp\/v2\/ods?post=287868"}],"curies":[{"name":"wp","href":"https:\/\/api.w.org\/{rel}","templated":true}]}}