{"id":288110,"date":"2022-03-17T16:57:14","date_gmt":"2022-03-17T19:57:14","guid":{"rendered":"https:\/\/jundiai.sp.gov.br\/noticias\/?p=288110"},"modified":"2022-03-18T09:45:03","modified_gmt":"2022-03-18T12:45:03","slug":"plano-de-bairro-do-novo-horizonte-e-apresentado-para-vereadores-da-regiao","status":"publish","type":"post","link":"https:\/\/jundiai.sp.gov.br\/noticias\/2022\/03\/17\/plano-de-bairro-do-novo-horizonte-e-apresentado-para-vereadores-da-regiao\/","title":{"rendered":"Plano de Bairro do Novo Horizonte \u00e9 apresentado para vereadores da regi\u00e3o"},"content":{"rendered":"\n<p>O gestor da Unidade de Gest\u00e3o de Planejamento Urbano e Meio Ambiente (UGPUMA), Sin\u00e9sio Scarabello Filho, e a diretora de Urbanismo, Sylvia Angelini, apresentaram, nesta quinta-feira (18), o Plano de Bairro do Novo Horizonte para os vereadores da regi\u00e3o, Edicarlos Vieira e Romildo Antonio da Silva.<\/p>\n\n\n\n<p>Este \u00e9 o primeiro Plano de Bairro elaborado pela Prefeitura de Jundia\u00ed ap\u00f3s a aprova\u00e7\u00e3o do Plano Diretor, em novembro de 2019. \u201cAssim como no Plano Diretor, o Plano de Bairro do Novo Horizonte e bairros do entorno contou com a participa\u00e7\u00e3o da popula\u00e7\u00e3o. Os parlamentares tamb\u00e9m nos ajudaram na interlocu\u00e7\u00e3o e incentivo para que a comunidade estivesse presente na formula\u00e7\u00e3o deste importante instrumento\u201d, enfatizou Sin\u00e9sio.&nbsp;<\/p>\n\n\n\n<p>A formula\u00e7\u00e3o do Plano de Bairro do Novo Horizonte teve in\u00edcio em 2020 com o <a href=\"https:\/\/jundiai.sp.gov.br\/planejamento-e-meio-ambiente\/wp-content\/uploads\/sites\/15\/2022\/01\/planonovohorizonte-etapa1-1.pdf\">diagn\u00f3stico t\u00e9cnico<\/a> e consulta \u00e0 popula\u00e7\u00e3o. O instrumento foi estruturado a partir de um processo de consulta \u00e0 comunidade local e participa\u00e7\u00e3o dos mun\u00edcipes. \u201cAs crian\u00e7as e os pais dos estudantes das 15 escolas p\u00fablicas da regi\u00e3o foram ouvidos para identificar os pontos mais importantes&nbsp;para melhorias da regi\u00e3o. J\u00e1 em dezembro de 2021, a etapa de <a href=\"https:\/\/jundiai.sp.gov.br\/planejamento-e-meio-ambiente\/wp-content\/uploads\/sites\/15\/2022\/03\/2-plano-de-bairro-2022-01_paisagem.pdf\">diretrizes, metas e a\u00e7\u00f5es propostas<\/a> foi conclu\u00edda\u201d, lembra Sylvia.&nbsp;<\/p>\n\n\n\n<p>Edicarlos elogiou o trabalho realizado. \u201cO Vetor Oeste \u00e9 uma cidade dentro de Jundia\u00ed, com uma popula\u00e7\u00e3o de 140 mil habitantes. Temos ind\u00fastrias, estamos em pleno desenvolvimento e temos necessidades, que foram apontadas ouvindo as pessoas. Esse trabalho coletivo \u00e9 fundamental para o sucesso do trabalho\u201d.<\/p>\n\n\n\n<figure class=\"wp-block-image size-full\"><img loading=\"lazy\" decoding=\"async\" width=\"1280\" height=\"854\" src=\"https:\/\/jundiai.sp.gov.br\/noticias\/wp-content\/uploads\/sites\/32\/2022\/03\/ugpuma_vereadores_plano-de-bairro_sinesio-8.jpg\" alt=\"DESCRI\u00c7\u00c3O DA IMAGEM\nEm uma sala com janelas de vidro, est\u00e3o em torno de uma mesa de reuni\u00e3o de madeira quatro pessoas, uma mulher e tr\u00eas homens, todos usam m\u00e1scara de prote\u00e7\u00e3o facial e olham para papeis que s\u00e3o apresentados pela mulher. \" class=\"wp-image-288111\" srcset=\"https:\/\/jundiai.sp.gov.br\/noticias\/wp-content\/uploads\/sites\/32\/2022\/03\/ugpuma_vereadores_plano-de-bairro_sinesio-8.jpg 1280w, https:\/\/jundiai.sp.gov.br\/noticias\/wp-content\/uploads\/sites\/32\/2022\/03\/ugpuma_vereadores_plano-de-bairro_sinesio-8-300x200.jpg 300w, https:\/\/jundiai.sp.gov.br\/noticias\/wp-content\/uploads\/sites\/32\/2022\/03\/ugpuma_vereadores_plano-de-bairro_sinesio-8-768x512.jpg 768w, https:\/\/jundiai.sp.gov.br\/noticias\/wp-content\/uploads\/sites\/32\/2022\/03\/ugpuma_vereadores_plano-de-bairro_sinesio-8-450x300.jpg 450w\" sizes=\"auto, (max-width: 1280px) 100vw, 1280px\" \/><figcaption>Vereadores elogiaram o instrumento para a regi\u00e3o do Novo Horizonte<\/figcaption><\/figure>\n\n\n\n<p>Romildo tamb\u00e9m falou sobre o Plano iniciar pelo Novo Horizonte. \u201cEssa \u00e9 uma regi\u00e3o que cresceu muito e o Plano vem com a inten\u00e7\u00e3o de organizar melhor a regi\u00e3o, sabemos que h\u00e1 dificuldades, mas \u00e9 de muita import\u00e2ncia. \u00c9 a regi\u00e3o mais afastada do Centro da cidade e ficamos felizes em saber desse cuidado e o Plano que beneficia toda a regi\u00e3o\u201d, comentou.<\/p>\n\n\n\n<p>Ao todo, o Plano de Bairro recebeu e analisou 100 sugest\u00f5es, sendo 70 atendidas, 23 n\u00e3o atendidas e justificadas e sete atendimentos a longo prazo. Tamb\u00e9m foram definidas 31 a\u00e7\u00f5es para atender quatro metas: potencializar a prote\u00e7\u00e3o ambiental e uso do solo; melhorar as condi\u00e7\u00f5es de mobilidade; ampliar o uso dos espa\u00e7os p\u00fablicos e qualificar os equipamentos de&nbsp; uso comunit\u00e1rio. Para executar as a\u00e7\u00f5es, est\u00e1 previsto o investimento de R$ 26 milh\u00f5es no PPA 2022\/2025.<\/p>\n\n\n\n<p><a href=\"https:\/\/jundiai.sp.gov.br\/planejamento-e-meio-ambiente\/wp-content\/uploads\/sites\/15\/2022\/03\/nh-a1-mapa-sintese.pdf\" target=\"_blank\" rel=\"noreferrer noopener\">O mapa s\u00edntese das a\u00e7\u00f5es pode ser consultado no link<\/a>. O pr\u00f3ximo passo \u00e9 o agendamento de audi\u00eancia p\u00fablica para apresentar o Plano de Bairro para toda a cidade e transform\u00e1-lo em lei, que dever\u00e1 orientar as a\u00e7\u00f5es p\u00fablicas e privadas nos pr\u00f3ximos anos na regi\u00e3o do Novo Horizonte.<\/p>\n\n\n\n<p><strong>Assessoria de Imprensa<\/strong><br><strong>Fotos: Fot\u00f3grafos PMJ<\/strong><\/p>\n","protected":false},"excerpt":{"rendered":"<p>O gestor da Unidade de Gest\u00e3o de Planejamento Urbano e Meio Ambiente (UGPUMA), Sin\u00e9sio Scarabello Filho, e a diretora de Urbanismo, Sylvia Angelini, apresentaram, nesta quinta-feira (18), o Plano de Bairro do Novo Horizonte para os vereadores da regi\u00e3o, Edicarlos Vieira e Romildo Antonio da Silva. Este \u00e9 o primeiro Plano de Bairro elaborado pela [&hellip;]<\/p>\n","protected":false},"author":70,"featured_media":288111,"comment_status":"closed","ping_status":"closed","sticky":false,"template":"","format":"standard","meta":{"footnotes":""},"categories":[2],"tags":[2583,2838,2836,1724,2835,984,1821,2705,2837],"ods":[],"class_list":["post-288110","post","type-post","status-publish","format-standard","has-post-thumbnail","hentry","category-noticias","tag-bom-jardim","tag-distrito-industrial","tag-fazenda-grande","tag-novo-horizonte","tag-parque-industrial","tag-planejamento-urbano-e-meio-ambiente","tag-plano-de-bairro","tag-plano-de-bairro-do-jardim-novo-horizonte","tag-tulipas"],"_links":{"self":[{"href":"https:\/\/jundiai.sp.gov.br\/noticias\/wp-json\/wp\/v2\/posts\/288110","targetHints":{"allow":["GET"]}}],"collection":[{"href":"https:\/\/jundiai.sp.gov.br\/noticias\/wp-json\/wp\/v2\/posts"}],"about":[{"href":"https:\/\/jundiai.sp.gov.br\/noticias\/wp-json\/wp\/v2\/types\/post"}],"author":[{"embeddable":true,"href":"https:\/\/jundiai.sp.gov.br\/noticias\/wp-json\/wp\/v2\/users\/70"}],"replies":[{"embeddable":true,"href":"https:\/\/jundiai.sp.gov.br\/noticias\/wp-json\/wp\/v2\/comments?post=288110"}],"version-history":[{"count":5,"href":"https:\/\/jundiai.sp.gov.br\/noticias\/wp-json\/wp\/v2\/posts\/288110\/revisions"}],"predecessor-version":[{"id":288158,"href":"https:\/\/jundiai.sp.gov.br\/noticias\/wp-json\/wp\/v2\/posts\/288110\/revisions\/288158"}],"wp:featuredmedia":[{"embeddable":true,"href":"https:\/\/jundiai.sp.gov.br\/noticias\/wp-json\/wp\/v2\/media\/288111"}],"wp:attachment":[{"href":"https:\/\/jundiai.sp.gov.br\/noticias\/wp-json\/wp\/v2\/media?parent=288110"}],"wp:term":[{"taxonomy":"category","embeddable":true,"href":"https:\/\/jundiai.sp.gov.br\/noticias\/wp-json\/wp\/v2\/categories?post=288110"},{"taxonomy":"post_tag","embeddable":true,"href":"https:\/\/jundiai.sp.gov.br\/noticias\/wp-json\/wp\/v2\/tags?post=288110"},{"taxonomy":"ods","embeddable":true,"href":"https:\/\/jundiai.sp.gov.br\/noticias\/wp-json\/wp\/v2\/ods?post=288110"}],"curies":[{"name":"wp","href":"https:\/\/api.w.org\/{rel}","templated":true}]}}