{"id":288262,"date":"2022-03-18T16:35:49","date_gmt":"2022-03-18T19:35:49","guid":{"rendered":"https:\/\/jundiai.sp.gov.br\/noticias\/?p=288262"},"modified":"2022-03-18T16:37:10","modified_gmt":"2022-03-18T19:37:10","slug":"decreto-municipal-torna-uso-de-mascara-obrigatorio-apenas-em-equipamentos-de-saude-e-no-transporte-publico","status":"publish","type":"post","link":"https:\/\/jundiai.sp.gov.br\/noticias\/2022\/03\/18\/decreto-municipal-torna-uso-de-mascara-obrigatorio-apenas-em-equipamentos-de-saude-e-no-transporte-publico\/","title":{"rendered":"Decreto municipal torna uso de m\u00e1scara obrigat\u00f3rio apenas em equipamentos de Sa\u00fade e no transporte p\u00fablico"},"content":{"rendered":"\n<p>Jundia\u00ed publicou nesta sexta-feira (18) um decreto que torna obrigat\u00f3rio o uso de m\u00e1scaras apenas em equipamentos de Sa\u00fade, como hospitais, unidades de sa\u00fade e cl\u00ednicas, e no transporte p\u00fablico, incluindo terminais de \u00f4nibus e no transporte escolar. Nos demais espa\u00e7os, o uso n\u00e3o \u00e9 mais obrigat\u00f3rio.<\/p>\n\n\n\n<p>\u201cA Prefeitura tem acompanhado as determina\u00e7\u00f5es estaduais e entende que, mesmo com a libera\u00e7\u00e3o, todo cuidado que envolve a seguran\u00e7a \u00e9 necess\u00e1rio\u201d, explica o gestor da Casa Civil, Gustavo Maryssael. \u201cRecomendamos tamb\u00e9m no decreto que as m\u00e1scaras continuem sendo utilizadas nas unidades de ensino p\u00fablicas e privadas, em institui\u00e7\u00f5es de longa perman\u00eancia para idosos, tamb\u00e9m por pessoas com s\u00edndromes gripais, idosas, com comorbidade ou que n\u00e3o esteja com seu esquema vacinal completo.\u201d<\/p>\n\n\n\n<p>Consulte <a href=\"https:\/\/jundiai.sp.gov.br\/coronavirus\/wp-content\/uploads\/sites\/61\/2022\/03\/00000-6036.2022-Decreto-n_-31_087_-de-18-de-mar_o-de-2022.pdf\" data-type=\"URL\" data-id=\"https:\/\/jundiai.sp.gov.br\/coronavirus\/wp-content\/uploads\/sites\/61\/2022\/03\/00000-6036.2022-Decreto-n_-31_087_-de-18-de-mar_o-de-2022.pdf\" target=\"_blank\" rel=\"noreferrer noopener\"><strong>AQUI<\/strong><\/a> o decreto completo.<\/p>\n\n\n\n<p><strong>Assessoria de Imprensa<\/strong><\/p>\n","protected":false},"excerpt":{"rendered":"<p>Jundia\u00ed publicou nesta sexta-feira (18) um decreto que torna obrigat\u00f3rio o uso de m\u00e1scaras apenas em equipamentos de Sa\u00fade, como hospitais, unidades de sa\u00fade e cl\u00ednicas, e no transporte p\u00fablico, incluindo terminais de \u00f4nibus e no transporte escolar. Nos demais espa\u00e7os, o uso n\u00e3o \u00e9 mais obrigat\u00f3rio. \u201cA Prefeitura tem acompanhado as determina\u00e7\u00f5es estaduais e [&hellip;]<\/p>\n","protected":false},"author":71,"featured_media":280207,"comment_status":"closed","ping_status":"closed","sticky":false,"template":"","format":"standard","meta":{"footnotes":""},"categories":[2],"tags":[1794,2844,2843,1625],"ods":[],"class_list":["post-288262","post","type-post","status-publish","format-standard","has-post-thumbnail","hentry","category-noticias","tag-decreto","tag-decreto-municipal","tag-mascaras","tag-pandemia"],"_links":{"self":[{"href":"https:\/\/jundiai.sp.gov.br\/noticias\/wp-json\/wp\/v2\/posts\/288262","targetHints":{"allow":["GET"]}}],"collection":[{"href":"https:\/\/jundiai.sp.gov.br\/noticias\/wp-json\/wp\/v2\/posts"}],"about":[{"href":"https:\/\/jundiai.sp.gov.br\/noticias\/wp-json\/wp\/v2\/types\/post"}],"author":[{"embeddable":true,"href":"https:\/\/jundiai.sp.gov.br\/noticias\/wp-json\/wp\/v2\/users\/71"}],"replies":[{"embeddable":true,"href":"https:\/\/jundiai.sp.gov.br\/noticias\/wp-json\/wp\/v2\/comments?post=288262"}],"version-history":[{"count":3,"href":"https:\/\/jundiai.sp.gov.br\/noticias\/wp-json\/wp\/v2\/posts\/288262\/revisions"}],"predecessor-version":[{"id":288265,"href":"https:\/\/jundiai.sp.gov.br\/noticias\/wp-json\/wp\/v2\/posts\/288262\/revisions\/288265"}],"wp:featuredmedia":[{"embeddable":true,"href":"https:\/\/jundiai.sp.gov.br\/noticias\/wp-json\/wp\/v2\/media\/280207"}],"wp:attachment":[{"href":"https:\/\/jundiai.sp.gov.br\/noticias\/wp-json\/wp\/v2\/media?parent=288262"}],"wp:term":[{"taxonomy":"category","embeddable":true,"href":"https:\/\/jundiai.sp.gov.br\/noticias\/wp-json\/wp\/v2\/categories?post=288262"},{"taxonomy":"post_tag","embeddable":true,"href":"https:\/\/jundiai.sp.gov.br\/noticias\/wp-json\/wp\/v2\/tags?post=288262"},{"taxonomy":"ods","embeddable":true,"href":"https:\/\/jundiai.sp.gov.br\/noticias\/wp-json\/wp\/v2\/ods?post=288262"}],"curies":[{"name":"wp","href":"https:\/\/api.w.org\/{rel}","templated":true}]}}