{"id":288606,"date":"2022-03-23T16:15:37","date_gmt":"2022-03-23T19:15:37","guid":{"rendered":"https:\/\/jundiai.sp.gov.br\/noticias\/?p=288606"},"modified":"2022-03-23T16:15:37","modified_gmt":"2022-03-23T19:15:37","slug":"rede-fort-atacadista-e-inaugurada-em-jundiai-com-investimento-de-r-70-milhoes","status":"publish","type":"post","link":"https:\/\/jundiai.sp.gov.br\/noticias\/2022\/03\/23\/rede-fort-atacadista-e-inaugurada-em-jundiai-com-investimento-de-r-70-milhoes\/","title":{"rendered":"Rede Fort Atacadista \u00e9 inaugurada em Jundia\u00ed com investimento de R$ 70 milh\u00f5es"},"content":{"rendered":"\n<p>Com investimento de R$ 70 milh\u00f5es, \u00a0o Grupo Pereira, um dos maiores varejistas de alimentos do Pa\u00eds, inaugurou nesta quarta-feira (23) em Jundia\u00ed a primeira loja da rede Fort Atacadista do Estado de S\u00e3o Paulo. A unidade gerou 270 empregos diretos e mais de 200 indiretos no Munic\u00edpio.<\/p>\n\n\n\n<p>O prefeito Luiz Fernando Machado acompanhou a abertura da loja ao lado do vice-presidente comercial do Grupo Pereira, Jo\u00e3o Pereira.<\/p>\n\n\n\n<p>\u201cMelhorar o ambiente econ\u00f4mico, gerar emprego e renda s\u00e3o compromissos permanentes do governo. Investimentos como este s\u00e3o fundamentais para dar oportunidade e protagonismo \u00e0s pessoas. A chegada da rede Fort \u00e9 muito positiva. \u00c9 um grande grupo que vai agregar valor \u00e0 nossa cidade, estimula a concorr\u00eancia, valoriza o consumidor e, ao final, contribui com a cria\u00e7\u00e3o de emprego e oportunidades para a popula\u00e7\u00e3o. Jundia\u00ed est\u00e1 em pleno desenvolvimento\u201d, comenta o prefeito Luiz Fernando Machado.<\/p>\n\n\n\n<figure class=\"wp-block-image size-full\"><img loading=\"lazy\" decoding=\"async\" width=\"1280\" height=\"853\" src=\"https:\/\/jundiai.sp.gov.br\/noticias\/wp-content\/uploads\/sites\/32\/2022\/03\/abertura_fort_atacadista-87.jpg\" alt=\"\" class=\"wp-image-288632\" srcset=\"https:\/\/jundiai.sp.gov.br\/noticias\/wp-content\/uploads\/sites\/32\/2022\/03\/abertura_fort_atacadista-87.jpg 1280w, https:\/\/jundiai.sp.gov.br\/noticias\/wp-content\/uploads\/sites\/32\/2022\/03\/abertura_fort_atacadista-87-300x200.jpg 300w, https:\/\/jundiai.sp.gov.br\/noticias\/wp-content\/uploads\/sites\/32\/2022\/03\/abertura_fort_atacadista-87-768x512.jpg 768w, https:\/\/jundiai.sp.gov.br\/noticias\/wp-content\/uploads\/sites\/32\/2022\/03\/abertura_fort_atacadista-87-450x300.jpg 450w\" sizes=\"auto, (max-width: 1280px) 100vw, 1280px\" \/><figcaption>Luiz Fernando acompanhou a inaugura\u00e7\u00e3o da loja ao lado do vice-presidente do Grupo, Jo\u00e3o Pereira<\/figcaption><\/figure>\n\n\n\n<p>De acordo com o vice-presidente do grupo, a expans\u00e3o da rede come\u00e7ar no Estado de S\u00e3o Paulo por Jundia\u00ed n\u00e3o \u00e9 por acaso.<\/p>\n\n\n\n<p>\u201cEscolhemos Jundia\u00ed para a nossa entrada em S\u00e3o Paulo por ser um polo muito importante para a regi\u00e3o e por seus altos \u00edndices de crescimento, al\u00e9m de contar com uma gest\u00e3o municipal altamente comprometida. Estamos chegando para sermos um bom vizinho e trazermos para a cidade mais empregos e gera\u00e7\u00e3o de tributos. A cidade nos acolheu com carinho e nos orientou desde o in\u00edcio da instala\u00e7\u00e3o para seguirmos todos os caminhos legais\u201d, comentou Jo\u00e3o Pereira.<\/p>\n\n\n\n<p>Em parceria com a Unidade de Desenvolvimento Econ\u00f4mico, Ci\u00eancia e Tecnologia (UGDECT), a <a href=\"https:\/\/jundiai.sp.gov.br\/noticias\/2022\/02\/21\/espaco-jundiai-empreendedora-auxilia-processo-seletivo-para-a-fort-atacadista\/\">rede Fort Atacadista realizou a contrata\u00e7\u00e3o de m\u00e3o de obra utilizando o portal Jundia\u00ed Empreendedora e, posteriormente, a estrutura do Espa\u00e7o Jundia\u00ed Empreendedora para realiza\u00e7\u00e3o do processo seletivo<\/a>.<\/p>\n\n\n\n<p>\u201cO Poder P\u00fablico nos ajudou muito no processo seletivo e em todas nossas etapas, tanto com a disponibilidade da estrutura para a realiza\u00e7\u00e3o do processo, quanto na pr\u00f3pria contrata\u00e7\u00e3o com os curr\u00edculos, atrav\u00e9s do Portal Jundia\u00ed Empreendedora. Sem essa ajuda, n\u00e3o conseguir\u00edamos contratar tanta gente\u201d, explica Fabiana Caraviello, coordenadora regional e de gest\u00e3o de expans\u00e3o da Fort.<\/p>\n\n\n\n<figure class=\"wp-block-image size-full\"><img loading=\"lazy\" decoding=\"async\" width=\"1280\" height=\"853\" src=\"https:\/\/jundiai.sp.gov.br\/noticias\/wp-content\/uploads\/sites\/32\/2022\/03\/abertura_fort_atacadista-283.jpg\" alt=\"\" class=\"wp-image-288633\" srcset=\"https:\/\/jundiai.sp.gov.br\/noticias\/wp-content\/uploads\/sites\/32\/2022\/03\/abertura_fort_atacadista-283.jpg 1280w, https:\/\/jundiai.sp.gov.br\/noticias\/wp-content\/uploads\/sites\/32\/2022\/03\/abertura_fort_atacadista-283-300x200.jpg 300w, https:\/\/jundiai.sp.gov.br\/noticias\/wp-content\/uploads\/sites\/32\/2022\/03\/abertura_fort_atacadista-283-768x512.jpg 768w, https:\/\/jundiai.sp.gov.br\/noticias\/wp-content\/uploads\/sites\/32\/2022\/03\/abertura_fort_atacadista-283-450x300.jpg 450w\" sizes=\"auto, (max-width: 1280px) 100vw, 1280px\" \/><figcaption>Nova loja gerou quase 500 empregos diretos e indiretos e conta com \u00e1rea de vendas de mais de 6 mil m\u00b2 <\/figcaption><\/figure>\n\n\n\n<p>As obras do Fort Atacadista de Jundia\u00ed foram iniciadas em 2021 e fazem parte do plano de expans\u00e3o da rede de atacarejo. Localizada em uma \u00e1rea de 30 mil m\u00b2 no bairro da Liberdade, a nova loja tem mais de 6 mil m\u00b2 de \u00e1rea de vendas.<\/p>\n\n\n\n<p>Acompanharam a inaugura\u00e7\u00e3o os gestores das Unidades de Gest\u00e3o de Governo e Finan\u00e7as (UGGF), Jos\u00e9 Antonio Parimoschi; da Casa Civil (UGCC), Gustavo Maryssael de Campos; al\u00e9m do diretor de Fomento \u00e0 Ind\u00fastria da UGDECT, Gilson Pichioli; da diretora da Unidade Central de Parcerias Estrat\u00e9gicas da UGGF, Daniele Ruiz;  e o diretor do Departamento de Fomento ao Com\u00e9rcio e Servi\u00e7os da UGDECT, Enrico Arkchimor Milamonti.<\/p>\n\n\n\n<p><strong>Assessoria de Imprensa<br>Fotos: Fot\u00f3grafos PMJ<\/strong><\/p>\n","protected":false},"excerpt":{"rendered":"<p>Com investimento de R$ 70 milh\u00f5es, \u00a0o Grupo Pereira, um dos maiores varejistas de alimentos do Pa\u00eds, inaugurou nesta quarta-feira (23) em Jundia\u00ed a primeira loja da rede Fort Atacadista do Estado de S\u00e3o Paulo. A unidade gerou 270 empregos diretos e mais de 200 indiretos no Munic\u00edpio. O prefeito Luiz Fernando Machado acompanhou a [&hellip;]<\/p>\n","protected":false},"author":81,"featured_media":288632,"comment_status":"closed","ping_status":"closed","sticky":false,"template":"","format":"standard","meta":{"footnotes":""},"categories":[2],"tags":[365,1527,1176,1192],"ods":[],"class_list":["post-288606","post","type-post","status-publish","format-standard","has-post-thumbnail","hentry","category-noticias","tag-desenvolvimento-economico-ciencia-e-tecnologia","tag-jundiai-empreendedora","tag-prefeito-luiz-fernando-machado","tag-ugdect"],"_links":{"self":[{"href":"https:\/\/jundiai.sp.gov.br\/noticias\/wp-json\/wp\/v2\/posts\/288606","targetHints":{"allow":["GET"]}}],"collection":[{"href":"https:\/\/jundiai.sp.gov.br\/noticias\/wp-json\/wp\/v2\/posts"}],"about":[{"href":"https:\/\/jundiai.sp.gov.br\/noticias\/wp-json\/wp\/v2\/types\/post"}],"author":[{"embeddable":true,"href":"https:\/\/jundiai.sp.gov.br\/noticias\/wp-json\/wp\/v2\/users\/81"}],"replies":[{"embeddable":true,"href":"https:\/\/jundiai.sp.gov.br\/noticias\/wp-json\/wp\/v2\/comments?post=288606"}],"version-history":[{"count":9,"href":"https:\/\/jundiai.sp.gov.br\/noticias\/wp-json\/wp\/v2\/posts\/288606\/revisions"}],"predecessor-version":[{"id":288626,"href":"https:\/\/jundiai.sp.gov.br\/noticias\/wp-json\/wp\/v2\/posts\/288606\/revisions\/288626"}],"wp:featuredmedia":[{"embeddable":true,"href":"https:\/\/jundiai.sp.gov.br\/noticias\/wp-json\/wp\/v2\/media\/288632"}],"wp:attachment":[{"href":"https:\/\/jundiai.sp.gov.br\/noticias\/wp-json\/wp\/v2\/media?parent=288606"}],"wp:term":[{"taxonomy":"category","embeddable":true,"href":"https:\/\/jundiai.sp.gov.br\/noticias\/wp-json\/wp\/v2\/categories?post=288606"},{"taxonomy":"post_tag","embeddable":true,"href":"https:\/\/jundiai.sp.gov.br\/noticias\/wp-json\/wp\/v2\/tags?post=288606"},{"taxonomy":"ods","embeddable":true,"href":"https:\/\/jundiai.sp.gov.br\/noticias\/wp-json\/wp\/v2\/ods?post=288606"}],"curies":[{"name":"wp","href":"https:\/\/api.w.org\/{rel}","templated":true}]}}