{"id":288826,"date":"2022-03-25T15:17:13","date_gmt":"2022-03-25T18:17:13","guid":{"rendered":"https:\/\/jundiai.sp.gov.br\/noticias\/?p=288826"},"modified":"2022-03-25T15:17:13","modified_gmt":"2022-03-25T18:17:13","slug":"escola-inovadora-emebs-recebem-25-mil-tablets-e-reforcam-tecnologia-no-ensino","status":"publish","type":"post","link":"https:\/\/jundiai.sp.gov.br\/noticias\/2022\/03\/25\/escola-inovadora-emebs-recebem-25-mil-tablets-e-reforcam-tecnologia-no-ensino\/","title":{"rendered":"Escola Inovadora: EMEBs recebem 2,5 mil tablets e refor\u00e7am tecnologia no ensino"},"content":{"rendered":"\n<p>As escolas municipais de Jundia\u00ed receberam 2.530 tablets com o objetivo de refor\u00e7ar o ensino com o uso da tecnologia. Esses equipamentos s\u00e3o destinados ao programa Estudo \u00e9 Tudo! (para crian\u00e7as do 3\u00ba ao 5\u00ba ano, que necessitam de recupera\u00e7\u00e3o para sanar as dificuldades de aprendizagem) e ao Atendimento Educacional Especializado (AEE) (para crian\u00e7as com algum tipo de defici\u00eancia). Al\u00e9m deles, crian\u00e7as em situa\u00e7\u00e3o de vulnerabilidade (de 3\u00ba ao 5\u00ba ano que est\u00e3o inscritas no programa do Governo Federal Aux\u00edlio Brasil) tamb\u00e9m receber\u00e3o tablets.<\/p>\n\n\n\n<figure class=\"wp-block-image size-full\"><img loading=\"lazy\" decoding=\"async\" width=\"1280\" height=\"853\" src=\"https:\/\/jundiai.sp.gov.br\/noticias\/wp-content\/uploads\/sites\/32\/2022\/03\/emeb_marina_carvalho_entrega_tablets-149.jpg\" alt=\"\" class=\"wp-image-288841\" srcset=\"https:\/\/jundiai.sp.gov.br\/noticias\/wp-content\/uploads\/sites\/32\/2022\/03\/emeb_marina_carvalho_entrega_tablets-149.jpg 1280w, https:\/\/jundiai.sp.gov.br\/noticias\/wp-content\/uploads\/sites\/32\/2022\/03\/emeb_marina_carvalho_entrega_tablets-149-300x200.jpg 300w, https:\/\/jundiai.sp.gov.br\/noticias\/wp-content\/uploads\/sites\/32\/2022\/03\/emeb_marina_carvalho_entrega_tablets-149-768x512.jpg 768w, https:\/\/jundiai.sp.gov.br\/noticias\/wp-content\/uploads\/sites\/32\/2022\/03\/emeb_marina_carvalho_entrega_tablets-149-450x300.jpg 450w\" sizes=\"auto, (max-width: 1280px) 100vw, 1280px\" \/><figcaption>Crian\u00e7as estudam com tablet na sala de aula, como parte dos investimentos do programa Escola Inovadora<\/figcaption><\/figure>\n\n\n\n<p>Na manh\u00e3 desta sexta-feira (25), o prefeito Luiz Fernando Machado esteve na EMEB Marina de Almeida Rinaldi Carvalho, no Jardim das Tulipas, para uma visita t\u00e9cnica e conferir na pr\u00e1tica o uso dos equipamentos, al\u00e9m dos materiais did\u00e1ticos do programa MenteInovadora (veja abaixo). Com ele, estiveram o vice-prefeito, Gustavo Martinelli; o gestor de Governo e Finan\u00e7as, Jos\u00e9 Antonio Parimoschi; a gestora de Educa\u00e7\u00e3o, Vasti Ferrari Marques; e o vereador Edicarlos Vieira.<\/p>\n\n\n\n<p>\u201cA Escola Inovadora leva a tecnologia aos espa\u00e7os escolares, para ser aliada das diversas pr\u00e1ticas pedag\u00f3gicas que estimulam as crian\u00e7as a aprender mais\u201d, explica o prefeito. \u201cCom a retomada das aulas presenciais, a Educa\u00e7\u00e3o de Jundia\u00ed lan\u00e7ou m\u00e3o de investimentos para prover uma experi\u00eancia de aprendizagem que v\u00e1 al\u00e9m do convencional, de modo a recuperar as viv\u00eancias e aprendizagens. Por isso, o programa &#8216;Estudo \u00e9 Tudo!&#8217;, com uma sala voltada a crian\u00e7as que precisam de refor\u00e7o na alfabetiza\u00e7\u00e3o e em outros conte\u00fados, com o tablet e a presen\u00e7a do professor.\u201d<\/p>\n\n\n\n<figure class=\"wp-block-image size-full\"><img loading=\"lazy\" decoding=\"async\" width=\"1280\" height=\"853\" src=\"https:\/\/jundiai.sp.gov.br\/noticias\/wp-content\/uploads\/sites\/32\/2022\/03\/emeb_marina_carvalho_entrega_tablets-123.jpg\" alt=\"\" class=\"wp-image-288840\" srcset=\"https:\/\/jundiai.sp.gov.br\/noticias\/wp-content\/uploads\/sites\/32\/2022\/03\/emeb_marina_carvalho_entrega_tablets-123.jpg 1280w, https:\/\/jundiai.sp.gov.br\/noticias\/wp-content\/uploads\/sites\/32\/2022\/03\/emeb_marina_carvalho_entrega_tablets-123-300x200.jpg 300w, https:\/\/jundiai.sp.gov.br\/noticias\/wp-content\/uploads\/sites\/32\/2022\/03\/emeb_marina_carvalho_entrega_tablets-123-768x512.jpg 768w, https:\/\/jundiai.sp.gov.br\/noticias\/wp-content\/uploads\/sites\/32\/2022\/03\/emeb_marina_carvalho_entrega_tablets-123-450x300.jpg 450w\" sizes=\"auto, (max-width: 1280px) 100vw, 1280px\" \/><figcaption>Prefeito Luiz Fernando conversa com estudantes durante visita \u00e0 EMEB Marina de Almeida Rinaldi Carvalho<\/figcaption><\/figure>\n\n\n\n<p>A EMEB Marina de Almeida Rinaldi Carvalho possui 837 alunos e os tablets j\u00e1 est\u00e3o sendo utilizados pelas crian\u00e7as de duas turmas do &#8216;Estudo \u00e9 Tudo!&#8217; e do Atendimento Educacional Especializado. Os equipamentos s\u00e3o da marca Positivo, de oito polegadas, e o investimento total para a rede \u00e9 de R$ 2.221.066,00.<\/p>\n\n\n\n<p>\u201cTecnologias educacionais t\u00eam por objetivo preparar as crian\u00e7as no presente e para o futuro\u201d, declara a gestora Vasti. \u201cA cultura digital est\u00e1 na rede municipal de ensino para fortalecer as aprendizagens e os conte\u00fados do curr\u00edculo jundiaiense.\u201d<\/p>\n\n\n\n<p><strong>MenteInovadora<br><\/strong>Fernanda Braitt \u00e9 m\u00e3e da Lara, de 9 anos, estudante da EMEB Marina. Sua filha \u00e9 uma das 28 mil crian\u00e7as da rede municipal que receberam o material do programa MenteInovadora, que visa desenvolver nos estudantes habilidades socioemocionais por meio de jogos e abordagens l\u00fadicas. \u201cCom os jogos, eu aprendi a import\u00e2ncia de fazer o planejamento, me organizar e trabalhar em grupo\u201d, revela Lara, para o orgulho da m\u00e3e. \u201cAcredito que essa forma de ensinar, que inclusive leva o jogo para nossa casa e permite que os pais participem das atividades com os filhos, torna a inf\u00e2ncia mais saud\u00e1vel e melhora o racioc\u00ednio das crian\u00e7as\u201d, diz Fernanda.<\/p>\n\n\n\n<figure class=\"wp-block-image size-full is-resized\"><img loading=\"lazy\" decoding=\"async\" src=\"https:\/\/jundiai.sp.gov.br\/noticias\/wp-content\/uploads\/sites\/32\/2022\/03\/emeb_marina_carvalho_entrega_tablets-686.jpg\" alt=\"\" class=\"wp-image-288842\" width=\"976\" height=\"650\" srcset=\"https:\/\/jundiai.sp.gov.br\/noticias\/wp-content\/uploads\/sites\/32\/2022\/03\/emeb_marina_carvalho_entrega_tablets-686.jpg 1280w, https:\/\/jundiai.sp.gov.br\/noticias\/wp-content\/uploads\/sites\/32\/2022\/03\/emeb_marina_carvalho_entrega_tablets-686-300x200.jpg 300w, https:\/\/jundiai.sp.gov.br\/noticias\/wp-content\/uploads\/sites\/32\/2022\/03\/emeb_marina_carvalho_entrega_tablets-686-768x512.jpg 768w, https:\/\/jundiai.sp.gov.br\/noticias\/wp-content\/uploads\/sites\/32\/2022\/03\/emeb_marina_carvalho_entrega_tablets-686-450x300.jpg 450w\" sizes=\"auto, (max-width: 976px) 100vw, 976px\" \/><figcaption>A estudante Lara mostra para sua m\u00e3e, a Fernanda, o material que utiliza durante as aulas, do programa MenteInovadora<\/figcaption><\/figure>\n\n\n\n<p>Ao todo, o MenteInovadora conta com tr\u00eas materiais: para o professor, para o estudante utilizar em sala de aula e para o aluno levar e fazer os exerc\u00edcios em casa com a fam\u00edlia. \u201cMuitas crian\u00e7as desenvolveram, por causa da pandemia, problemas como ansiedade e crises de estresse, que afetam o relacionamento interpessoal\u201d, explica Vasti. \u201cOs jogos de racioc\u00ednio e as situa\u00e7\u00f5es que a metodologia prop\u00f5e s\u00e3o uma ferramenta no apoio \u00e0 sa\u00fade mental e equil\u00edbrio emocional dos estudantes.\u201d<\/p>\n\n\n\n<p><strong>Assessoria de Imprensa<br>Foto: Fot\u00f3grafos PMJ<\/strong><\/p>\n","protected":false},"excerpt":{"rendered":"<p>As escolas municipais de Jundia\u00ed receberam 2.530 tablets com o objetivo de refor\u00e7ar o ensino com o uso da tecnologia. Esses equipamentos s\u00e3o destinados ao programa Estudo \u00e9 Tudo! (para crian\u00e7as do 3\u00ba ao 5\u00ba ano, que necessitam de recupera\u00e7\u00e3o para sanar as dificuldades de aprendizagem) e ao Atendimento Educacional Especializado (AEE) (para crian\u00e7as com [&hellip;]<\/p>\n","protected":false},"author":71,"featured_media":288841,"comment_status":"closed","ping_status":"closed","sticky":false,"template":"","format":"standard","meta":{"footnotes":""},"categories":[2],"tags":[2870,1843,6,1061,1900,2850,1410],"ods":[],"class_list":["post-288826","post","type-post","status-publish","format-standard","has-post-thumbnail","hentry","category-noticias","tag-atendimento-educacional-especializado","tag-cidade-inteligente","tag-educacao","tag-escola-inovadora","tag-estudo-e-tudo","tag-menteinovadora","tag-tecnologia"],"_links":{"self":[{"href":"https:\/\/jundiai.sp.gov.br\/noticias\/wp-json\/wp\/v2\/posts\/288826","targetHints":{"allow":["GET"]}}],"collection":[{"href":"https:\/\/jundiai.sp.gov.br\/noticias\/wp-json\/wp\/v2\/posts"}],"about":[{"href":"https:\/\/jundiai.sp.gov.br\/noticias\/wp-json\/wp\/v2\/types\/post"}],"author":[{"embeddable":true,"href":"https:\/\/jundiai.sp.gov.br\/noticias\/wp-json\/wp\/v2\/users\/71"}],"replies":[{"embeddable":true,"href":"https:\/\/jundiai.sp.gov.br\/noticias\/wp-json\/wp\/v2\/comments?post=288826"}],"version-history":[{"count":7,"href":"https:\/\/jundiai.sp.gov.br\/noticias\/wp-json\/wp\/v2\/posts\/288826\/revisions"}],"predecessor-version":[{"id":288864,"href":"https:\/\/jundiai.sp.gov.br\/noticias\/wp-json\/wp\/v2\/posts\/288826\/revisions\/288864"}],"wp:featuredmedia":[{"embeddable":true,"href":"https:\/\/jundiai.sp.gov.br\/noticias\/wp-json\/wp\/v2\/media\/288841"}],"wp:attachment":[{"href":"https:\/\/jundiai.sp.gov.br\/noticias\/wp-json\/wp\/v2\/media?parent=288826"}],"wp:term":[{"taxonomy":"category","embeddable":true,"href":"https:\/\/jundiai.sp.gov.br\/noticias\/wp-json\/wp\/v2\/categories?post=288826"},{"taxonomy":"post_tag","embeddable":true,"href":"https:\/\/jundiai.sp.gov.br\/noticias\/wp-json\/wp\/v2\/tags?post=288826"},{"taxonomy":"ods","embeddable":true,"href":"https:\/\/jundiai.sp.gov.br\/noticias\/wp-json\/wp\/v2\/ods?post=288826"}],"curies":[{"name":"wp","href":"https:\/\/api.w.org\/{rel}","templated":true}]}}