{"id":288913,"date":"2022-03-26T14:29:23","date_gmt":"2022-03-26T17:29:23","guid":{"rendered":"https:\/\/jundiai.sp.gov.br\/noticias\/?p=288913"},"modified":"2022-03-26T14:31:35","modified_gmt":"2022-03-26T17:31:35","slug":"vacinacao-contra-a-influenza-80-e-contra-a-covid-19-segue-no-periodo-da-tarde","status":"publish","type":"post","link":"https:\/\/jundiai.sp.gov.br\/noticias\/2022\/03\/26\/vacinacao-contra-a-influenza-80-e-contra-a-covid-19-segue-no-periodo-da-tarde\/","title":{"rendered":"Vacina\u00e7\u00e3o contra a Influenza (80+) e Covid-19 segue no per\u00edodo da tarde deste s\u00e1bado (26)"},"content":{"rendered":"\n<p>Neste s\u00e1bado (26), no Parque da Uva, foi realizada a aplica\u00e7\u00e3o da vacina contra a Influenza (gripe e da 4\u00aa dose da vacina contra a Covid-19 para idosos acima de 80 anos. A vacina\u00e7\u00e3o foi feita no sistema de drive-thru, sendo que a vacina aplicada contra a Covid foi a da Janssen. <\/p>\n\n\n\n<p>Logo pela manh\u00e3 o parque recebeu um bom n\u00famero de ve\u00edculos. &#8220;Aproveitei para tomar ambas as vacinas e fico mais aliviada por estar protegida tamb\u00e9m contra a gripe&#8221;, disse Miltes Aparecida Palumbo, de 83 anos, que j\u00e1 est\u00e1 na quarta dose contra a Covid-19.<\/p>\n\n\n\n<figure class=\"wp-block-image size-full\"><img loading=\"lazy\" decoding=\"async\" width=\"1280\" height=\"854\" src=\"https:\/\/jundiai.sp.gov.br\/noticias\/wp-content\/uploads\/sites\/32\/2022\/03\/vacinacao-covid-parque-da-uva-4-dose-29.jpg\" alt=\"\" class=\"wp-image-288921\" srcset=\"https:\/\/jundiai.sp.gov.br\/noticias\/wp-content\/uploads\/sites\/32\/2022\/03\/vacinacao-covid-parque-da-uva-4-dose-29.jpg 1280w, https:\/\/jundiai.sp.gov.br\/noticias\/wp-content\/uploads\/sites\/32\/2022\/03\/vacinacao-covid-parque-da-uva-4-dose-29-300x200.jpg 300w, https:\/\/jundiai.sp.gov.br\/noticias\/wp-content\/uploads\/sites\/32\/2022\/03\/vacinacao-covid-parque-da-uva-4-dose-29-768x512.jpg 768w, https:\/\/jundiai.sp.gov.br\/noticias\/wp-content\/uploads\/sites\/32\/2022\/03\/vacinacao-covid-parque-da-uva-4-dose-29-450x300.jpg 450w\" sizes=\"auto, (max-width: 1280px) 100vw, 1280px\" \/><figcaption>Dona Miltes recebe a quarta dose da vacina contra a Covid-19 <\/figcaption><\/figure>\n\n\n\n<p>J\u00e1 Ary de Brito Tavares, de 81 anos, disse ter sa\u00eddo apenas para tomar a vacina contra a Influenza, mas foi informado que tamb\u00e9m poderia tomar a quarta dose contra a Covid. &#8220;As enfermeiras foram muito atenciosas e, ao olhar minha certeira de vacina\u00e7\u00e3o, constaram que j\u00e1 havia passado o prazo m\u00ednimo depois da terceira dose&#8221;, relata. <\/p>\n\n\n\n<p>A vacina\u00e7\u00e3o contra a Covid-19 segue em Jundia\u00ed neste s\u00e1bado (26) em diversos pontos, sem agendamento. Para a popula\u00e7\u00e3o com mais de 80 anos \u00e9 poss\u00edvel ainda vacinar, com <a href=\"https:\/\/vacina.jundiai.sp.gov.br\/D4-idosos-80\/\" target=\"_blank\" rel=\"noreferrer noopener\">agendamento, para aplica\u00e7\u00e3o desse imunizante e da vacina contra a Influenza<\/a> no sistema drive-thru no Parque da Uva. <a href=\"https:\/\/jundiai.sp.gov.br\/noticias\/2022\/03\/25\/confira-o-cronograma-de-vacinacao-contra-a-covid-19-e-influenza-para-populacao-80-em-jundiai-neste-sabado-26\/\">Confira os detalhes<\/a>.<\/p>\n\n\n\n<p>Em Jundia\u00ed, como o calend\u00e1rio de vacina\u00e7\u00e3o foi adiantado para s\u00e1bado (26), e ele segue durante a semana, n\u00e3o est\u00e1 previsto cronograma de aplica\u00e7\u00e3o neste domingo (27).<\/p>\n\n\n\n<p><strong>Vacina\u00e7\u00e3o Infantil<\/strong><br>Tamb\u00e9m neste s\u00e1bado (26), a F\u00e1brica de Inf\u00e2ncias Japy recebeu crian\u00e7as de seis a 11 anos para vacina\u00e7\u00e3o tanto da primeira quanto da segunda dose. As vacinas aplicadas foram a Pfizer infantil e a Coronavac.<\/p>\n\n\n\n<p>Os pais podem consultar o site da Prefeitura de Jundia\u00ed, no <a href=\"https:\/\/vacina.jundiai.sp.gov.br\/agendamento\/\" target=\"_blank\" rel=\"noreferrer noopener\">Calend\u00e1rio de Vacina\u00e7\u00e3o<\/a>&nbsp;e escolher qual a Unidade B\u00e1sica de Sa\u00fade mais pr\u00f3xima da sua resid\u00eancia para fazer a aplica\u00e7\u00e3o da vacina contra a COVID-19. H\u00e1 ainda a oferta em Escolas Municipais de Educa\u00e7\u00e3o B\u00e1sica (EMEBs). Para esse atendimento, no entanto, \u00e9 necess\u00e1rio preencher e assinar a autoriza\u00e7\u00e3o encaminhada pelas escolas para as fam\u00edlias.<\/p>\n\n\n\n<figure class=\"wp-block-image size-full is-resized\"><img loading=\"lazy\" decoding=\"async\" src=\"https:\/\/jundiai.sp.gov.br\/noticias\/wp-content\/uploads\/sites\/32\/2022\/03\/vacinacao-covid-fabrica-japy-22.jpg\" alt=\"\" class=\"wp-image-288922\" width=\"898\" height=\"598\" srcset=\"https:\/\/jundiai.sp.gov.br\/noticias\/wp-content\/uploads\/sites\/32\/2022\/03\/vacinacao-covid-fabrica-japy-22.jpg 1280w, https:\/\/jundiai.sp.gov.br\/noticias\/wp-content\/uploads\/sites\/32\/2022\/03\/vacinacao-covid-fabrica-japy-22-300x200.jpg 300w, https:\/\/jundiai.sp.gov.br\/noticias\/wp-content\/uploads\/sites\/32\/2022\/03\/vacinacao-covid-fabrica-japy-22-768x512.jpg 768w, https:\/\/jundiai.sp.gov.br\/noticias\/wp-content\/uploads\/sites\/32\/2022\/03\/vacinacao-covid-fabrica-japy-22-450x300.jpg 450w\" sizes=\"auto, (max-width: 898px) 100vw, 898px\" \/><figcaption>F\u00e1brica das Inf\u00e2ncias Japy foi um dos pontos de vacina\u00e7\u00e3o para crian\u00e7as de seis a 11 anos <\/figcaption><\/figure>\n\n\n\n<p><strong>Assessoria de Imprensa<\/strong><br><strong>Fotos: Divulga\u00e7\u00e3o<\/strong><\/p>\n","protected":false},"excerpt":{"rendered":"<p>Neste s\u00e1bado (26), no Parque da Uva, foi realizada a aplica\u00e7\u00e3o da vacina contra a Influenza (gripe e da 4\u00aa dose da vacina contra a Covid-19 para idosos acima de 80 anos. A vacina\u00e7\u00e3o foi feita no sistema de drive-thru, sendo que a vacina aplicada contra a Covid foi a da Janssen. Logo pela manh\u00e3 [&hellip;]<\/p>\n","protected":false},"author":79,"featured_media":288921,"comment_status":"closed","ping_status":"closed","sticky":false,"template":"","format":"standard","meta":{"footnotes":""},"categories":[2],"tags":[1500,2251,1879,276,981,1307,421],"ods":[],"class_list":["post-288913","post","type-post","status-publish","format-standard","has-post-thumbnail","hentry","category-noticias","tag-coronavirus","tag-fabrica-das-infancias-japy","tag-influenza","tag-parque-da-uva","tag-promocao-da-saude","tag-ubs","tag-vacinacao"],"_links":{"self":[{"href":"https:\/\/jundiai.sp.gov.br\/noticias\/wp-json\/wp\/v2\/posts\/288913","targetHints":{"allow":["GET"]}}],"collection":[{"href":"https:\/\/jundiai.sp.gov.br\/noticias\/wp-json\/wp\/v2\/posts"}],"about":[{"href":"https:\/\/jundiai.sp.gov.br\/noticias\/wp-json\/wp\/v2\/types\/post"}],"author":[{"embeddable":true,"href":"https:\/\/jundiai.sp.gov.br\/noticias\/wp-json\/wp\/v2\/users\/79"}],"replies":[{"embeddable":true,"href":"https:\/\/jundiai.sp.gov.br\/noticias\/wp-json\/wp\/v2\/comments?post=288913"}],"version-history":[{"count":6,"href":"https:\/\/jundiai.sp.gov.br\/noticias\/wp-json\/wp\/v2\/posts\/288913\/revisions"}],"predecessor-version":[{"id":288935,"href":"https:\/\/jundiai.sp.gov.br\/noticias\/wp-json\/wp\/v2\/posts\/288913\/revisions\/288935"}],"wp:featuredmedia":[{"embeddable":true,"href":"https:\/\/jundiai.sp.gov.br\/noticias\/wp-json\/wp\/v2\/media\/288921"}],"wp:attachment":[{"href":"https:\/\/jundiai.sp.gov.br\/noticias\/wp-json\/wp\/v2\/media?parent=288913"}],"wp:term":[{"taxonomy":"category","embeddable":true,"href":"https:\/\/jundiai.sp.gov.br\/noticias\/wp-json\/wp\/v2\/categories?post=288913"},{"taxonomy":"post_tag","embeddable":true,"href":"https:\/\/jundiai.sp.gov.br\/noticias\/wp-json\/wp\/v2\/tags?post=288913"},{"taxonomy":"ods","embeddable":true,"href":"https:\/\/jundiai.sp.gov.br\/noticias\/wp-json\/wp\/v2\/ods?post=288913"}],"curies":[{"name":"wp","href":"https:\/\/api.w.org\/{rel}","templated":true}]}}