{"id":289160,"date":"2022-04-02T09:13:00","date_gmt":"2022-04-02T12:13:00","guid":{"rendered":"https:\/\/jundiai.sp.gov.br\/noticias\/?p=289160"},"modified":"2022-04-01T14:05:39","modified_gmt":"2022-04-01T17:05:39","slug":"apresentacao-do-prognostico-do-plano-da-mata-atlantica-e-cerrado-e-nesta-terca-feira-5","status":"publish","type":"post","link":"https:\/\/jundiai.sp.gov.br\/noticias\/2022\/04\/02\/apresentacao-do-prognostico-do-plano-da-mata-atlantica-e-cerrado-e-nesta-terca-feira-5\/","title":{"rendered":"Apresenta\u00e7\u00e3o do progn\u00f3stico do Plano da Mata Atl\u00e2ntica e Cerrado \u00e9 nesta ter\u00e7a-feira (5)"},"content":{"rendered":"\n<p>O Plano de Conserva\u00e7\u00e3o da Mata Atl\u00e2ntica e Cerrado avan\u00e7a mais uma etapa. Na ter\u00e7a-feira (5), das 9h \u00e0s 11h, a Unidade de Gest\u00e3o de Planejamento Urbano e Meio Ambiente (UGPUMA) ir\u00e1 apresentar, em <a href=\"http:\/\/meet.google.com\/fmx-cmae-cmd)\">ambiente virtual<\/a>, o progn\u00f3stico do estudo.<\/p>\n\n\n\n<p>Em fevereiro foi promovida a apresenta\u00e7\u00e3o do diagn\u00f3stico ao Grupo T\u00e9cnico e o documento disponibilizado para consulta p\u00fablica. \u201cO progn\u00f3stico \u00e9 um importante passo. A partir da situa\u00e7\u00e3o atual, apresentada no<a href=\"https:\/\/jundiai.sp.gov.br\/planejamento-e-meio-ambiente\/diagnostico-preliminar\/\"> diagn\u00f3stico<\/a>, teremos uma vis\u00e3o do cen\u00e1rio futuro, que nos permitir\u00e1 formular a\u00e7\u00f5es que visem \u00e0 prote\u00e7\u00e3o e restaura\u00e7\u00e3o dos remanescentes de Mata Atl\u00e2ntica e Cerrado em Jundia\u00ed\u201d, explica o diretor do Departamento de Meio Ambiente, Wagner de Paiva.<\/p>\n\n\n\n<p>O progn\u00f3stico ir\u00e1 apresentar as estrat\u00e9gias para chegar ao objetivo do Plano, que \u00e9 a conserva\u00e7\u00e3o e recupera\u00e7\u00e3o da Mata Atl\u00e2ntica e do Cerrado na cidade. Cada estrat\u00e9gia se desdobrar\u00e1 em um conjunto de a\u00e7\u00f5es tanto de car\u00e1ter corretivo, quanto preventivo. \u201cEsse planejamento \u00e9 importante para garantir a efetividade da implementa\u00e7\u00e3o do Plano\u201d, afirma Wagner.<\/p>\n\n\n\n<figure class=\"wp-block-image size-full\"><img loading=\"lazy\" decoding=\"async\" width=\"1280\" height=\"720\" src=\"https:\/\/jundiai.sp.gov.br\/noticias\/wp-content\/uploads\/sites\/32\/2021\/12\/parque-linear-no-parque-da-represa-dae_c_-10.jpg\" alt=\"DESCRI\u00c7\u00c3O DA IMAGEM\nImagem a\u00e9rea da cidade, na qual pode-se avistar pr\u00e9dios, casas, represa ao lado esquerdo da foto, corredores de \u00e1rvores e de \u00e1rea verde\" class=\"wp-image-282929\" srcset=\"https:\/\/jundiai.sp.gov.br\/noticias\/wp-content\/uploads\/sites\/32\/2021\/12\/parque-linear-no-parque-da-represa-dae_c_-10.jpg 1280w, https:\/\/jundiai.sp.gov.br\/noticias\/wp-content\/uploads\/sites\/32\/2021\/12\/parque-linear-no-parque-da-represa-dae_c_-10-300x169.jpg 300w, https:\/\/jundiai.sp.gov.br\/noticias\/wp-content\/uploads\/sites\/32\/2021\/12\/parque-linear-no-parque-da-represa-dae_c_-10-768x432.jpg 768w\" sizes=\"auto, (max-width: 1280px) 100vw, 1280px\" \/><figcaption>Popula\u00e7\u00e3o pode ajudar com sugest\u00e3o de conserva\u00e7\u00e3o ou amplia\u00e7\u00e3o de \u00e1reas verdes nos espa\u00e7os da cidade<\/figcaption><\/figure>\n\n\n\n<p>O gestor da UGPUMA, Sin\u00e9sio Scarabello Filho, destaca a import\u00e2ncia da popula\u00e7\u00e3o na formula\u00e7\u00e3o do Plano. \u201cA constru\u00e7\u00e3o coletiva fortalece a elabora\u00e7\u00e3o do Plano. Queremos ouvir os mun\u00edcipes que, certamente, t\u00eam muito a contribuir, pois podem indicar e propor a\u00e7\u00f5es que visem melhorar o estado de conserva\u00e7\u00e3o ou amplia\u00e7\u00e3o das \u00e1reas verdes com fun\u00e7\u00e3o social, principalmente em espa\u00e7os pr\u00f3ximos da moradia, trabalho, escola, entre outros\u201d, salienta.<\/p>\n\n\n\n<p>Al\u00e9m da popula\u00e7\u00e3o, o Plano conta com a participa\u00e7\u00e3o do Conselho Municipal de Meio Ambiente (Comdema), respons\u00e1vel pela aprova\u00e7\u00e3o do trabalho. O Grupo de Trabalho \u00e9 composto por representantes da sociedade civil e da administra\u00e7\u00e3o municipal, institu\u00eddo por meio da Portaria 24\/2022.<\/p>\n\n\n\n<p>O Plano atende \u00e0 Lei Federal n\u00ba 11.428\/06 e a Lei Estadual n\u00ba 13.550\/09, \u00e0 exig\u00eancia do Programa Munic\u00edpio Verde Azul.<\/p>\n\n\n\n<p><strong>Assessoria de Imprensa<\/strong><br><strong>Fotos: Fot\u00f3grafos PMJ<\/strong><\/p>\n","protected":false},"excerpt":{"rendered":"<p>O Plano de Conserva\u00e7\u00e3o da Mata Atl\u00e2ntica e Cerrado avan\u00e7a mais uma etapa. Na ter\u00e7a-feira (5), das 9h \u00e0s 11h, a Unidade de Gest\u00e3o de Planejamento Urbano e Meio Ambiente (UGPUMA) ir\u00e1 apresentar, em ambiente virtual, o progn\u00f3stico do estudo. Em fevereiro foi promovida a apresenta\u00e7\u00e3o do diagn\u00f3stico ao Grupo T\u00e9cnico e o documento disponibilizado [&hellip;]<\/p>\n","protected":false},"author":70,"featured_media":285966,"comment_status":"closed","ping_status":"closed","sticky":false,"template":"","format":"standard","meta":{"footnotes":""},"categories":[2],"tags":[1209,984,2257,2235],"ods":[],"class_list":["post-289160","post","type-post","status-publish","format-standard","has-post-thumbnail","hentry","category-noticias","tag-meio-ambiente","tag-planejamento-urbano-e-meio-ambiente","tag-plano-da-mata-atlantica-e-cerrado","tag-plano-de-conservacao-da-mata-atlantica-e-cerrado"],"_links":{"self":[{"href":"https:\/\/jundiai.sp.gov.br\/noticias\/wp-json\/wp\/v2\/posts\/289160","targetHints":{"allow":["GET"]}}],"collection":[{"href":"https:\/\/jundiai.sp.gov.br\/noticias\/wp-json\/wp\/v2\/posts"}],"about":[{"href":"https:\/\/jundiai.sp.gov.br\/noticias\/wp-json\/wp\/v2\/types\/post"}],"author":[{"embeddable":true,"href":"https:\/\/jundiai.sp.gov.br\/noticias\/wp-json\/wp\/v2\/users\/70"}],"replies":[{"embeddable":true,"href":"https:\/\/jundiai.sp.gov.br\/noticias\/wp-json\/wp\/v2\/comments?post=289160"}],"version-history":[{"count":4,"href":"https:\/\/jundiai.sp.gov.br\/noticias\/wp-json\/wp\/v2\/posts\/289160\/revisions"}],"predecessor-version":[{"id":289222,"href":"https:\/\/jundiai.sp.gov.br\/noticias\/wp-json\/wp\/v2\/posts\/289160\/revisions\/289222"}],"wp:featuredmedia":[{"embeddable":true,"href":"https:\/\/jundiai.sp.gov.br\/noticias\/wp-json\/wp\/v2\/media\/285966"}],"wp:attachment":[{"href":"https:\/\/jundiai.sp.gov.br\/noticias\/wp-json\/wp\/v2\/media?parent=289160"}],"wp:term":[{"taxonomy":"category","embeddable":true,"href":"https:\/\/jundiai.sp.gov.br\/noticias\/wp-json\/wp\/v2\/categories?post=289160"},{"taxonomy":"post_tag","embeddable":true,"href":"https:\/\/jundiai.sp.gov.br\/noticias\/wp-json\/wp\/v2\/tags?post=289160"},{"taxonomy":"ods","embeddable":true,"href":"https:\/\/jundiai.sp.gov.br\/noticias\/wp-json\/wp\/v2\/ods?post=289160"}],"curies":[{"name":"wp","href":"https:\/\/api.w.org\/{rel}","templated":true}]}}