{"id":289322,"date":"2022-04-02T10:00:00","date_gmt":"2022-04-02T13:00:00","guid":{"rendered":"https:\/\/jundiai.sp.gov.br\/noticias\/?p=289322"},"modified":"2022-05-12T15:07:46","modified_gmt":"2022-05-12T18:07:46","slug":"artistas-e-grupos-tem-ate-o-proximo-sabado-09-para-se-inscrever-no-6o-festival-de-teatro-de-jundiai-festeju","status":"publish","type":"post","link":"https:\/\/jundiai.sp.gov.br\/noticias\/2022\/04\/02\/artistas-e-grupos-tem-ate-o-proximo-sabado-09-para-se-inscrever-no-6o-festival-de-teatro-de-jundiai-festeju\/","title":{"rendered":"Artistas e grupos t\u00eam at\u00e9 o pr\u00f3ximo s\u00e1bado (09) para se inscrever no 6\u00ba Festival de Teatro de Jundia\u00ed (Festeju)"},"content":{"rendered":"\n<p>Artistas solos ou grupos estudantis e companhias teatrais, amadores e profissionais, de todo o Pa\u00eds, t\u00eam at\u00e9 este s\u00e1bado (09) para se inscrever no <a href=\"https:\/\/cultura.jundiai.sp.gov.br\/festeju\/\" target=\"_blank\" rel=\"noreferrer noopener\">Festival de Teatro de Jundia\u00ed (Festeju)<\/a>.<\/p>\n\n\n\n<p>Este ano o festival chega \u00e0 sua 6\u00aa edi\u00e7\u00e3o e volta ao seu formato presencial, com realiza\u00e7\u00e3o entre os dias 04 a 27 de junho, em espa\u00e7os da cidade como a Sala Jundia\u00ed do Complexo Fepasa e o Teatro Polytheama. Al\u00e9m das apresenta\u00e7\u00f5es teatrais, o Festeju contar\u00e1 ainda em sua programa\u00e7\u00e3o gratuita com oficinas, palestras e debates com profissionais renomados da \u00e1rea.<\/p>\n\n\n\n<p><a href=\"https:\/\/www.flickr.com\/photos\/prefeituradejundiai\/albums\/72157720221139804\" target=\"_blank\" rel=\"noreferrer noopener\">CONFIRA AS FOTOS DA 5\u00aa EDI\u00c7\u00c3O DO FESTIVAL<\/a><\/p>\n\n\n\n<figure class=\"wp-block-image size-full is-resized\"><img loading=\"lazy\" decoding=\"async\" src=\"https:\/\/jundiai.sp.gov.br\/noticias\/wp-content\/uploads\/sites\/32\/2022\/04\/festeju.jpg\" alt=\"\" class=\"wp-image-289324\" width=\"1030\" height=\"647\" srcset=\"https:\/\/jundiai.sp.gov.br\/noticias\/wp-content\/uploads\/sites\/32\/2022\/04\/festeju.jpg 1280w, https:\/\/jundiai.sp.gov.br\/noticias\/wp-content\/uploads\/sites\/32\/2022\/04\/festeju-300x189.jpg 300w, https:\/\/jundiai.sp.gov.br\/noticias\/wp-content\/uploads\/sites\/32\/2022\/04\/festeju-768x483.jpg 768w\" sizes=\"auto, (max-width: 1030px) 100vw, 1030px\" \/><figcaption>Podem se inscrever artistas solos ou grupos estudantis e companhias teatrais de todo o Pa\u00eds, tanto amadores como profissionais<\/figcaption><\/figure>\n\n\n\n<p>Pela Cena Amadora, poder\u00e3o se inscrever grupos art\u00edsticos livres ou estudantis de todo o territ\u00f3rio nacional. A composi\u00e7\u00e3o de seus elencos poder\u00e1 ter at\u00e9 30% com registro profissional da categoria na Delegacia Regional do Trabalho (DRT). Nessa categoria, a participa\u00e7\u00e3o ser\u00e1 premiada por meio de trof\u00e9u para os destaques de melhores ator, atriz, cen\u00e1rio, diretor, espet\u00e1culo por aprecia\u00e7\u00e3o popular, espet\u00e1culos (primeiro, segundo e terceiro lugares), figurino, ilumina\u00e7\u00e3o, maquiagem, pesquisa, sonoplastia e texto original. Nesta Cena, as apresenta\u00e7\u00f5es ser\u00e3o realizadas entre os dias 06 e 15 de junho, na Sala Jundia\u00ed do Complexo Fepasa.<\/p>\n\n\n\n<p>J\u00e1 pela Cena Profissional, de toda a equipe descrita na ficha t\u00e9cnica (incluindo integrantes do grupo ou companhia, produtores e t\u00e9cnicos), pelo menos 70% dever\u00e1 ter registros da DRT. Nessa categoria, ser\u00e3o selecionados dez espet\u00e1culos, que ser\u00e3o premiados com trof\u00e9us e aporte financeiro no valor de R$ 7mil. Pela Cena Profissional, as apresenta\u00e7\u00f5es ser\u00e3o feitas entre 17 e 26 de junho, no Teatro Polytheama.<\/p>\n\n\n\n<p>As inscri\u00e7\u00f5es devem ser realizadas por <a rel=\"noreferrer noopener\" href=\"https:\/\/docs.google.com\/forms\/d\/e\/1FAIpQLScBILdCeyY6mX2WzoRQ6o-gj0NUM4J4mkknnBo5f3G_1T4ObQ\/viewform\" target=\"_blank\">integrantes<\/a> e por <a rel=\"noreferrer noopener\" href=\"https:\/\/docs.google.com\/forms\/d\/e\/1FAIpQLSf7Ctmgl9Rc7w0SCGa9y13Cm9n7hylSo8df2uGHG4GLE2hYTw\/viewform\" target=\"_blank\">espet\u00e1culos<\/a>.<\/p>\n\n\n\n<p>Cada proponente poder\u00e1 se inscrever com apenas um espet\u00e1culo, com tem\u00e1ticas infantis, infantojuvenis e adultas, pelas Cenas Amadora e Profissional.<\/p>\n\n\n\n<p>Mais informa\u00e7\u00f5es podem ser obtidas nos sites do <a href=\"https:\/\/cultura.jundiai.sp.gov.br\/festeju\/\" target=\"_blank\" rel=\"noreferrer noopener\">Festeju<\/a> e da <a href=\"https:\/\/cultura.jundiai.sp.gov.br\/editais-e-regulamentos\/\" target=\"_blank\" rel=\"noreferrer noopener\">Cultura<\/a>, pelo <a href=\"https:\/\/cultura.jundiai.sp.gov.br\/wp-content\/uploads\/2022\/02\/Edital_Festeju_2022.pdf\" target=\"_blank\" rel=\"noreferrer noopener\">edital de concurso n\u00ba 03\/2022<\/a>, pelo e-mail <a href=\"mailto:festeju@jundiai.sp.gov.br\" target=\"_blank\" rel=\"noreferrer noopener\">festeju@jundiai.sp.gov.br<\/a> ou pelo telefone (11 4589-6800.<\/p>\n\n\n\n<p><strong>Assessoria de Imprensa<br>Foto: Arquivo PMJ<\/strong><\/p>\n","protected":false},"excerpt":{"rendered":"<p>Artistas solos ou grupos estudantis e companhias teatrais, amadores e profissionais, de todo o Pa\u00eds, t\u00eam at\u00e9 este s\u00e1bado (09) para se inscrever no Festival de Teatro de Jundia\u00ed (Festeju). Este ano o festival chega \u00e0 sua 6\u00aa edi\u00e7\u00e3o e volta ao seu formato presencial, com realiza\u00e7\u00e3o entre os dias 04 a 27 de junho, [&hellip;]<\/p>\n","protected":false},"author":14,"featured_media":289324,"comment_status":"closed","ping_status":"closed","sticky":false,"template":"","format":"standard","meta":{"footnotes":""},"categories":[2],"tags":[29,1077,98],"ods":[],"class_list":["post-289322","post","type-post","status-publish","format-standard","has-post-thumbnail","hentry","category-noticias","tag-cultura","tag-festival-de-teatro-de-jundiai-festeju","tag-teatro-polytheama"],"_links":{"self":[{"href":"https:\/\/jundiai.sp.gov.br\/noticias\/wp-json\/wp\/v2\/posts\/289322","targetHints":{"allow":["GET"]}}],"collection":[{"href":"https:\/\/jundiai.sp.gov.br\/noticias\/wp-json\/wp\/v2\/posts"}],"about":[{"href":"https:\/\/jundiai.sp.gov.br\/noticias\/wp-json\/wp\/v2\/types\/post"}],"author":[{"embeddable":true,"href":"https:\/\/jundiai.sp.gov.br\/noticias\/wp-json\/wp\/v2\/users\/14"}],"replies":[{"embeddable":true,"href":"https:\/\/jundiai.sp.gov.br\/noticias\/wp-json\/wp\/v2\/comments?post=289322"}],"version-history":[{"count":6,"href":"https:\/\/jundiai.sp.gov.br\/noticias\/wp-json\/wp\/v2\/posts\/289322\/revisions"}],"predecessor-version":[{"id":292072,"href":"https:\/\/jundiai.sp.gov.br\/noticias\/wp-json\/wp\/v2\/posts\/289322\/revisions\/292072"}],"wp:featuredmedia":[{"embeddable":true,"href":"https:\/\/jundiai.sp.gov.br\/noticias\/wp-json\/wp\/v2\/media\/289324"}],"wp:attachment":[{"href":"https:\/\/jundiai.sp.gov.br\/noticias\/wp-json\/wp\/v2\/media?parent=289322"}],"wp:term":[{"taxonomy":"category","embeddable":true,"href":"https:\/\/jundiai.sp.gov.br\/noticias\/wp-json\/wp\/v2\/categories?post=289322"},{"taxonomy":"post_tag","embeddable":true,"href":"https:\/\/jundiai.sp.gov.br\/noticias\/wp-json\/wp\/v2\/tags?post=289322"},{"taxonomy":"ods","embeddable":true,"href":"https:\/\/jundiai.sp.gov.br\/noticias\/wp-json\/wp\/v2\/ods?post=289322"}],"curies":[{"name":"wp","href":"https:\/\/api.w.org\/{rel}","templated":true}]}}