{"id":289779,"date":"2022-04-11T12:34:49","date_gmt":"2022-04-11T15:34:49","guid":{"rendered":"https:\/\/jundiai.sp.gov.br\/noticias\/?p=289779"},"modified":"2022-04-11T12:34:49","modified_gmt":"2022-04-11T15:34:49","slug":"enredanca-cultura-abre-280-vagas-gratuitas-em-workshops-e-masterclasses-presenciais-com-profissionais-renomados","status":"publish","type":"post","link":"https:\/\/jundiai.sp.gov.br\/noticias\/2022\/04\/11\/enredanca-cultura-abre-280-vagas-gratuitas-em-workshops-e-masterclasses-presenciais-com-profissionais-renomados\/","title":{"rendered":"Enredan\u00e7a: Cultura abre 280 vagas gratuitas em workshops e masterclasses presenciais com profissionais renomados"},"content":{"rendered":"\n<p>Como parte da programa\u00e7\u00e3o formativa do <a href=\"https:\/\/cultura.jundiai.sp.gov.br\/enredanca\/\" target=\"_blank\" rel=\"noreferrer noopener\">24\u00ba Enredan\u00e7a<\/a>, a Unidade de Gest\u00e3o de Cultura (UGC) abre, a partir das 18h desta segunda-feira (11), as inscri\u00e7\u00f5es gratuitas para workshops e masterclasses gratuitos com profissionais renomados do mundo da Dan\u00e7a. No total, ser\u00e3o disponibilizadas 280 vagas gratuitas, para realiza\u00e7\u00e3o de oito oficinas, entre os s\u00e1bados 16 e 23 de abril.<\/p>\n\n\n\n<p><a rel=\"noreferrer noopener\" href=\"https:\/\/cultura.jundiai.sp.gov.br\/workshops-e-masterclasses-gratuitos\/\" target=\"_blank\">C<\/a><a rel=\"noreferrer noopener\" href=\"https:\/\/cultura.jundiai.sp.gov.br\/workshops-e-masterclasses-gratuitos\/\" target=\"_blank\">O<\/a><a rel=\"noreferrer noopener\" href=\"https:\/\/cultura.jundiai.sp.gov.br\/workshops-e-masterclasses-gratuitos\/\" target=\"_blank\">N<\/a><a rel=\"noreferrer noopener\" href=\"https:\/\/cultura.jundiai.sp.gov.br\/workshops-e-masterclasses-gratuitos\/\" target=\"_blank\">F<\/a><a rel=\"noreferrer noopener\" href=\"https:\/\/cultura.jundiai.sp.gov.br\/workshops-e-masterclasses-gratuitos\/\" target=\"_blank\">I<\/a><a rel=\"noreferrer noopener\" href=\"https:\/\/cultura.jundiai.sp.gov.br\/workshops-e-masterclasses-gratuitos\/\" target=\"_blank\">R<\/a><a rel=\"noreferrer noopener\" href=\"https:\/\/cultura.jundiai.sp.gov.br\/workshops-e-masterclasses-gratuitos\/\" target=\"_blank\">A<\/a><a rel=\"noreferrer noopener\" href=\"https:\/\/cultura.jundiai.sp.gov.br\/workshops-e-masterclasses-gratuitos\/\" target=\"_blank\"> <\/a><a rel=\"noreferrer noopener\" href=\"https:\/\/cultura.jundiai.sp.gov.br\/workshops-e-masterclasses-gratuitos\/\" target=\"_blank\">A<\/a><a rel=\"noreferrer noopener\" href=\"https:\/\/cultura.jundiai.sp.gov.br\/workshops-e-masterclasses-gratuitos\/\" target=\"_blank\"> <\/a><a rel=\"noreferrer noopener\" href=\"https:\/\/cultura.jundiai.sp.gov.br\/workshops-e-masterclasses-gratuitos\/\" target=\"_blank\">P<\/a><a rel=\"noreferrer noopener\" href=\"https:\/\/cultura.jundiai.sp.gov.br\/workshops-e-masterclasses-gratuitos\/\" target=\"_blank\">R<\/a><a rel=\"noreferrer noopener\" href=\"https:\/\/cultura.jundiai.sp.gov.br\/workshops-e-masterclasses-gratuitos\/\" target=\"_blank\">O<\/a><a rel=\"noreferrer noopener\" href=\"https:\/\/cultura.jundiai.sp.gov.br\/workshops-e-masterclasses-gratuitos\/\" target=\"_blank\">G<\/a><a rel=\"noreferrer noopener\" href=\"https:\/\/cultura.jundiai.sp.gov.br\/workshops-e-masterclasses-gratuitos\/\" target=\"_blank\">R<\/a><a rel=\"noreferrer noopener\" href=\"https:\/\/cultura.jundiai.sp.gov.br\/workshops-e-masterclasses-gratuitos\/\" target=\"_blank\">A<\/a><a rel=\"noreferrer noopener\" href=\"https:\/\/cultura.jundiai.sp.gov.br\/workshops-e-masterclasses-gratuitos\/\" target=\"_blank\">M<\/a><a rel=\"noreferrer noopener\" href=\"https:\/\/cultura.jundiai.sp.gov.br\/workshops-e-masterclasses-gratuitos\/\" target=\"_blank\">A<\/a><a rel=\"noreferrer noopener\" href=\"https:\/\/cultura.jundiai.sp.gov.br\/workshops-e-masterclasses-gratuitos\/\" target=\"_blank\">\u00c7<\/a><a rel=\"noreferrer noopener\" href=\"https:\/\/cultura.jundiai.sp.gov.br\/workshops-e-masterclasses-gratuitos\/\" target=\"_blank\">\u00c3<\/a><a rel=\"noreferrer noopener\" href=\"https:\/\/cultura.jundiai.sp.gov.br\/workshops-e-masterclasses-gratuitos\/\" target=\"_blank\">O<\/a><a rel=\"noreferrer noopener\" href=\"https:\/\/cultura.jundiai.sp.gov.br\/workshops-e-masterclasses-gratuitos\/\" target=\"_blank\"> <\/a><a rel=\"noreferrer noopener\" href=\"https:\/\/cultura.jundiai.sp.gov.br\/workshops-e-masterclasses-gratuitos\/\" target=\"_blank\">C<\/a><a rel=\"noreferrer noopener\" href=\"https:\/\/cultura.jundiai.sp.gov.br\/workshops-e-masterclasses-gratuitos\/\" target=\"_blank\">O<\/a><a rel=\"noreferrer noopener\" href=\"https:\/\/cultura.jundiai.sp.gov.br\/workshops-e-masterclasses-gratuitos\/\" target=\"_blank\">M<\/a><a rel=\"noreferrer noopener\" href=\"https:\/\/cultura.jundiai.sp.gov.br\/workshops-e-masterclasses-gratuitos\/\" target=\"_blank\">P<\/a><a rel=\"noreferrer noopener\" href=\"https:\/\/cultura.jundiai.sp.gov.br\/workshops-e-masterclasses-gratuitos\/\" target=\"_blank\">L<\/a><a rel=\"noreferrer noopener\" href=\"https:\/\/cultura.jundiai.sp.gov.br\/workshops-e-masterclasses-gratuitos\/\" target=\"_blank\">E<\/a><a rel=\"noreferrer noopener\" href=\"https:\/\/cultura.jundiai.sp.gov.br\/workshops-e-masterclasses-gratuitos\/\" target=\"_blank\">T<\/a><a rel=\"noreferrer noopener\" href=\"https:\/\/cultura.jundiai.sp.gov.br\/workshops-e-masterclasses-gratuitos\/\" target=\"_blank\">A<\/a><\/p>\n\n\n\n<p>Um dos destaques da programa\u00e7\u00e3o \u00e9 a volta da participa\u00e7\u00e3o da famosa e renomada bailarina Ana Botafogo, que realiza duas masterclasses (esp\u00e9cie de aula oferecida por especialistas em determinada \u00e1rea do conhecimento) de Ballet Cl\u00e1ssico: uma na sexta-feira (22), a partir das 10h30, para N\u00edvel Intermedi\u00e1rio; e outra no s\u00e1bado (23), no mesmo hor\u00e1rio, para N\u00edvel Avan\u00e7ado.<\/p>\n\n\n\n<p><a href=\"https:\/\/jundiai.sp.gov.br\/noticias\/2019\/05\/24\/enredanca-traz-ana-botafogo-a-jundiai-para-encontro-com-bailarinos\/\">RELEMBRE A PARTICIPA\u00c7\u00c3O DE ANA BOTAFOGO NO ENREDAN\u00c7A<\/a><\/p>\n\n\n\n<figure class=\"wp-block-image size-full is-resized\"><img loading=\"lazy\" decoding=\"async\" src=\"https:\/\/jundiai.sp.gov.br\/noticias\/wp-content\/uploads\/sites\/32\/2022\/04\/enredanca_ana_botafogo-619.jpg\" alt=\"\" class=\"wp-image-289783\" width=\"990\" height=\"649\" srcset=\"https:\/\/jundiai.sp.gov.br\/noticias\/wp-content\/uploads\/sites\/32\/2022\/04\/enredanca_ana_botafogo-619.jpg 1280w, https:\/\/jundiai.sp.gov.br\/noticias\/wp-content\/uploads\/sites\/32\/2022\/04\/enredanca_ana_botafogo-619-300x197.jpg 300w\" sizes=\"auto, (max-width: 990px) 100vw, 990px\" \/><figcaption>Ana Botafogo realiza duas masterclasses de Ballet Cl\u00e1ssico<\/figcaption><\/figure>\n\n\n\n<p>O diretor art\u00edstico da Cia. Jovem de Dan\u00e7a, corpo art\u00edstico ligado \u00e0 UGC, Alex Soares, realiza um workshop de Contempor\u00e2neo, no domingo (17), a partir das 10h30.<\/p>\n\n\n\n<p>A programa\u00e7\u00e3o traz tamb\u00e9m os workshops de Jazz, com Vivien Fortes e Caio Nunes; Contempor\u00e2neo, com Andrea Pivato; Dan\u00e7a Urbana, com Edson Guiu; e Ballet Cl\u00e1ssico, com Esmeralda Gazal.<\/p>\n\n\n\n<p>A sele\u00e7\u00e3o dos participantes ser\u00e1 por ordem de inscri\u00e7\u00e3o on-line. Para os inscritos, as atividades presenciais ser\u00e3o realizadas na Sala Hermeto Pascoal do Complexo Fepasa, que fica na avenida Uni\u00e3o dos Ferrovi\u00e1rios, 1760. Mais informa\u00e7\u00f5es pelo telefone 4589-6800.<\/p>\n\n\n\n<p>A programa\u00e7\u00e3o completa do <a href=\"https:\/\/cultura.jundiai.sp.gov.br\/enredanca\/\" target=\"_blank\" rel=\"noreferrer noopener\">24\u00ba Enredan\u00e7a, com as apresenta\u00e7\u00f5es das mostras Paralela e Competitiva, pode ser conferida na internet<\/a>.<\/p>\n\n\n\n<figure class=\"wp-block-image size-full\"><img loading=\"lazy\" decoding=\"async\" width=\"1280\" height=\"853\" src=\"https:\/\/jundiai.sp.gov.br\/noticias\/wp-content\/uploads\/sites\/32\/2022\/04\/cia_jovem_danca-4.jpg\" alt=\"\" class=\"wp-image-289788\" srcset=\"https:\/\/jundiai.sp.gov.br\/noticias\/wp-content\/uploads\/sites\/32\/2022\/04\/cia_jovem_danca-4.jpg 1280w, https:\/\/jundiai.sp.gov.br\/noticias\/wp-content\/uploads\/sites\/32\/2022\/04\/cia_jovem_danca-4-300x200.jpg 300w, https:\/\/jundiai.sp.gov.br\/noticias\/wp-content\/uploads\/sites\/32\/2022\/04\/cia_jovem_danca-4-768x512.jpg 768w, https:\/\/jundiai.sp.gov.br\/noticias\/wp-content\/uploads\/sites\/32\/2022\/04\/cia_jovem_danca-4-450x300.jpg 450w\" sizes=\"auto, (max-width: 1280px) 100vw, 1280px\" \/><figcaption>O diretor art\u00edstico da Cia. Jovem de Dan\u00e7a de Jundia\u00ed, Alex Soares, traz para a programa\u00e7\u00e3o um workshop de Contempor\u00e2neo<\/figcaption><\/figure>\n\n\n\n<p><strong>Assessoria de Imprensa<br>Fotos: Arquivo PMJ<\/strong><\/p>\n","protected":false},"excerpt":{"rendered":"<p>Como parte da programa\u00e7\u00e3o formativa do 24\u00ba Enredan\u00e7a, a Unidade de Gest\u00e3o de Cultura (UGC) abre, a partir das 18h desta segunda-feira (11), as inscri\u00e7\u00f5es gratuitas para workshops e masterclasses gratuitos com profissionais renomados do mundo da Dan\u00e7a. No total, ser\u00e3o disponibilizadas 280 vagas gratuitas, para realiza\u00e7\u00e3o de oito oficinas, entre os s\u00e1bados 16 e [&hellip;]<\/p>\n","protected":false},"author":14,"featured_media":289784,"comment_status":"closed","ping_status":"closed","sticky":false,"template":"","format":"standard","meta":{"footnotes":""},"categories":[2],"tags":[29,430,439,449,1006],"ods":[],"class_list":["post-289779","post","type-post","status-publish","format-standard","has-post-thumbnail","hentry","category-noticias","tag-cultura","tag-cursos-gratuitos","tag-danca","tag-espaco-expressa","tag-festival-enredanca"],"_links":{"self":[{"href":"https:\/\/jundiai.sp.gov.br\/noticias\/wp-json\/wp\/v2\/posts\/289779","targetHints":{"allow":["GET"]}}],"collection":[{"href":"https:\/\/jundiai.sp.gov.br\/noticias\/wp-json\/wp\/v2\/posts"}],"about":[{"href":"https:\/\/jundiai.sp.gov.br\/noticias\/wp-json\/wp\/v2\/types\/post"}],"author":[{"embeddable":true,"href":"https:\/\/jundiai.sp.gov.br\/noticias\/wp-json\/wp\/v2\/users\/14"}],"replies":[{"embeddable":true,"href":"https:\/\/jundiai.sp.gov.br\/noticias\/wp-json\/wp\/v2\/comments?post=289779"}],"version-history":[{"count":7,"href":"https:\/\/jundiai.sp.gov.br\/noticias\/wp-json\/wp\/v2\/posts\/289779\/revisions"}],"predecessor-version":[{"id":289790,"href":"https:\/\/jundiai.sp.gov.br\/noticias\/wp-json\/wp\/v2\/posts\/289779\/revisions\/289790"}],"wp:featuredmedia":[{"embeddable":true,"href":"https:\/\/jundiai.sp.gov.br\/noticias\/wp-json\/wp\/v2\/media\/289784"}],"wp:attachment":[{"href":"https:\/\/jundiai.sp.gov.br\/noticias\/wp-json\/wp\/v2\/media?parent=289779"}],"wp:term":[{"taxonomy":"category","embeddable":true,"href":"https:\/\/jundiai.sp.gov.br\/noticias\/wp-json\/wp\/v2\/categories?post=289779"},{"taxonomy":"post_tag","embeddable":true,"href":"https:\/\/jundiai.sp.gov.br\/noticias\/wp-json\/wp\/v2\/tags?post=289779"},{"taxonomy":"ods","embeddable":true,"href":"https:\/\/jundiai.sp.gov.br\/noticias\/wp-json\/wp\/v2\/ods?post=289779"}],"curies":[{"name":"wp","href":"https:\/\/api.w.org\/{rel}","templated":true}]}}