{"id":289901,"date":"2022-04-14T13:31:00","date_gmt":"2022-04-14T16:31:00","guid":{"rendered":"https:\/\/jundiai.sp.gov.br\/noticias\/?p=289901"},"modified":"2022-04-18T13:14:04","modified_gmt":"2022-04-18T16:14:04","slug":"alimentacao-saudavel-e-horta-organica-no-cotidiano-das-criancas-nas-escolas-municipais","status":"publish","type":"post","link":"https:\/\/jundiai.sp.gov.br\/noticias\/2022\/04\/14\/alimentacao-saudavel-e-horta-organica-no-cotidiano-das-criancas-nas-escolas-municipais\/","title":{"rendered":"Alimenta\u00e7\u00e3o saud\u00e1vel e horta org\u00e2nica no cotidiano das crian\u00e7as nas escolas municipais"},"content":{"rendered":"\n<p>Vale Verde, a horta org\u00e2nica que abastece a rede municipal e estadual do munic\u00edpio e desenvolve, al\u00e9m do planejamento e cuidado com as hortas nas escolas, a\u00e7\u00f5es que incentivam a alimenta\u00e7\u00e3o saud\u00e1vel pela popula\u00e7\u00e3o, como o programa Horta Urbana, por meio do Departamento de Urbanismo, da Unidade de Gest\u00e3o de Planejamento Urbano e Meio Ambiente. <\/p>\n\n\n\n<p>Realizado pelo Departamento de Alimenta\u00e7\u00e3o e Nutri\u00e7\u00e3o (DAN), da Unidade de Gest\u00e3o de Educa\u00e7\u00e3o, o Inova na Horta \u00e9 mais uma a\u00e7\u00e3o do programa Escola Inovadora, desenvolvido nas escolas. Al\u00e9m disso, as unidades escolares contam com hortas pr\u00f3prias, que incentivam a educa\u00e7\u00e3o sobre alimentos e consumo das PANC (Plantas Aliment\u00edcias N\u00e3o Convencionais).<\/p>\n\n\n\n<p>Os alunos tamb\u00e9m visitam o Vale Verde, conhecem o espa\u00e7o e as esp\u00e9cies diretamente na planta\u00e7\u00e3o. \u201cAo ajudar no cultivo da horta, as crian\u00e7as aprendem sobre a import\u00e2ncia de uma dieta variada e o objetivo \u00e9 que, em 2023, 100% das escolas municipais contem com as suas pr\u00f3prias. Inserimos hortali\u00e7as e alimentos de boa qualidade desde a Educa\u00e7\u00e3o Infantil I\u201d, explica a gestora de Educa\u00e7\u00e3o, Vast\u00ed Ferrari Marques.&nbsp;<\/p>\n\n\n\n<figure class=\"wp-block-image size-full\"><img loading=\"lazy\" decoding=\"async\" width=\"1280\" height=\"853\" src=\"https:\/\/jundiai.sp.gov.br\/noticias\/wp-content\/uploads\/sites\/32\/2022\/04\/drone_horta_emeb_hermenegildo_martinelli-2.jpg\" alt=\"Imagem com drone feita de cima da grande horta da EMEB Hermenegildo Martinelli Comendador, com sete crian\u00e7as em volta de uma planta\u00e7\u00e3o. S\u00e3o nove planta\u00e7\u00f5es, algumas somente com terra, pronta para plantar.\" class=\"wp-image-290017\" srcset=\"https:\/\/jundiai.sp.gov.br\/noticias\/wp-content\/uploads\/sites\/32\/2022\/04\/drone_horta_emeb_hermenegildo_martinelli-2.jpg 1280w, https:\/\/jundiai.sp.gov.br\/noticias\/wp-content\/uploads\/sites\/32\/2022\/04\/drone_horta_emeb_hermenegildo_martinelli-2-300x200.jpg 300w, https:\/\/jundiai.sp.gov.br\/noticias\/wp-content\/uploads\/sites\/32\/2022\/04\/drone_horta_emeb_hermenegildo_martinelli-2-768x512.jpg 768w, https:\/\/jundiai.sp.gov.br\/noticias\/wp-content\/uploads\/sites\/32\/2022\/04\/drone_horta_emeb_hermenegildo_martinelli-2-450x300.jpg 450w\" sizes=\"auto, (max-width: 1280px) 100vw, 1280px\" \/><figcaption>Horta da EMEB Hermenegildo Martinelli Comendador<\/figcaption><\/figure>\n\n\n\n<p>\u201cN\u00f3s temos o prazer de receb\u00ea-los aqui e \u00e9 sempre divers\u00e3o garantida. Mostramos todos os espa\u00e7os e as crian\u00e7as se encantam\u201d, comenta a coordenadora do Inova na Horta, \u00c9rica Campos.<\/p>\n\n\n\n<p>Em Jundia\u00ed, a alimenta\u00e7\u00e3o saud\u00e1vel \u00e9 tratada com seriedade e responsabilidade. \u201cA parte preferida dos pequenos \u00e9 experimentar as PANC, eles sempre ficam encantados com a azedinha. Entender o processo das plantas e proporcionar um contato direto com alimentos saud\u00e1veis \u00e9 muito importante para as crian\u00e7as\u201d, comenta o coordenador do Inova na Horta, Silvio Grillo.<\/p>\n\n\n\n<p>Com 15 mil metros quadrados de \u00e1rea cultiv\u00e1vel, o Vale Verde produz hortali\u00e7as convencionais e PANC, sem a utiliza\u00e7\u00e3o de agrot\u00f3xicos. O projeto da Unidade de Gest\u00e3o de Educa\u00e7\u00e3o \u00e9 reconhecido nacionalmente e a horta certificada pela Organiza\u00e7\u00e3o Internacional de Agropecu\u00e1ria (OIA).<\/p>\n\n\n\n<figure class=\"wp-block-image size-full\"><img loading=\"lazy\" decoding=\"async\" width=\"1240\" height=\"848\" src=\"https:\/\/jundiai.sp.gov.br\/noticias\/wp-content\/uploads\/sites\/32\/2022\/04\/prefeito-visita-vale-verde_c_11.jpg\" alt=\"Na imagem h\u00e1 uma extensa planta\u00e7\u00e3o no Vale Verde, com fundo para as \u00e1rvores.\" class=\"wp-image-290016\" srcset=\"https:\/\/jundiai.sp.gov.br\/noticias\/wp-content\/uploads\/sites\/32\/2022\/04\/prefeito-visita-vale-verde_c_11.jpg 1240w, https:\/\/jundiai.sp.gov.br\/noticias\/wp-content\/uploads\/sites\/32\/2022\/04\/prefeito-visita-vale-verde_c_11-300x205.jpg 300w, https:\/\/jundiai.sp.gov.br\/noticias\/wp-content\/uploads\/sites\/32\/2022\/04\/prefeito-visita-vale-verde_c_11-768x525.jpg 768w\" sizes=\"auto, (max-width: 1240px) 100vw, 1240px\" \/><figcaption>Planta\u00e7\u00f5es no Vale Verde<\/figcaption><\/figure>\n\n\n\n<p>A produ\u00e7\u00e3o atende todas as escolas municipais com produtos como r\u00facula, alface, cheiro verde, couve e PANC como vinagreira, ora-pro-n\u00f3bis, moringa, entre outras. As refei\u00e7\u00f5es das unidades integrais de Educa\u00e7\u00e3o Infantil I recebem quase 100% da produ\u00e7\u00e3o, e as demais escolas recebem quase 60%.<\/p>\n\n\n\n<p>As escolas s\u00e3o pontos cruciais de promo\u00e7\u00e3o da seguran\u00e7a alimentar ao garantir que as refei\u00e7\u00f5es contribuam com o desenvolvimento das crian\u00e7as, uma vez que a sa\u00fade nutricional est\u00e1 diretamente ligada ao processo de aprendizagem. \u201cEu adoro ir ao Vale Verde! Explorar tudo e experimentar tamb\u00e9m. Quero ter uma alimenta\u00e7\u00e3o mais saud\u00e1vel\u201d, comenta Laiany Vit\u00f3ria de Oliveira, da EMEB Deodato Janski.<\/p>\n\n\n\n<figure class=\"wp-block-image size-full\"><img loading=\"lazy\" decoding=\"async\" width=\"1280\" height=\"854\" src=\"https:\/\/jundiai.sp.gov.br\/noticias\/wp-content\/uploads\/sites\/32\/2022\/04\/emeb_aparecido_garcia_atividade_horta135.jpg\" alt=\"S\u00e3o 3 crian\u00e7as com o uniforme da Prefeitura de Jundia\u00ed, azul marinho e branco, agachados nas planta\u00e7\u00f5es da horta da EMEB Aparecido Garcia. Na imagem s\u00f3 aparece suas m\u00e3os e p\u00e9s, com a horta. Um dos meninos segura uma garrafa de \u00e1gua verde.\" class=\"wp-image-290020\" srcset=\"https:\/\/jundiai.sp.gov.br\/noticias\/wp-content\/uploads\/sites\/32\/2022\/04\/emeb_aparecido_garcia_atividade_horta135.jpg 1280w, https:\/\/jundiai.sp.gov.br\/noticias\/wp-content\/uploads\/sites\/32\/2022\/04\/emeb_aparecido_garcia_atividade_horta135-300x200.jpg 300w, https:\/\/jundiai.sp.gov.br\/noticias\/wp-content\/uploads\/sites\/32\/2022\/04\/emeb_aparecido_garcia_atividade_horta135-768x512.jpg 768w, https:\/\/jundiai.sp.gov.br\/noticias\/wp-content\/uploads\/sites\/32\/2022\/04\/emeb_aparecido_garcia_atividade_horta135-450x300.jpg 450w\" sizes=\"auto, (max-width: 1280px) 100vw, 1280px\" \/><figcaption>Contato direto das crian\u00e7as com a horta da EMEB Aparecido Garcia<\/figcaption><\/figure>\n\n\n\n<p><strong>Assessoria de Imprensa<\/strong><br><strong>Fotos: Fot\u00f3grafos PMJ<\/strong><\/p>\n","protected":false},"excerpt":{"rendered":"<p>Vale Verde, a horta org\u00e2nica que abastece a rede municipal e estadual do munic\u00edpio e desenvolve, al\u00e9m do planejamento e cuidado com as hortas nas escolas, a\u00e7\u00f5es que incentivam a alimenta\u00e7\u00e3o saud\u00e1vel pela popula\u00e7\u00e3o, como o programa Horta Urbana, por meio do Departamento de Urbanismo, da Unidade de Gest\u00e3o de Planejamento Urbano e Meio Ambiente. [&hellip;]<\/p>\n","protected":false},"author":82,"featured_media":290019,"comment_status":"closed","ping_status":"closed","sticky":false,"template":"","format":"standard","meta":{"footnotes":""},"categories":[2],"tags":[6,1061,2047,1258,1002],"ods":[],"class_list":["post-289901","post","type-post","status-publish","format-standard","has-post-thumbnail","hentry","category-noticias","tag-educacao","tag-escola-inovadora","tag-horta-urbana","tag-inova-na-horta","tag-vale-verde"],"_links":{"self":[{"href":"https:\/\/jundiai.sp.gov.br\/noticias\/wp-json\/wp\/v2\/posts\/289901","targetHints":{"allow":["GET"]}}],"collection":[{"href":"https:\/\/jundiai.sp.gov.br\/noticias\/wp-json\/wp\/v2\/posts"}],"about":[{"href":"https:\/\/jundiai.sp.gov.br\/noticias\/wp-json\/wp\/v2\/types\/post"}],"author":[{"embeddable":true,"href":"https:\/\/jundiai.sp.gov.br\/noticias\/wp-json\/wp\/v2\/users\/82"}],"replies":[{"embeddable":true,"href":"https:\/\/jundiai.sp.gov.br\/noticias\/wp-json\/wp\/v2\/comments?post=289901"}],"version-history":[{"count":6,"href":"https:\/\/jundiai.sp.gov.br\/noticias\/wp-json\/wp\/v2\/posts\/289901\/revisions"}],"predecessor-version":[{"id":290241,"href":"https:\/\/jundiai.sp.gov.br\/noticias\/wp-json\/wp\/v2\/posts\/289901\/revisions\/290241"}],"wp:featuredmedia":[{"embeddable":true,"href":"https:\/\/jundiai.sp.gov.br\/noticias\/wp-json\/wp\/v2\/media\/290019"}],"wp:attachment":[{"href":"https:\/\/jundiai.sp.gov.br\/noticias\/wp-json\/wp\/v2\/media?parent=289901"}],"wp:term":[{"taxonomy":"category","embeddable":true,"href":"https:\/\/jundiai.sp.gov.br\/noticias\/wp-json\/wp\/v2\/categories?post=289901"},{"taxonomy":"post_tag","embeddable":true,"href":"https:\/\/jundiai.sp.gov.br\/noticias\/wp-json\/wp\/v2\/tags?post=289901"},{"taxonomy":"ods","embeddable":true,"href":"https:\/\/jundiai.sp.gov.br\/noticias\/wp-json\/wp\/v2\/ods?post=289901"}],"curies":[{"name":"wp","href":"https:\/\/api.w.org\/{rel}","templated":true}]}}