{"id":289977,"date":"2022-04-13T12:34:00","date_gmt":"2022-04-13T15:34:00","guid":{"rendered":"https:\/\/jundiai.sp.gov.br\/noticias\/?p=289977"},"modified":"2022-04-13T18:32:17","modified_gmt":"2022-04-13T21:32:17","slug":"confira-o-abre-e-fecha-dos-equipamentos-e-servicos-da-prefeitura-para-os-feriados-da-pascoa","status":"publish","type":"post","link":"https:\/\/jundiai.sp.gov.br\/noticias\/2022\/04\/13\/confira-o-abre-e-fecha-dos-equipamentos-e-servicos-da-prefeitura-para-os-feriados-da-pascoa\/","title":{"rendered":"Confira o Abre e Fecha dos equipamentos e servi\u00e7os da Prefeitura para os feriados da P\u00e1scoa"},"content":{"rendered":"\n<p id=\"block-76b089e3-b87d-47e2-8c79-e90ea2a28a70\"><br>Por conta do ponto facultativo da v\u00e9spera do Dia da Paix\u00e3o do Senhor, nesta quinta-feira (14), e do feriado local do Dia da Paix\u00e3o do Senhor, nesta sexta-feira (15), os equipamentos e servi\u00e7os p\u00fablicos do Munic\u00edpio podem ter seus hor\u00e1rios de funcionamento alterados neste per\u00edodo, conforme estabelecido pelo <a href=\"https:\/\/jundiai.sp.gov.br\/administracao-e-gestao-de-pessoas\/wp-content\/uploads\/sites\/16\/2021\/11\/decreto-30-673-2021-feriados-e-pontos-facultativos-2022.pdf\" target=\"_blank\" rel=\"noreferrer noopener\">Decreto Municipal n\u00ba 30.673, de 22 de novembro de 2021<\/a>. Confira os detalhes do funcionamento abaixo:<\/p>\n\n\n\n<p id=\"block-56118015-753a-4589-a5ee-df3802b41390\"><strong>Pa\u00e7o Municipal<\/strong><br>O Pa\u00e7o permanece fechado entre esta quinta (14) e o domingo (17) reabrindo na segunda-feira (18), \u00e0s 8h.<\/p>\n\n\n\n<figure class=\"wp-block-image size-full is-resized\"><img loading=\"lazy\" decoding=\"async\" src=\"https:\/\/jundiai.sp.gov.br\/noticias\/wp-content\/uploads\/sites\/32\/2022\/04\/paco-2.jpg\" alt=\"\" class=\"wp-image-289980\" width=\"960\" height=\"672\" srcset=\"https:\/\/jundiai.sp.gov.br\/noticias\/wp-content\/uploads\/sites\/32\/2022\/04\/paco-2.jpg 1240w, https:\/\/jundiai.sp.gov.br\/noticias\/wp-content\/uploads\/sites\/32\/2022\/04\/paco-2-300x210.jpg 300w, https:\/\/jundiai.sp.gov.br\/noticias\/wp-content\/uploads\/sites\/32\/2022\/04\/paco-2-768x538.jpg 768w\" sizes=\"auto, (max-width: 960px) 100vw, 960px\" \/><figcaption>Pa\u00e7o reabre na segunda-feira (18), \u00e0s 8h<\/figcaption><\/figure>\n\n\n\n<p id=\"block-3a856e98-8dbb-410d-8090-bc5e6438076c\"><strong>Sa\u00fade<\/strong><br>As Unidades B\u00e1sicas de Sa\u00fade (UBSs), Cl\u00ednica da Fam\u00edlia e Novas UBSs, Ambulat\u00f3rios, CAPS 2, CAPS 3 e o CAPS Infantojuvenil permanecem fechados a partir do encerramento da atividade desta quarta-feira (13) e reabrem na segunda-feira (18). J\u00e1 o CAPS AD fica aberto 24 horas, apenas para acolhidos.<\/p>\n\n\n\n<p id=\"block-65837183-1a51-4b63-b0d4-404d9a8843eb\">A Unidade de Pronto-Atendimento (PA) da Ponte S\u00e3o Jo\u00e3o (rua Santo Ant\u00f4nio, 191) funciona das 7h \u00e0s 18h. J\u00e1 a do bairro Retiro (rua Maria L\u00facia de Almeida, 100) funciona das 7h \u00e0s 19h (fechamento do port\u00e3o \u00e0s 18h).<\/p>\n\n\n\n<p id=\"block-1a6e85d0-c1b2-465c-9883-7ddc4d0f6134\">As situa\u00e7\u00f5es de urg\u00eancia devem ser encaminhadas para o PS do Hospital S\u00e3o Vicente de Paulo (adultos), Hospital Universit\u00e1rio (gestantes, crian\u00e7as e adolescentes), UPA 24h Vetor Oeste (crian\u00e7as e adultos) e PA Central (pra\u00e7a Dom Pedro II, Centro), diariamente, 24h.<\/p>\n\n\n\n<p id=\"block-77b061a4-6fd6-4871-bd7e-abb082af7c05\">O PA Hortol\u00e2ndia \u2013 Policl\u00ednica Hortol\u00e2ndia (avenida Prefeito Jos\u00e9 Castro Marcondes, 510) realiza atendimento para s\u00edndrome gripal adulto, 24h e infantil 12h (7h \u00e0s 19h).<\/p>\n\n\n\n<p id=\"block-3159262d-4d85-47f3-8859-129ea098568a\">O cronograma de vacina\u00e7\u00e3o contra Covid-19 segue conforme divulgado previamente no <a href=\"https:\/\/vacina.jundiai.sp.gov.br\/agendamento\/\" target=\"_blank\" rel=\"noreferrer noopener\">Calend\u00e1rio de Vacina\u00e7\u00e3o<\/a>, havendo aplica\u00e7\u00e3o no s\u00e1bado (16) e retornando na segunda (18).<\/p>\n\n\n\n<p id=\"block-b2acd49c-9338-43d3-ba77-8e412c8ed29a\"><strong>Mobilidade e Transporte<\/strong><br>Nesta quinta (14), as linhas de \u00f4nibus funcionam com tabela hor\u00e1ria de dias \u00fateis, com exce\u00e7\u00e3o da linha 577 (Pa\u00e7o Municipal \u2013 Terminal Hortol\u00e2ndia), que circular\u00e1 com hor\u00e1rios especiais, j\u00e1 que n\u00e3o haver\u00e1 expediente no Pa\u00e7o.<\/p>\n\n\n\n<p id=\"block-32de0a41-ea5d-4a62-bb11-0216856d2484\">Na sexta (15), os \u00f4nibus circulam com tabelas hor\u00e1rias de domingos e feriados. J\u00e1 no s\u00e1bado (16) os \u00f4nibus circulam com tabela hor\u00e1ria de s\u00e1bados e no domingo (17) com tabela hor\u00e1ria de domingos e feriados.<\/p>\n\n\n\n<p id=\"block-458e9ed2-8030-4a09-87aa-03332c0078e1\">As tabelas hor\u00e1rias dos \u00f4nibus podem ser <a rel=\"noreferrer noopener\" href=\"https:\/\/situ.jundiai.sp.gov.br\/\" target=\"_blank\">conferidas na internet<\/a>.<\/p>\n\n\n\n<figure class=\"wp-block-image size-full\"><img loading=\"lazy\" decoding=\"async\" width=\"1280\" height=\"853\" src=\"https:\/\/jundiai.sp.gov.br\/noticias\/wp-content\/uploads\/sites\/32\/2022\/04\/vacinacao-covid-19-ubs-jardim-do-lago_c_-46.jpg\" alt=\"\" class=\"wp-image-289983\" srcset=\"https:\/\/jundiai.sp.gov.br\/noticias\/wp-content\/uploads\/sites\/32\/2022\/04\/vacinacao-covid-19-ubs-jardim-do-lago_c_-46.jpg 1280w, https:\/\/jundiai.sp.gov.br\/noticias\/wp-content\/uploads\/sites\/32\/2022\/04\/vacinacao-covid-19-ubs-jardim-do-lago_c_-46-300x200.jpg 300w, https:\/\/jundiai.sp.gov.br\/noticias\/wp-content\/uploads\/sites\/32\/2022\/04\/vacinacao-covid-19-ubs-jardim-do-lago_c_-46-768x512.jpg 768w, https:\/\/jundiai.sp.gov.br\/noticias\/wp-content\/uploads\/sites\/32\/2022\/04\/vacinacao-covid-19-ubs-jardim-do-lago_c_-46-450x300.jpg 450w\" sizes=\"auto, (max-width: 1280px) 100vw, 1280px\" \/><figcaption>Calend\u00e1rio de vacina\u00e7\u00e3o pode ser <a href=\"https:\/\/vacina.jundiai.sp.gov.br\/agendamento\/\" target=\"_blank\" rel=\"noreferrer noopener\">conferido pelo site<\/a> <\/figcaption><\/figure>\n\n\n\n<p id=\"block-0eef0462-dfd6-4627-9ae3-fa77858605ca\"><strong>Educa\u00e7\u00e3o<br><\/strong>As unidades de ensino da rede municipal interrompem as atividades na quarta-feira (13) e retomam o atendimento normal na segunda-feira (18).<\/p>\n\n\n\n<p id=\"block-91a23f45-69ae-46f7-bc2c-d25d11466786\"><strong>Parques<br><\/strong>O Mundo das Crian\u00e7as funciona todos os dias, das 7h \u00e0s 12h e das 13h \u00e0s 17h. No entanto, para o feriado, \u00e9 necess\u00e1rio realizar o <a href=\"https:\/\/mundodascriancasjundiai.com.br\/\" target=\"_blank\" rel=\"noreferrer noopener\">agendamento pr\u00e9vio pelo site<\/a>.<\/p>\n\n\n\n<p id=\"block-626647b1-2696-4c50-ab36-70208e97d309\">O <a href=\"https:\/\/parquedacidadejundiai.com.br\/\" target=\"_blank\" rel=\"noreferrer noopener\">Parque da Cidade<\/a> tamb\u00e9m abre todos os dias, das 6h30 \u00e0s 18h, com entrada livre at\u00e9 as 17h.<\/p>\n\n\n\n<p id=\"block-74925eb3-590d-4841-afc8-06869fe0d1d1\">Ambos est\u00e3o localizados na Rodovia Jo\u00e3o Cereser, Pinheirinho, respectivamente com acesso pelos quil\u00f4metros 64,4 e 66, com entrada e estacionamento gratuitos.<\/p>\n\n\n\n<p id=\"block-08f25526-e7c1-415d-8d2d-970be298a7f3\"><strong>Complexos esportivos<\/strong><br>Os complexos esportivos abrem nesta quinta (14) e s\u00e1bado (16), das 8h \u00e0s 18h. A exce\u00e7\u00e3o \u00e9 o complexo Esportivo Dr. Nicolino de Luca, que fica aberto das 6h 18h.<\/p>\n\n\n\n<p id=\"block-08f25526-e7c1-415d-8d2d-970be298a7f3\">Todos os complexos esportivos permanecem fechados na sexta-feira (15) e no domingo (17). <\/p>\n\n\n\n<p>O complexo esportivo Ant\u00f4nio Ov\u00eddio Bueno (vila Liberdade)permanece fechado todos os dias, pois encontra-se em obras. <\/p>\n\n\n\n<figure class=\"wp-block-image size-full\"><img loading=\"lazy\" decoding=\"async\" width=\"1280\" height=\"854\" src=\"https:\/\/jundiai.sp.gov.br\/noticias\/wp-content\/uploads\/sites\/32\/2022\/04\/acao-zoonozes-terminal-vila-arens-12.jpg\" alt=\"\" class=\"wp-image-289984\" srcset=\"https:\/\/jundiai.sp.gov.br\/noticias\/wp-content\/uploads\/sites\/32\/2022\/04\/acao-zoonozes-terminal-vila-arens-12.jpg 1280w, https:\/\/jundiai.sp.gov.br\/noticias\/wp-content\/uploads\/sites\/32\/2022\/04\/acao-zoonozes-terminal-vila-arens-12-300x200.jpg 300w, https:\/\/jundiai.sp.gov.br\/noticias\/wp-content\/uploads\/sites\/32\/2022\/04\/acao-zoonozes-terminal-vila-arens-12-768x512.jpg 768w, https:\/\/jundiai.sp.gov.br\/noticias\/wp-content\/uploads\/sites\/32\/2022\/04\/acao-zoonozes-terminal-vila-arens-12-450x300.jpg 450w\" sizes=\"auto, (max-width: 1280px) 100vw, 1280px\" \/><figcaption>Nesta quinta (14), as linhas de \u00f4nibus funcionam com tabela hor\u00e1ria de dias \u00fateis, com exce\u00e7\u00e3o da linha 577, que atende o Pa\u00e7o Municipal<\/figcaption><\/figure>\n\n\n\n<p id=\"block-51f8520e-3994-4711-943c-51e85b0a45cf\"><strong>Cultura<\/strong><br>Os equipamentos culturais seguem seu funcionamento normal, estando abertos \u00e0 visita\u00e7\u00e3o gratuita ao longo do feriado prolongado.<\/p>\n\n\n\n<p>O Complexo Fepasa (avenida Uni\u00e3o dos Ferrovi\u00e1rios, 1.760) recebe ao longo dos pr\u00f3ximos dias as apresenta\u00e7\u00f5es do <a href=\"https:\/\/cultura.jundiai.sp.gov.br\/enredanca\/\" target=\"_blank\" rel=\"noreferrer noopener\">24\u00ba Festival Enredan\u00e7a<\/a>. Neste per\u00edodo, o setor administrativo da Unidade de Gest\u00e3o de Cultura n\u00e3o ter\u00e1 expediente.<\/p>\n\n\n\n<p>A Biblioteca Municipal (avenida Dr. Cavalcanti, 396 \u2013 Complexo Argos) abre ao p\u00fablico nesta quinta (14), sexta (15) e s\u00e1bado (16), das 9h \u00e0s 13h. Al\u00e9m do acervo, os visitantes podem conferir a exposi\u00e7\u00e3o \u201cPorque Ele muito amou\u201d, da artista jundiaiense Isabel Lopes. Mais informa\u00e7\u00f5es pelo telefone (11) 4527-2110.<\/p>\n\n\n\n<p>A F\u00e1brica das Inf\u00e2ncias Japy (rua Lacerda Franco, 175, Vila Arens) abre todos os dias, das 9h \u00e0s 13h, com programa\u00e7\u00e3o para crian\u00e7as de quatro a dez anos: na quinta (14) e sexta (15) apenas para visita\u00e7\u00e3o. No s\u00e1bado (16), \u00e0s 10h30, tem conta\u00e7\u00e3o de hist\u00f3rias \u201cO menino que voou\u201d, com Grifo Teatro. E no domingo (17), tamb\u00e9m \u00e0s 10h30, tem a apresenta\u00e7\u00e3o do projeto \u201cT\u00e1 Na Hora da Hist\u00f3ria\u201d. Na segunda (18) o espa\u00e7o fecha para manuten\u00e7\u00e3o e reabre na ter\u00e7a-feira (19).<\/p>\n\n\n\n<p>O Museu Hist\u00f3rico e Cultural de Jundia\u00ed \u2013 Solar do Bar\u00e3o (rua Bar\u00e3o de Jundia\u00ed, 762, Centro) e seus jardins ficam abertos de quinta (14) a domingo (17), das 10h \u00e0s 17h. No s\u00e1bado (16), \u00e0s 10h, tem a abertura da exposi\u00e7\u00e3o \u201cLegado de Gl\u00f3ria \u2013 Mem\u00f3rias da Dan\u00e7a em Jundia\u00ed\u201d, em homenagem \u00e0 artista Gl\u00f3ria da Silva Rocha Genovese, a\u00e7\u00e3o que integra a programa\u00e7\u00e3o do 24\u00ba Enredan\u00e7a. Mais informa\u00e7\u00f5es (11) 4521-6259. Na segunda (18) o museu fica fechado e reabre na ter\u00e7a-feira (19).<\/p>\n\n\n\n<p>A Pinacoteca Municipal Di\u00f3genes Duarte Paes (rua Bar\u00e3o de Jundia\u00ed, 109, Centro) tamb\u00e9m fica aberta de quinta (14) a domingo (17), das 10h \u00e0s 17h, com a exposi\u00e7\u00e3o gratuita \u201cBiodiversidade e Cultura Ind\u00edgena\u201d, do artista pl\u00e1stico Elvis da Silva. Mais informa\u00e7\u00f5es (11) 4586-2326.<\/p>\n\n\n\n<p>O Teatro Polytheama (rua Bar\u00e3o de Jundia\u00ed, 176, Centro) fica fechado nesta quinta (14) e sexta (15) para ensaios de grupos inscritos no <a rel=\"noreferrer noopener\" href=\"https:\/\/cultura.jundiai.sp.gov.br\/enredanca\/\" target=\"_blank\">24\u00ba Enredan\u00e7a<\/a>. No s\u00e1bado (16) e no domingo (17), \u00e0s 19h, ser\u00e3o apresentadas as coreografias de diversos estilos pela Mostra Competitiva. Os ingressos gratuitos \u2013 dois por pessoa \u2013 ser\u00e3o distribu\u00eddos na bilheteria do teatro e pela <a rel=\"noreferrer noopener\" href=\"https:\/\/www.sympla.com.br\/\" target=\"_blank\">plataforma Sympla<\/a>, sempre a partir das 10h30 do dia anterior \u00e0 apresenta\u00e7\u00e3o. Mais informa\u00e7\u00f5es (11) 4586-2472.<\/p>\n\n\n\n<p>Na Pracinha da Cultura do Vista Alegra \u2013 antigo CEU das Artes (rua Cabo Edvaldo Quirino Santana, 46-110) ficam suspensas ao longo do feriado prolongado as atividades das oficinas culturais gratuitas, retomando na segunda-feira (18). Mais informa\u00e7\u00f5es (11) 4521-6193.<\/p>\n\n\n\n<p id=\"block-812aebc8-23e2-4f44-904b-127080b51ec0\"><strong>DAE<\/strong><br>A sede administrativa e os Postos de Atendimento nos bairros Eloy Chaves, Centro, Ponte S\u00e3o Jo\u00e3o e Vila Hortol\u00e2ndia n\u00e3o ter\u00e3o expediente nesta quinta (14) e sexta (15). J\u00e1 o Poupatempo estar\u00e1 aberto nesta quinta-feira (14), das 9h \u00e0s 17h, e no s\u00e1bado (16), das 9h \u00e0s 13h.<\/p>\n\n\n\n<p id=\"block-812aebc8-23e2-4f44-904b-127080b51ec0\">Em caso de emerg\u00eancia, os mun\u00edcipes podem entrar em contato com a DAE pela Central de Relacionamento, no telefone 0800 0133 155, com atendimento 24 horas. Mais informa\u00e7\u00f5es tamb\u00e9m podem ser obtidas pelo <a rel=\"noreferrer noopener\" href=\"https:\/\/daejundiai.com.br\/\" target=\"_blank\">site da empresa<\/a>.<\/p>\n\n\n\n<figure class=\"wp-block-image size-full\"><img loading=\"lazy\" decoding=\"async\" width=\"1280\" height=\"853\" src=\"https:\/\/jundiai.sp.gov.br\/noticias\/wp-content\/uploads\/sites\/32\/2022\/04\/complexo-fepasa-9.jpg\" alt=\"\" class=\"wp-image-289986\" srcset=\"https:\/\/jundiai.sp.gov.br\/noticias\/wp-content\/uploads\/sites\/32\/2022\/04\/complexo-fepasa-9.jpg 1280w, https:\/\/jundiai.sp.gov.br\/noticias\/wp-content\/uploads\/sites\/32\/2022\/04\/complexo-fepasa-9-300x200.jpg 300w, https:\/\/jundiai.sp.gov.br\/noticias\/wp-content\/uploads\/sites\/32\/2022\/04\/complexo-fepasa-9-768x512.jpg 768w, https:\/\/jundiai.sp.gov.br\/noticias\/wp-content\/uploads\/sites\/32\/2022\/04\/complexo-fepasa-9-450x300.jpg 450w\" sizes=\"auto, (max-width: 1280px) 100vw, 1280px\" \/><figcaption>O Complexo Fepasa recebe ao longo dos pr\u00f3ximos dias as apresenta\u00e7\u00f5es do 24\u00ba Festival Enredan\u00e7a<\/figcaption><\/figure>\n\n\n\n<p id=\"block-5d581dfe-4d55-4f20-a52f-3db96b90a000\"><strong>Coleta de lixo<\/strong><br>Os cronogramas de coletas org\u00e2nica, seletiva cata-treco e seletiva recicl\u00e1vel seguem com normalidade e podem ser <a href=\"https:\/\/jundiai.sp.gov.br\/infraestrutura-e-servicos-publicos\/limpeza-publica\/coleta-organica-seletiva-e-cata-treco\/\">consultados no site da Prefeitura<\/a>.<\/p>\n\n\n\n<p id=\"block-cef98c3b-9379-497f-bd82-b36bb312cef5\"><strong>Feiras e varej\u00f5es<\/strong><br>As feiras e varej\u00f5es seguem a programa\u00e7\u00e3o normal durante o per\u00edodo. A exce\u00e7\u00e3o \u00e9 a feira livre do Tamoio, que funciona na rua Tenente Jos\u00e9 Palermo, e que n\u00e3o ser\u00e1 realizada nesta sexta-feira (15).<\/p>\n\n\n\n<p id=\"block-cef98c3b-9379-497f-bd82-b36bb312cef5\">Toda a programa\u00e7\u00e3o, locais e hor\u00e1rios podem ser consultados no <a rel=\"noreferrer noopener\" href=\"https:\/\/abastecimento.jundiai.sp.gov.br\/\" target=\"_blank\">site do Agroneg\u00f3cio e Abastecimento<\/a>.<\/p>\n\n\n\n<p id=\"block-b37fc2aa-97dc-4962-8be2-930eb1a2030c\"><strong>Espa\u00e7o Jundia\u00ed Empreendedora<\/strong><br>O <a href=\"https:\/\/negocios.jundiai.sp.gov.br\/\" target=\"_blank\" rel=\"noreferrer noopener\">Espa\u00e7o Jundia\u00ed Empreendedora<\/a>, onde tamb\u00e9m funcionam o Posto de Atendimento ao Trabalhador (PAT) e o Banco do Povo, permanece fechado na quinta (14) e sexta (15) e reabre na segunda-feira (18), \u00e0s 8h.<\/p>\n\n\n\n<p id=\"block-721cc7b2-b4b9-4bd2-9c1e-89a9125093da\">O Espa\u00e7o fica no Maxi Shopping, na avenida Ant\u00f4nio Frederico Ozanan, 6000 \u2013 Piso G3, ala Norte. Mais informa\u00e7\u00f5es pelo telefone (11) 4582-8585.<\/p>\n\n\n\n<p id=\"block-aca12100-13e4-4be6-816f-3a2230bbca2e\"><strong>Procon<\/strong><br>O Procon Jundia\u00ed tamb\u00e9m permanece fechado nesta quinta (14) e sexta (15) e reabre para atendimento nesta segunda-feira (18).<\/p>\n\n\n\n<p id=\"block-82227fa5-526e-4d8f-99f5-a543b73b46fa\"><strong>Fundo Social<\/strong><br>O Fundo Social de Solidariedade Jundia\u00ed (avenida Manoela Lacerda de Vergueiro, s\/n\u00ba, Anhangaba\u00fa) n\u00e3o ter\u00e1 expediente nesta quinta (14) e sexta (15). As atividades ser\u00e3o retomadas na segunda-feira (18), \u00e0s 8h. Informa\u00e7\u00f5es pelo telefone (11) 4589-6322.<\/p>\n\n\n\n<figure class=\"wp-block-image size-full\"><img loading=\"lazy\" decoding=\"async\" width=\"1280\" height=\"853\" src=\"https:\/\/jundiai.sp.gov.br\/noticias\/wp-content\/uploads\/sites\/32\/2022\/04\/feira-livre-vila-jundiainopolis_c_-61.jpg\" alt=\"\" class=\"wp-image-289988\" srcset=\"https:\/\/jundiai.sp.gov.br\/noticias\/wp-content\/uploads\/sites\/32\/2022\/04\/feira-livre-vila-jundiainopolis_c_-61.jpg 1280w, https:\/\/jundiai.sp.gov.br\/noticias\/wp-content\/uploads\/sites\/32\/2022\/04\/feira-livre-vila-jundiainopolis_c_-61-300x200.jpg 300w, https:\/\/jundiai.sp.gov.br\/noticias\/wp-content\/uploads\/sites\/32\/2022\/04\/feira-livre-vila-jundiainopolis_c_-61-768x512.jpg 768w, https:\/\/jundiai.sp.gov.br\/noticias\/wp-content\/uploads\/sites\/32\/2022\/04\/feira-livre-vila-jundiainopolis_c_-61-450x300.jpg 450w\" sizes=\"auto, (max-width: 1280px) 100vw, 1280px\" \/><figcaption>Com exce\u00e7\u00e3o da feira do Tamoio, que n\u00e3o ser\u00e1 realizada nesta sexta (15), todas as demais feiras e varej\u00f5es seguem cronograma normal<\/figcaption><\/figure>\n\n\n\n<p id=\"block-a0a9f061-c101-4504-9610-aa59a14a2889\"><strong>Assist\u00eancia e Desenvolvimento Social<\/strong><br>O Centro Pop, que fica na rua Marechal Deodoro da Fonseca, 504, Centro, para o atendimento \u00e0 popula\u00e7\u00e3o em situa\u00e7\u00e3o de rua, n\u00e3o funciona aos finais de semana e permanecer\u00e1 fechado tamb\u00e9m nesta quinta (14) e sexta (15), reabrindo na segunda-feira (18), \u00e0s 8h.<\/p>\n\n\n\n<p id=\"block-24ef1ec9-65b3-46ac-a895-45650bfbdc45\">Durante o per\u00edodo, o Servi\u00e7o Especial de Abordagem Social (SEAS) poder\u00e1 ser acionado 24 horas por dia pelo telefone (11) 98531-0146.<\/p>\n\n\n\n<p id=\"block-03d494a2-02be-4dc5-8c04-837e054b2f0e\"><strong>Fumas<br><\/strong>A <a href=\"https:\/\/fumas.jundiai.sp.gov.br\/\" target=\"_blank\" rel=\"noreferrer noopener\">Funda\u00e7\u00e3o Municipal de A\u00e7\u00e3o Social (Fumas)<\/a> tamb\u00e9m permanece fechada nesta quinta (14) e sexta (15) e retoma o atendimento presencial na segunda-feira (18), \u00e0s 8h.<\/p>\n\n\n\n<p id=\"block-14271e2c-d77a-432d-a4d7-4eaec5e4d968\">Os cemit\u00e9rios municipais Nossa Senhora do Montenegro e Nossa Senhora do Desterro permanecem abertos todos os dias, das 7h \u00e0s 17h, para sepultamentos, visitas e reformas de t\u00famulos. J\u00e1 o atendimento do vel\u00f3rio Adamastor Fernandes segue o funcionamento 24 horas por dia, todos os dias da semana.<\/p>\n\n\n\n<p id=\"block-3b624382-db8f-4e63-9c2a-af445c36919c\"><strong>Iprejun<br><\/strong>O <a rel=\"noreferrer noopener\" href=\"http:\/\/iprejun.sp.gov.br\/\" target=\"_blank\">Instituto de Previd\u00eancia do Munic\u00edpio de Jundia\u00ed (Iprejun)<\/a>, que fica na avenida Doroty Nano Martinasso, 100, Vila Bandeirantes, n\u00e3o ter\u00e1 expediente nesta quinta (14) e sexta (15). As atividades ser\u00e3o retomadas na segunda-feira (18), \u00e0s 8h.<\/p>\n\n\n\n<figure class=\"wp-block-image size-full is-resized\"><img loading=\"lazy\" decoding=\"async\" src=\"https:\/\/jundiai.sp.gov.br\/noticias\/wp-content\/uploads\/sites\/32\/2022\/04\/mundo_das_criancas_visita_emeb_aparecido_garcia-139.jpg\" alt=\"\" class=\"wp-image-289992\" width=\"948\" height=\"632\" srcset=\"https:\/\/jundiai.sp.gov.br\/noticias\/wp-content\/uploads\/sites\/32\/2022\/04\/mundo_das_criancas_visita_emeb_aparecido_garcia-139.jpg 1280w, https:\/\/jundiai.sp.gov.br\/noticias\/wp-content\/uploads\/sites\/32\/2022\/04\/mundo_das_criancas_visita_emeb_aparecido_garcia-139-300x200.jpg 300w, https:\/\/jundiai.sp.gov.br\/noticias\/wp-content\/uploads\/sites\/32\/2022\/04\/mundo_das_criancas_visita_emeb_aparecido_garcia-139-768x512.jpg 768w, https:\/\/jundiai.sp.gov.br\/noticias\/wp-content\/uploads\/sites\/32\/2022\/04\/mundo_das_criancas_visita_emeb_aparecido_garcia-139-450x300.jpg 450w\" sizes=\"auto, (max-width: 948px) 100vw, 948px\" \/><figcaption>Para visitar o Mundo das Crian\u00e7as neste per\u00edodo \u00e9 necess\u00e1ria a realiza\u00e7\u00e3o de <a href=\"https:\/\/mundodascriancasjundiai.com.br\/agendamento\/\" target=\"_blank\" rel=\"noreferrer noopener\">agendamento pr\u00e9vio pelo site<\/a><\/figcaption><\/figure>\n\n\n\n<p id=\"block-4527259d-7bd0-4a1a-b981-b235db7dc10f\"><strong>Assessoria de Imprensa<br>Fotos: Arquivo PMJ<\/strong><\/p>\n","protected":false},"excerpt":{"rendered":"<p>Por conta do ponto facultativo da v\u00e9spera do Dia da Paix\u00e3o do Senhor, nesta quinta-feira (14), e do feriado local do Dia da Paix\u00e3o do Senhor, nesta sexta-feira (15), os equipamentos e servi\u00e7os p\u00fablicos do Munic\u00edpio podem ter seus hor\u00e1rios de funcionamento alterados neste per\u00edodo, conforme estabelecido pelo Decreto Municipal n\u00ba 30.673, de 22 de [&hellip;]<\/p>\n","protected":false},"author":14,"featured_media":289990,"comment_status":"closed","ping_status":"closed","sticky":false,"template":"","format":"standard","meta":{"footnotes":""},"categories":[2],"tags":[46,29,1006,138],"ods":[],"class_list":["post-289977","post","type-post","status-publish","format-standard","has-post-thumbnail","hentry","category-noticias","tag-abre-e-fecha","tag-cultura","tag-festival-enredanca","tag-paco-municipal"],"_links":{"self":[{"href":"https:\/\/jundiai.sp.gov.br\/noticias\/wp-json\/wp\/v2\/posts\/289977","targetHints":{"allow":["GET"]}}],"collection":[{"href":"https:\/\/jundiai.sp.gov.br\/noticias\/wp-json\/wp\/v2\/posts"}],"about":[{"href":"https:\/\/jundiai.sp.gov.br\/noticias\/wp-json\/wp\/v2\/types\/post"}],"author":[{"embeddable":true,"href":"https:\/\/jundiai.sp.gov.br\/noticias\/wp-json\/wp\/v2\/users\/14"}],"replies":[{"embeddable":true,"href":"https:\/\/jundiai.sp.gov.br\/noticias\/wp-json\/wp\/v2\/comments?post=289977"}],"version-history":[{"count":14,"href":"https:\/\/jundiai.sp.gov.br\/noticias\/wp-json\/wp\/v2\/posts\/289977\/revisions"}],"predecessor-version":[{"id":345787,"href":"https:\/\/jundiai.sp.gov.br\/noticias\/wp-json\/wp\/v2\/posts\/289977\/revisions\/345787"}],"wp:featuredmedia":[{"embeddable":true,"href":"https:\/\/jundiai.sp.gov.br\/noticias\/wp-json\/wp\/v2\/media\/289990"}],"wp:attachment":[{"href":"https:\/\/jundiai.sp.gov.br\/noticias\/wp-json\/wp\/v2\/media?parent=289977"}],"wp:term":[{"taxonomy":"category","embeddable":true,"href":"https:\/\/jundiai.sp.gov.br\/noticias\/wp-json\/wp\/v2\/categories?post=289977"},{"taxonomy":"post_tag","embeddable":true,"href":"https:\/\/jundiai.sp.gov.br\/noticias\/wp-json\/wp\/v2\/tags?post=289977"},{"taxonomy":"ods","embeddable":true,"href":"https:\/\/jundiai.sp.gov.br\/noticias\/wp-json\/wp\/v2\/ods?post=289977"}],"curies":[{"name":"wp","href":"https:\/\/api.w.org\/{rel}","templated":true}]}}