{"id":289998,"date":"2022-04-13T12:33:36","date_gmt":"2022-04-13T15:33:36","guid":{"rendered":"https:\/\/jundiai.sp.gov.br\/noticias\/?p=289998"},"modified":"2022-04-13T17:12:50","modified_gmt":"2022-04-13T20:12:50","slug":"enredanca-cultura-abre-lista-de-espera-para-baliarinos-interessados-nos-workshops-e-masterclasses-gratuitos-da-programacao","status":"publish","type":"post","link":"https:\/\/jundiai.sp.gov.br\/noticias\/2022\/04\/13\/enredanca-cultura-abre-lista-de-espera-para-baliarinos-interessados-nos-workshops-e-masterclasses-gratuitos-da-programacao\/","title":{"rendered":"Enredan\u00e7a: Cultura abre lista de espera para bailarinos interessados nos workshops e masterclasses gratuitos da programa\u00e7\u00e3o"},"content":{"rendered":"\n<p>Devido \u00e0 procura dos interessados pelos workshops e masterclasses gratuitos com profissionais renomados da <a href=\"https:\/\/cultura.jundiai.sp.gov.br\/enredanca\/\" target=\"_blank\" rel=\"noreferrer noopener\">programa\u00e7\u00e3o do 24\u00ba Enredan\u00e7a<\/a>, a Unidade de Gest\u00e3o de Cultura (UGC) abre nesta <a href=\"https:\/\/docs.google.com\/forms\/d\/e\/1FAIpQLSejhQarJzTMBAf2q9nXF8FPe9VGDsEAv9h4fEcA6NFtUkt8ag\/closedform\" target=\"_blank\" rel=\"noreferrer noopener\">quarta-feira (13), \u00e0s 18h, um formul\u00e1rio de inscri\u00e7\u00f5es on-line para os interessados em compor a lista de espera para as atividades<\/a>. \u201cAs inscri\u00e7\u00f5es foram um sucesso. Foram disponibilizadas 280 vagas gratuitas e a maioria das atividades teve seu n\u00famero de inscritos preenchido em menos de quatro minutos\u201d, comentou o diretor do Departamento de Cultura da UGC, Jo\u00e3o Carlos De Luca.<\/p>\n\n\n\n<p>Sem que haja garantia de vaga, quem se inscrever ser\u00e1 contatado pela UGC conforme as desist\u00eancias dos j\u00e1 inscritos nos workshops e masterclasses, e por ordem de inscri\u00e7\u00e3o no formul\u00e1rio.<\/p>\n\n\n\n<p>Quem quiser, tendo previamente feito a inscri\u00e7\u00e3o na lista de espera, tamb\u00e9m poder\u00e1 comparecer ao local da realiza\u00e7\u00e3o da atividade e, havendo desist\u00eancia, poder\u00e1 ser chamada para participar da atividade, tamb\u00e9m por ordem de inscri\u00e7\u00e3o, conforme avalia\u00e7\u00e3o da equipe da UGC no local.<\/p>\n\n\n\n<figure class=\"wp-block-image size-full\"><img loading=\"lazy\" decoding=\"async\" width=\"1280\" height=\"821\" src=\"https:\/\/jundiai.sp.gov.br\/noticias\/wp-content\/uploads\/sites\/32\/2022\/04\/enredanca_ana_botafogo-584.jpg\" alt=\"\" class=\"wp-image-290002\" srcset=\"https:\/\/jundiai.sp.gov.br\/noticias\/wp-content\/uploads\/sites\/32\/2022\/04\/enredanca_ana_botafogo-584.jpg 1280w, https:\/\/jundiai.sp.gov.br\/noticias\/wp-content\/uploads\/sites\/32\/2022\/04\/enredanca_ana_botafogo-584-300x192.jpg 300w, https:\/\/jundiai.sp.gov.br\/noticias\/wp-content\/uploads\/sites\/32\/2022\/04\/enredanca_ana_botafogo-584-768x493.jpg 768w\" sizes=\"auto, (max-width: 1280px) 100vw, 1280px\" \/><figcaption>Programa\u00e7\u00e3o traz masterclasses com a bailarina e core\u00f3grafa Ana Botafogo na sexta (22) e s\u00e1bado (23)<\/figcaption><\/figure>\n\n\n\n<p>A programa\u00e7\u00e3o de workshops e masterclasses gratuito do 24\u00ba Enredan\u00e7a ser\u00e1 realizada entre os dias 16 e 23 de abril, na Sala Hermeto Pascoal do Complexo Fepasa, que fica na avenida Uni\u00e3o dos Ferrovi\u00e1rios, 1760.<\/p>\n\n\n\n<p>As atividades propostas trazem profissionais renomados, como Ana Botafogo, Alex Soares (diretor art\u00edstico da Cia. Jovem de Dan\u00e7a de Jundia\u00ed), Andrea Pivato, Caio Nunes, Edson Guiu, Esmeralda Gazal e Vivien Fortes, nas seguintes modalidades: Ballet Cl\u00e1ssico, Contempor\u00e2neo, Jazz e Dan\u00e7a Urbana.<\/p>\n\n\n\n<p>A <a href=\"https:\/\/cultura.jundiai.sp.gov.br\/enredanca\/\" target=\"_blank\" rel=\"noreferrer noopener\">programa\u00e7\u00e3o completa do 24\u00ba Enredan\u00e7a<\/a>, com as apresenta\u00e7\u00f5es das mostras Paralela e Competitiva, pode ser conferida na internet. Mais informa\u00e7\u00f5es pelo telefone 4589-6800.<\/p>\n\n\n\n<p><strong>Assessoria de Imprensa<br>Foto: Arquivo PMJ<\/strong><\/p>\n\n\n\n<p><\/p>\n","protected":false},"excerpt":{"rendered":"<p>Devido \u00e0 procura dos interessados pelos workshops e masterclasses gratuitos com profissionais renomados da programa\u00e7\u00e3o do 24\u00ba Enredan\u00e7a, a Unidade de Gest\u00e3o de Cultura (UGC) abre nesta quarta-feira (13), \u00e0s 18h, um formul\u00e1rio de inscri\u00e7\u00f5es on-line para os interessados em compor a lista de espera para as atividades. \u201cAs inscri\u00e7\u00f5es foram um sucesso. Foram disponibilizadas [&hellip;]<\/p>\n","protected":false},"author":14,"featured_media":290002,"comment_status":"closed","ping_status":"closed","sticky":false,"template":"","format":"standard","meta":{"footnotes":""},"categories":[2],"tags":[29,439,449,1006],"ods":[],"class_list":["post-289998","post","type-post","status-publish","format-standard","has-post-thumbnail","hentry","category-noticias","tag-cultura","tag-danca","tag-espaco-expressa","tag-festival-enredanca"],"_links":{"self":[{"href":"https:\/\/jundiai.sp.gov.br\/noticias\/wp-json\/wp\/v2\/posts\/289998","targetHints":{"allow":["GET"]}}],"collection":[{"href":"https:\/\/jundiai.sp.gov.br\/noticias\/wp-json\/wp\/v2\/posts"}],"about":[{"href":"https:\/\/jundiai.sp.gov.br\/noticias\/wp-json\/wp\/v2\/types\/post"}],"author":[{"embeddable":true,"href":"https:\/\/jundiai.sp.gov.br\/noticias\/wp-json\/wp\/v2\/users\/14"}],"replies":[{"embeddable":true,"href":"https:\/\/jundiai.sp.gov.br\/noticias\/wp-json\/wp\/v2\/comments?post=289998"}],"version-history":[{"count":7,"href":"https:\/\/jundiai.sp.gov.br\/noticias\/wp-json\/wp\/v2\/posts\/289998\/revisions"}],"predecessor-version":[{"id":290079,"href":"https:\/\/jundiai.sp.gov.br\/noticias\/wp-json\/wp\/v2\/posts\/289998\/revisions\/290079"}],"wp:featuredmedia":[{"embeddable":true,"href":"https:\/\/jundiai.sp.gov.br\/noticias\/wp-json\/wp\/v2\/media\/290002"}],"wp:attachment":[{"href":"https:\/\/jundiai.sp.gov.br\/noticias\/wp-json\/wp\/v2\/media?parent=289998"}],"wp:term":[{"taxonomy":"category","embeddable":true,"href":"https:\/\/jundiai.sp.gov.br\/noticias\/wp-json\/wp\/v2\/categories?post=289998"},{"taxonomy":"post_tag","embeddable":true,"href":"https:\/\/jundiai.sp.gov.br\/noticias\/wp-json\/wp\/v2\/tags?post=289998"},{"taxonomy":"ods","embeddable":true,"href":"https:\/\/jundiai.sp.gov.br\/noticias\/wp-json\/wp\/v2\/ods?post=289998"}],"curies":[{"name":"wp","href":"https:\/\/api.w.org\/{rel}","templated":true}]}}