{"id":290031,"date":"2022-04-13T16:25:15","date_gmt":"2022-04-13T19:25:15","guid":{"rendered":"https:\/\/jundiai.sp.gov.br\/noticias\/?p=290031"},"modified":"2022-04-13T16:25:15","modified_gmt":"2022-04-13T19:25:15","slug":"programa-jundiai-empreendedora-e-apresentado-na-diocese-de-jundiai","status":"publish","type":"post","link":"https:\/\/jundiai.sp.gov.br\/noticias\/2022\/04\/13\/programa-jundiai-empreendedora-e-apresentado-na-diocese-de-jundiai\/","title":{"rendered":"Programa Jundia\u00ed Empreendedora \u00e9 apresentado na Diocese de Jundia\u00ed"},"content":{"rendered":"\n<p>O gestor de Desenvolvimento Econ\u00f4mico, Ci\u00eancia e Tecnologia, Cristiano Lopes esteve nesta quarta-feira na Diocese de Jundia\u00ed em reuni\u00e3o com o padre Leandro Megeto, coordenador Diocesano da A\u00e7\u00e3o Evangelizadora.<\/p>\n\n\n\n<p>Na ocasi\u00e3o o programa <strong><a href=\"https:\/\/negocios.jundiai.sp.gov.br\/\">Jundia\u00ed Empreendedora<\/a><\/strong> foi apresentado e ficou acertado uma iniciativa conjunta para fomentar emprego e o empreendedorismo nas comunidades, alinhado com o Programa de Desenvolvimento Local (PDL).<\/p>\n\n\n\n<p>\u201cFoi um encontro importante para atuarmos com foco no emprego, inova\u00e7\u00e3o e empreendedorismo nas comunidades com aux\u00edlio das igrejas. Vamos trabalhar junto com a Pastoral do Empreendedor Crist\u00e3o para auxiliarmos quem est\u00e1 precisando de emprego a se recolocar no mercado de trabalho e tamb\u00e9m ajudar o empreendedor a caminhar com seu neg\u00f3cio\u201d, explica Cristiano Lopes.<\/p>\n\n\n\n<figure class=\"wp-block-image size-full\"><img loading=\"lazy\" decoding=\"async\" width=\"1280\" height=\"854\" src=\"https:\/\/jundiai.sp.gov.br\/noticias\/wp-content\/uploads\/sites\/32\/2022\/04\/visita.jpg\" alt=\"Cristiano Lopes, padre Leandro e Enrico Milamonti se re\u00fanem em uma mesa cor clara. \" class=\"wp-image-290061\" srcset=\"https:\/\/jundiai.sp.gov.br\/noticias\/wp-content\/uploads\/sites\/32\/2022\/04\/visita.jpg 1280w, https:\/\/jundiai.sp.gov.br\/noticias\/wp-content\/uploads\/sites\/32\/2022\/04\/visita-300x200.jpg 300w, https:\/\/jundiai.sp.gov.br\/noticias\/wp-content\/uploads\/sites\/32\/2022\/04\/visita-768x512.jpg 768w, https:\/\/jundiai.sp.gov.br\/noticias\/wp-content\/uploads\/sites\/32\/2022\/04\/visita-450x300.jpg 450w\" sizes=\"auto, (max-width: 1280px) 100vw, 1280px\" \/><figcaption>Reuni\u00e3o na Diocese levar\u00e1 Jundia\u00ed Empreendedora nas comunidades<\/figcaption><\/figure>\n\n\n\n<p>O coordenador Diocesano da A\u00e7\u00e3o Evangelizadora falou sobre um trabalho com empreendedores desenvolvido na Par\u00f3quia Nova Jerusal\u00e9m em Jundia\u00ed e elogiou o Jundia\u00ed Empreendedora.<\/p>\n\n\n\n<p>\u201cVamos utilizar as par\u00f3quias para conectarmos as pessoas que procuram emprego e os empreendedores da comunidade com o Jundia\u00ed Empreendedora. Temos uma janela enorme aberta para trabalharmos juntos nas comunidades pela empregabilidade e empreendedorismo\u201d, afirma o padre Leandro.<\/p>\n\n\n\n<p>J\u00e1 ficou combinado uma visita do Bispo Dom Vicente ao Espa\u00e7o Jundia\u00ed Empreendedora para maio. O diretor da UGDECT de Fomento ao Com\u00e9rcio e \u00e0 Ind\u00fastria, Enrico Arkchimor Milamonti, acompanhou a visita.<\/p>\n\n\n\n<p><strong>Assessoria de Imprensa<br>Fotos: Fot\u00f3grafos PMJ<\/strong><\/p>\n","protected":false},"excerpt":{"rendered":"<p>O gestor de Desenvolvimento Econ\u00f4mico, Ci\u00eancia e Tecnologia, Cristiano Lopes esteve nesta quarta-feira na Diocese de Jundia\u00ed em reuni\u00e3o com o padre Leandro Megeto, coordenador Diocesano da A\u00e7\u00e3o Evangelizadora. Na ocasi\u00e3o o programa Jundia\u00ed Empreendedora foi apresentado e ficou acertado uma iniciativa conjunta para fomentar emprego e o empreendedorismo nas comunidades, alinhado com o Programa [&hellip;]<\/p>\n","protected":false},"author":81,"featured_media":290061,"comment_status":"closed","ping_status":"closed","sticky":false,"template":"","format":"standard","meta":{"footnotes":""},"categories":[2],"tags":[365,1527,1192],"ods":[],"class_list":["post-290031","post","type-post","status-publish","format-standard","has-post-thumbnail","hentry","category-noticias","tag-desenvolvimento-economico-ciencia-e-tecnologia","tag-jundiai-empreendedora","tag-ugdect"],"_links":{"self":[{"href":"https:\/\/jundiai.sp.gov.br\/noticias\/wp-json\/wp\/v2\/posts\/290031","targetHints":{"allow":["GET"]}}],"collection":[{"href":"https:\/\/jundiai.sp.gov.br\/noticias\/wp-json\/wp\/v2\/posts"}],"about":[{"href":"https:\/\/jundiai.sp.gov.br\/noticias\/wp-json\/wp\/v2\/types\/post"}],"author":[{"embeddable":true,"href":"https:\/\/jundiai.sp.gov.br\/noticias\/wp-json\/wp\/v2\/users\/81"}],"replies":[{"embeddable":true,"href":"https:\/\/jundiai.sp.gov.br\/noticias\/wp-json\/wp\/v2\/comments?post=290031"}],"version-history":[{"count":1,"href":"https:\/\/jundiai.sp.gov.br\/noticias\/wp-json\/wp\/v2\/posts\/290031\/revisions"}],"predecessor-version":[{"id":290062,"href":"https:\/\/jundiai.sp.gov.br\/noticias\/wp-json\/wp\/v2\/posts\/290031\/revisions\/290062"}],"wp:featuredmedia":[{"embeddable":true,"href":"https:\/\/jundiai.sp.gov.br\/noticias\/wp-json\/wp\/v2\/media\/290061"}],"wp:attachment":[{"href":"https:\/\/jundiai.sp.gov.br\/noticias\/wp-json\/wp\/v2\/media?parent=290031"}],"wp:term":[{"taxonomy":"category","embeddable":true,"href":"https:\/\/jundiai.sp.gov.br\/noticias\/wp-json\/wp\/v2\/categories?post=290031"},{"taxonomy":"post_tag","embeddable":true,"href":"https:\/\/jundiai.sp.gov.br\/noticias\/wp-json\/wp\/v2\/tags?post=290031"},{"taxonomy":"ods","embeddable":true,"href":"https:\/\/jundiai.sp.gov.br\/noticias\/wp-json\/wp\/v2\/ods?post=290031"}],"curies":[{"name":"wp","href":"https:\/\/api.w.org\/{rel}","templated":true}]}}