{"id":290279,"date":"2022-04-18T18:26:15","date_gmt":"2022-04-18T21:26:15","guid":{"rendered":"https:\/\/jundiai.sp.gov.br\/noticias\/?p=290279"},"modified":"2022-04-18T18:26:15","modified_gmt":"2022-04-18T21:26:15","slug":"cultura-divulga-novo-telefone-da-fabrica-das-infancias-japy","status":"publish","type":"post","link":"https:\/\/jundiai.sp.gov.br\/noticias\/2022\/04\/18\/cultura-divulga-novo-telefone-da-fabrica-das-infancias-japy\/","title":{"rendered":"Cultura divulga novo telefone da F\u00e1brica das Inf\u00e2ncias Japy"},"content":{"rendered":"\n<p>A Unidade de Gest\u00e3o de Cultura (UGC) informa que a F\u00e1brica das Inf\u00e2ncias Japy, o mais novo equipamento cultural da cidade, passa a contar com linha telef\u00f4nica (11) 4521-0971 para informa\u00e7\u00f5es \u00e0 popula\u00e7\u00e3o sobre o espa\u00e7o e a\u00e7\u00f5es ali realizadas.<\/p>\n\n\n\n<p>Instalada na rua Lacerda Franco, 175, em parte do pr\u00e9dio que compunha a antiga Tecelagem Japy, na Vila Arens, a F\u00e1brica das Inf\u00e2ncias Japy \u00e9 um novo espa\u00e7o voltado para a experimenta\u00e7\u00e3o art\u00edstica, formativa, criativa e reflexiva sobre as brincadeiras e as inf\u00e2ncias, inaugurado pela Prefeitura em 18 de dezembro de 2021, durante as comemora\u00e7\u00f5es pelo anivers\u00e1rio de 365 de Jundia\u00ed.<\/p>\n\n\n\n<p>Al\u00e9m das propostas de experimenta\u00e7\u00e3o para as inf\u00e2ncias, o espa\u00e7o tamb\u00e9m \u00e9 a sede e espa\u00e7o para reuni\u00f5es e atividades do <a href=\"https:\/\/cultura.jundiai.sp.gov.br\/comite-das-criancas-2022\/\" target=\"_blank\" rel=\"noreferrer noopener\">Comit\u00ea das Crian\u00e7as<\/a>, \u00f3rg\u00e3o institu\u00eddo pela Prefeitura em 2018, quando o Munic\u00edpio aderiu \u00e0 Rede Latino-americana \u2013 Cidade das Crian\u00e7as e j\u00e1 tinha como proposta a destina\u00e7\u00e3o de uma sede para o grupo.<\/p>\n\n\n\n<p>O espa\u00e7o \u00e9 aberto ao p\u00fablico de ter\u00e7a a sexta-feira, das 9h \u00e0s 17h, e aos s\u00e1bados, domingos e feriados, das 9h \u00e0s 13h. A entrada \u00e9 gratuita e o acesso pode ser realizado at\u00e9 meia hora antes do fechamento do local. \u00c0s segundas-feiras a F\u00e1brica das Inf\u00e2ncias Japy fica fechada para limpeza e manuten\u00e7\u00e3o.<\/p>\n\n\n\n<figure class=\"wp-block-image size-full\"><img loading=\"lazy\" decoding=\"async\" width=\"1200\" height=\"800\" src=\"https:\/\/jundiai.sp.gov.br\/noticias\/wp-content\/uploads\/sites\/32\/2022\/04\/fabrica_das_infancias_japy.jpg\" alt=\"\" class=\"wp-image-290282\" srcset=\"https:\/\/jundiai.sp.gov.br\/noticias\/wp-content\/uploads\/sites\/32\/2022\/04\/fabrica_das_infancias_japy.jpg 1200w, https:\/\/jundiai.sp.gov.br\/noticias\/wp-content\/uploads\/sites\/32\/2022\/04\/fabrica_das_infancias_japy-300x200.jpg 300w, https:\/\/jundiai.sp.gov.br\/noticias\/wp-content\/uploads\/sites\/32\/2022\/04\/fabrica_das_infancias_japy-768x512.jpg 768w, https:\/\/jundiai.sp.gov.br\/noticias\/wp-content\/uploads\/sites\/32\/2022\/04\/fabrica_das_infancias_japy-450x300.jpg 450w\" sizes=\"auto, (max-width: 1200px) 100vw, 1200px\" \/><figcaption>A F\u00e1brica das Inf\u00e2ncias Japy fica aberta ao p\u00fablico de ter\u00e7a a sexta-feira, das 9h \u00e0s 17h, e aos s\u00e1bados, domingos e feriados, das 9h \u00e0s 13h<\/figcaption><\/figure>\n\n\n\n<p><strong>Assessoria de Imprensa<br>Foto: Arquivo PMJ<\/strong><\/p>\n","protected":false},"excerpt":{"rendered":"<p>A Unidade de Gest\u00e3o de Cultura (UGC) informa que a F\u00e1brica das Inf\u00e2ncias Japy, o mais novo equipamento cultural da cidade, passa a contar com linha telef\u00f4nica (11) 4521-0971 para informa\u00e7\u00f5es \u00e0 popula\u00e7\u00e3o sobre o espa\u00e7o e a\u00e7\u00f5es ali realizadas. Instalada na rua Lacerda Franco, 175, em parte do pr\u00e9dio que compunha a antiga Tecelagem [&hellip;]<\/p>\n","protected":false},"author":14,"featured_media":290282,"comment_status":"closed","ping_status":"closed","sticky":false,"template":"","format":"standard","meta":{"footnotes":""},"categories":[2],"tags":[29,2251],"ods":[],"class_list":["post-290279","post","type-post","status-publish","format-standard","has-post-thumbnail","hentry","category-noticias","tag-cultura","tag-fabrica-das-infancias-japy"],"_links":{"self":[{"href":"https:\/\/jundiai.sp.gov.br\/noticias\/wp-json\/wp\/v2\/posts\/290279","targetHints":{"allow":["GET"]}}],"collection":[{"href":"https:\/\/jundiai.sp.gov.br\/noticias\/wp-json\/wp\/v2\/posts"}],"about":[{"href":"https:\/\/jundiai.sp.gov.br\/noticias\/wp-json\/wp\/v2\/types\/post"}],"author":[{"embeddable":true,"href":"https:\/\/jundiai.sp.gov.br\/noticias\/wp-json\/wp\/v2\/users\/14"}],"replies":[{"embeddable":true,"href":"https:\/\/jundiai.sp.gov.br\/noticias\/wp-json\/wp\/v2\/comments?post=290279"}],"version-history":[{"count":2,"href":"https:\/\/jundiai.sp.gov.br\/noticias\/wp-json\/wp\/v2\/posts\/290279\/revisions"}],"predecessor-version":[{"id":290283,"href":"https:\/\/jundiai.sp.gov.br\/noticias\/wp-json\/wp\/v2\/posts\/290279\/revisions\/290283"}],"wp:featuredmedia":[{"embeddable":true,"href":"https:\/\/jundiai.sp.gov.br\/noticias\/wp-json\/wp\/v2\/media\/290282"}],"wp:attachment":[{"href":"https:\/\/jundiai.sp.gov.br\/noticias\/wp-json\/wp\/v2\/media?parent=290279"}],"wp:term":[{"taxonomy":"category","embeddable":true,"href":"https:\/\/jundiai.sp.gov.br\/noticias\/wp-json\/wp\/v2\/categories?post=290279"},{"taxonomy":"post_tag","embeddable":true,"href":"https:\/\/jundiai.sp.gov.br\/noticias\/wp-json\/wp\/v2\/tags?post=290279"},{"taxonomy":"ods","embeddable":true,"href":"https:\/\/jundiai.sp.gov.br\/noticias\/wp-json\/wp\/v2\/ods?post=290279"}],"curies":[{"name":"wp","href":"https:\/\/api.w.org\/{rel}","templated":true}]}}