{"id":290448,"date":"2022-04-23T10:00:00","date_gmt":"2022-04-23T13:00:00","guid":{"rendered":"https:\/\/jundiai.sp.gov.br\/noticias\/?p=290448"},"modified":"2022-05-02T15:11:49","modified_gmt":"2022-05-02T18:11:49","slug":"biblioteca-tem-abertura-de-exposicao-e-lancamento-de-livro-nesta-segunda-25","status":"publish","type":"post","link":"https:\/\/jundiai.sp.gov.br\/noticias\/2022\/04\/23\/biblioteca-tem-abertura-de-exposicao-e-lancamento-de-livro-nesta-segunda-25\/","title":{"rendered":"Biblioteca tem abertura de exposi\u00e7\u00e3o \u2018Olhos sobre \u00d3leo\u2019 nesta segunda (25)"},"content":{"rendered":"\n<p>A Biblioteca Municipal Professor Nelson Foot (BNF) tem, nesta segunda-feira (25), a abertura da exposi\u00e7\u00e3o \u2018Olhos sobre \u00d3leo\u2019, da poetisa e artista pl\u00e1stica autodidata jundiaiense Valqu\u00edria Malagoli, a partir das 18h30. A mostra ficar\u00e1 na rec\u00e9m-inaugurada Galeria Jundia\u00ed de exposi\u00e7\u00f5es da Biblioteca, e, para a abertura, nesta segunda-feira (25), \u00e0s 18h30, a performance musical da noite ficar\u00e1 por conta da banda A\u2019Mar.<\/p>\n\n\n\n<p><a href=\"https:\/\/cultura.jundiai.sp.gov.br\/exposicoes\/olhos-sobre-oleo\/\" target=\"_blank\" rel=\"noreferrer noopener\">CONFIRA AS FOTOS DA EXPOSI\u00c7\u00c3O<\/a><\/p>\n\n\n\n<p>De acordo com a artista, \u201cOlhos sobre \u00d3leo\u201d \u00e9 uma viagem pela hist\u00f3ria da t\u00e9cnica a \u00f3leo, considerada a mais tradicional na pintura. \u201cEspero agu\u00e7ar a curiosidade do p\u00fablico que visitar a exposi\u00e7\u00e3o, quero instigar o desejo de que tamb\u00e9m brinquem com essa novidade\u201d, comentou.<\/p>\n\n\n\n<figure class=\"wp-block-image size-full\"><img loading=\"lazy\" decoding=\"async\" width=\"1280\" height=\"853\" src=\"https:\/\/jundiai.sp.gov.br\/noticias\/wp-content\/uploads\/sites\/32\/2022\/04\/exposicao-olhos-sobre-oleo-da-artista-valquiria-malagoli-na-biblioteca_c_-2.jpg\" alt=\"Galeria de arte com paredes curvas e pretas, como carpete cinza e teto de vidro, com quadros expostos, com caderno com caneta sobre bancada\" class=\"wp-image-290450\" srcset=\"https:\/\/jundiai.sp.gov.br\/noticias\/wp-content\/uploads\/sites\/32\/2022\/04\/exposicao-olhos-sobre-oleo-da-artista-valquiria-malagoli-na-biblioteca_c_-2.jpg 1280w, https:\/\/jundiai.sp.gov.br\/noticias\/wp-content\/uploads\/sites\/32\/2022\/04\/exposicao-olhos-sobre-oleo-da-artista-valquiria-malagoli-na-biblioteca_c_-2-300x200.jpg 300w, https:\/\/jundiai.sp.gov.br\/noticias\/wp-content\/uploads\/sites\/32\/2022\/04\/exposicao-olhos-sobre-oleo-da-artista-valquiria-malagoli-na-biblioteca_c_-2-768x512.jpg 768w, https:\/\/jundiai.sp.gov.br\/noticias\/wp-content\/uploads\/sites\/32\/2022\/04\/exposicao-olhos-sobre-oleo-da-artista-valquiria-malagoli-na-biblioteca_c_-2-450x300.jpg 450w\" sizes=\"auto, (max-width: 1280px) 100vw, 1280px\" \/><figcaption>Quadros da artista ficar\u00e3o expostos na rec\u00e9m-criada Galeria Jundia\u00ed da Biblioteca<\/figcaption><\/figure>\n\n\n\n<p>As obras trazem superf\u00edcies de madeira ou telas de algod\u00e3o em que a artista aplica, com pinc\u00e9is ou esp\u00e1tulas, tintas \u00e0 base de \u00f3leo dilu\u00eddas em solventes ou \u00f3leo de linha\u00e7a. Para Valquiria a arte \u00e9 movimento e ao lado de cada tela h\u00e1 breves textos informativos, trazendo \u00e0 luz um resumo desde a origem do material at\u00e9 os dias de hoje. Juntas \u2013 continuou a artista \u2013 portanto a palavra e a tinta exemplificam inven\u00e7\u00f5es que a experimenta\u00e7\u00e3o art\u00edstica, no decorrer dos tempos, criou a servi\u00e7o dos resultados pretendidos.<\/p>\n\n\n\n<p>A exposi\u00e7\u00e3o poder\u00e1 ser visitada gratuitamente at\u00e9 o dia 28 de maio.<\/p>\n\n\n\n<p>A Biblioteca fica na avenida Dr. Cavalcanti, 396, Complexo Argos, e fica aberta de segunda a sexta-feira, das 9h \u00e0s 21h, e aos s\u00e1bados e feriados, das 9h \u00e0s 13h. Mais informa\u00e7\u00f5es pelo telefone (11) 4527-2110.<\/p>\n\n\n\n<p><strong>Assessoria de Imprensa<br>Foto: Fot\u00f3grafos PMJ<\/strong><\/p>\n","protected":false},"excerpt":{"rendered":"<p>A Biblioteca Municipal Professor Nelson Foot (BNF) tem, nesta segunda-feira (25), a abertura da exposi\u00e7\u00e3o \u2018Olhos sobre \u00d3leo\u2019, da poetisa e artista pl\u00e1stica autodidata jundiaiense Valqu\u00edria Malagoli, a partir das 18h30. A mostra ficar\u00e1 na rec\u00e9m-inaugurada Galeria Jundia\u00ed de exposi\u00e7\u00f5es da Biblioteca, e, para a abertura, nesta segunda-feira (25), \u00e0s 18h30, a performance musical da [&hellip;]<\/p>\n","protected":false},"author":14,"featured_media":290450,"comment_status":"closed","ping_status":"closed","sticky":false,"template":"","format":"standard","meta":{"footnotes":""},"categories":[2],"tags":[505,419,29],"ods":[],"class_list":["post-290448","post","type-post","status-publish","format-standard","has-post-thumbnail","hentry","category-noticias","tag-biblioteca-municipal-professor-nelson-foot","tag-complexo-argos","tag-cultura"],"_links":{"self":[{"href":"https:\/\/jundiai.sp.gov.br\/noticias\/wp-json\/wp\/v2\/posts\/290448","targetHints":{"allow":["GET"]}}],"collection":[{"href":"https:\/\/jundiai.sp.gov.br\/noticias\/wp-json\/wp\/v2\/posts"}],"about":[{"href":"https:\/\/jundiai.sp.gov.br\/noticias\/wp-json\/wp\/v2\/types\/post"}],"author":[{"embeddable":true,"href":"https:\/\/jundiai.sp.gov.br\/noticias\/wp-json\/wp\/v2\/users\/14"}],"replies":[{"embeddable":true,"href":"https:\/\/jundiai.sp.gov.br\/noticias\/wp-json\/wp\/v2\/comments?post=290448"}],"version-history":[{"count":6,"href":"https:\/\/jundiai.sp.gov.br\/noticias\/wp-json\/wp\/v2\/posts\/290448\/revisions"}],"predecessor-version":[{"id":290752,"href":"https:\/\/jundiai.sp.gov.br\/noticias\/wp-json\/wp\/v2\/posts\/290448\/revisions\/290752"}],"wp:featuredmedia":[{"embeddable":true,"href":"https:\/\/jundiai.sp.gov.br\/noticias\/wp-json\/wp\/v2\/media\/290450"}],"wp:attachment":[{"href":"https:\/\/jundiai.sp.gov.br\/noticias\/wp-json\/wp\/v2\/media?parent=290448"}],"wp:term":[{"taxonomy":"category","embeddable":true,"href":"https:\/\/jundiai.sp.gov.br\/noticias\/wp-json\/wp\/v2\/categories?post=290448"},{"taxonomy":"post_tag","embeddable":true,"href":"https:\/\/jundiai.sp.gov.br\/noticias\/wp-json\/wp\/v2\/tags?post=290448"},{"taxonomy":"ods","embeddable":true,"href":"https:\/\/jundiai.sp.gov.br\/noticias\/wp-json\/wp\/v2\/ods?post=290448"}],"curies":[{"name":"wp","href":"https:\/\/api.w.org\/{rel}","templated":true}]}}