{"id":290472,"date":"2022-04-20T17:27:11","date_gmt":"2022-04-20T20:27:11","guid":{"rendered":"https:\/\/jundiai.sp.gov.br\/noticias\/?p=290472"},"modified":"2023-01-12T08:55:41","modified_gmt":"2023-01-12T11:55:41","slug":"parque-da-cidade-programacao-do-18o-aniversario-reune-muitas-atracoes-gratuitas","status":"publish","type":"post","link":"https:\/\/jundiai.sp.gov.br\/noticias\/2022\/04\/20\/parque-da-cidade-programacao-do-18o-aniversario-reune-muitas-atracoes-gratuitas\/","title":{"rendered":"Parque da Cidade: programa\u00e7\u00e3o do 18\u00ba anivers\u00e1rio re\u00fane muitas atra\u00e7\u00f5es gratuitas"},"content":{"rendered":"\n<p>Para comemorar os 18 anos do Parque da Cidade, nesta quinta-feira (21), a partir das 9 horas, uma grande festa ser\u00e1 realizada para celebrar a data. Brinquedos infl\u00e1veis, circuito radical, m\u00fasica, teatro, artesanato, passeios de caiaque e muitas outras atra\u00e7\u00f5es gratuitas est\u00e3o na programa\u00e7\u00e3o, que vai at\u00e9 \u00e0s 17 horas.<\/p>\n\n\n\n<p>Aos visitantes, est\u00e3o sendo solicitadas doa\u00e7\u00f5es de 1kg de alimento n\u00e3o perec\u00edvel, a serem direcionados \u00e0s campanhas do Fundo Social de Solidariedade. Confira abaixo os hor\u00e1rios das atra\u00e7\u00f5es:<\/p>\n\n\n\n<p><strong>Pra\u00e7a P\u00f4r do Sol \u2013 9 \u00e0s 17h<\/strong><\/p>\n\n\n\n<p>Brinquedos infl\u00e1veis<br>Circuito radical<br>Distribui\u00e7\u00e3o de pipoca e algod\u00e3o doce<br>Posto de Vacina\u00e7\u00e3o contra o Influenza (apenas para maiores de 60 anos)<\/p>\n\n\n\n<p>Bancas de artesanato do \u201cJundia\u00ed Feito \u00e0 M\u00e3o\u201d<br>Corpo de Bombeiros<br>Acampamento do 12\u00ba GAC<\/p>\n\n\n\n<p><strong>Cortejo de palha\u00e7os da Cia. T\u00e3o Distante de Artes<\/strong><br>Teatro itinerante (interven\u00e7\u00f5es pelo Parque)<\/p>\n\n\n\n<p><strong>Buzum<\/strong><br>Teatro de bonecos (apoio CCR AutoBAn)<br>Sess\u00f5es \u00e0s 9h30 \/ 10h10 \/ 10h50 \/ 11h30 \/ 13h30 \/ 14h10 \/ 14h40<\/p>\n\n\n\n<p><strong>Canil da GM<\/strong><br>Apresenta\u00e7\u00e3o \u00e0s 11h30<\/p>\n\n\n\n<p><strong>Concha Ac\u00fastica (Palco)<\/strong><br>9h e 14h \u2013 Academia Ultra Jundia\u00ed (zumba \/ fitdance)<br>10h \u2013 Banda Studio 54 (flashback)<br>13h \u2013 Apresenta\u00e7\u00e3o de dan\u00e7a do grupo Gera\u00e7\u00e3o +60<br>15h \u2013 Banda We Will Rock You (tributo ao Queen)<\/p>\n\n\n\n<p><strong>Pista de Aeromodelismo<\/strong><br>9h30 e 14h30 \u2013 Apresenta\u00e7\u00e3o de aeromodelos + Open boxe (ap\u00f3s o t\u00e9rmino da exibi\u00e7\u00e3o, os visitantes poder\u00e3o conhecer os prot\u00f3tipos)<\/p>\n\n\n\n<p><strong>Pistas de Automodelismo<\/strong><br>12h \u2013 Corrida de automodelos + Open boxe (ap\u00f3s o t\u00e9rmino da corrida, os visitantes poder\u00e3o conhecer os prot\u00f3tipos)<\/p>\n\n\n\n<p><strong>Aluguel de bikes<\/strong><br>9h \u00e0s 16h (\u00faltimo aluguel) \u2013 Ao lado do pr\u00e9dio da Administra\u00e7\u00e3o, o Peama (Programa de Esportes e Atividades Motoras Adaptadas) mant\u00e9m o aluguel de bicicletas, pelos valores de R$ 10,00 (bicicletas simples) e R$ 20,00 (duplas).<\/p>\n\n\n\n<p><strong>Centro N\u00e1utico<\/strong><br>Passeios gratuitos de caiaque pelo programa \u201cConhe\u00e7a o Parque por suas \u00e1guas\u201d, da ONG Velas do Japi. Inscri\u00e7\u00f5es a serem feitas diretamente no local, no dia do evento, por ordem de chegada. S\u00e3o 17 vagas por hor\u00e1rio, com sa\u00eddas \u00e0s 9h15 \/ 10h15 \/ 11h15 \/ 13h15 \/ 14h15 e 15h15.<\/p>\n\n\n\n<figure class=\"wp-block-image size-full\"><img loading=\"lazy\" decoding=\"async\" width=\"1280\" height=\"853\" src=\"https:\/\/jundiai.sp.gov.br\/noticias\/wp-content\/uploads\/sites\/32\/2022\/04\/aula_esef_centro_nautico-55.jpg\" alt=\"\" class=\"wp-image-290475\" srcset=\"https:\/\/jundiai.sp.gov.br\/noticias\/wp-content\/uploads\/sites\/32\/2022\/04\/aula_esef_centro_nautico-55.jpg 1280w, https:\/\/jundiai.sp.gov.br\/noticias\/wp-content\/uploads\/sites\/32\/2022\/04\/aula_esef_centro_nautico-55-300x200.jpg 300w, https:\/\/jundiai.sp.gov.br\/noticias\/wp-content\/uploads\/sites\/32\/2022\/04\/aula_esef_centro_nautico-55-768x512.jpg 768w, https:\/\/jundiai.sp.gov.br\/noticias\/wp-content\/uploads\/sites\/32\/2022\/04\/aula_esef_centro_nautico-55-450x300.jpg 450w\" sizes=\"auto, (max-width: 1280px) 100vw, 1280px\" \/><figcaption>Passeios de caiaque ser\u00e3o realizados a partir das 9h15. Para participar, basta se inscrever no local.<\/figcaption><\/figure>\n\n\n\n<figure class=\"wp-block-image size-full\"><img loading=\"lazy\" decoding=\"async\" width=\"1280\" height=\"905\" src=\"https:\/\/jundiai.sp.gov.br\/noticias\/wp-content\/uploads\/sites\/32\/2022\/04\/parque-18-anos.jpg\" alt=\"\" class=\"wp-image-290477\" srcset=\"https:\/\/jundiai.sp.gov.br\/noticias\/wp-content\/uploads\/sites\/32\/2022\/04\/parque-18-anos.jpg 1280w, https:\/\/jundiai.sp.gov.br\/noticias\/wp-content\/uploads\/sites\/32\/2022\/04\/parque-18-anos-300x212.jpg 300w, https:\/\/jundiai.sp.gov.br\/noticias\/wp-content\/uploads\/sites\/32\/2022\/04\/parque-18-anos-768x543.jpg 768w\" sizes=\"auto, (max-width: 1280px) 100vw, 1280px\" \/><\/figure>\n","protected":false},"excerpt":{"rendered":"<p>Para comemorar os 18 anos do Parque da Cidade, nesta quinta-feira (21), a partir das 9 horas, uma grande festa ser\u00e1 realizada para celebrar a data. Brinquedos infl\u00e1veis, circuito radical, m\u00fasica, teatro, artesanato, passeios de caiaque e muitas outras atra\u00e7\u00f5es gratuitas est\u00e3o na programa\u00e7\u00e3o, que vai at\u00e9 \u00e0s 17 horas. Aos visitantes, est\u00e3o sendo solicitadas [&hellip;]<\/p>\n","protected":false},"author":40,"featured_media":290475,"comment_status":"closed","ping_status":"closed","sticky":false,"template":"","format":"standard","meta":{"footnotes":""},"categories":[2],"tags":[1940,47],"ods":[],"class_list":["post-290472","post","type-post","status-publish","format-standard","has-post-thumbnail","hentry","category-noticias","tag-dae-jundiai","tag-parque-da-cidade"],"_links":{"self":[{"href":"https:\/\/jundiai.sp.gov.br\/noticias\/wp-json\/wp\/v2\/posts\/290472","targetHints":{"allow":["GET"]}}],"collection":[{"href":"https:\/\/jundiai.sp.gov.br\/noticias\/wp-json\/wp\/v2\/posts"}],"about":[{"href":"https:\/\/jundiai.sp.gov.br\/noticias\/wp-json\/wp\/v2\/types\/post"}],"author":[{"embeddable":true,"href":"https:\/\/jundiai.sp.gov.br\/noticias\/wp-json\/wp\/v2\/users\/40"}],"replies":[{"embeddable":true,"href":"https:\/\/jundiai.sp.gov.br\/noticias\/wp-json\/wp\/v2\/comments?post=290472"}],"version-history":[{"count":1,"href":"https:\/\/jundiai.sp.gov.br\/noticias\/wp-json\/wp\/v2\/posts\/290472\/revisions"}],"predecessor-version":[{"id":290478,"href":"https:\/\/jundiai.sp.gov.br\/noticias\/wp-json\/wp\/v2\/posts\/290472\/revisions\/290478"}],"wp:featuredmedia":[{"embeddable":true,"href":"https:\/\/jundiai.sp.gov.br\/noticias\/wp-json\/wp\/v2\/media\/290475"}],"wp:attachment":[{"href":"https:\/\/jundiai.sp.gov.br\/noticias\/wp-json\/wp\/v2\/media?parent=290472"}],"wp:term":[{"taxonomy":"category","embeddable":true,"href":"https:\/\/jundiai.sp.gov.br\/noticias\/wp-json\/wp\/v2\/categories?post=290472"},{"taxonomy":"post_tag","embeddable":true,"href":"https:\/\/jundiai.sp.gov.br\/noticias\/wp-json\/wp\/v2\/tags?post=290472"},{"taxonomy":"ods","embeddable":true,"href":"https:\/\/jundiai.sp.gov.br\/noticias\/wp-json\/wp\/v2\/ods?post=290472"}],"curies":[{"name":"wp","href":"https:\/\/api.w.org\/{rel}","templated":true}]}}