{"id":290971,"date":"2022-04-29T08:00:00","date_gmt":"2022-04-29T11:00:00","guid":{"rendered":"https:\/\/jundiai.sp.gov.br\/noticias\/?p=290971"},"modified":"2022-04-28T19:26:36","modified_gmt":"2022-04-28T22:26:36","slug":"acao-prevencao-sem-fronteira-sera-realizada-no-sabado-30-de-maneira-conjunta-entre-jundiai-e-varzea-paulista","status":"publish","type":"post","link":"https:\/\/jundiai.sp.gov.br\/noticias\/2022\/04\/29\/acao-prevencao-sem-fronteira-sera-realizada-no-sabado-30-de-maneira-conjunta-entre-jundiai-e-varzea-paulista\/","title":{"rendered":"A\u00e7\u00e3o &#8216;Preven\u00e7\u00e3o sem fronteira&#8217; ser\u00e1 realizada no s\u00e1bado (30) de maneira conjunta entre Jundia\u00ed e V\u00e1rzea Paulista"},"content":{"rendered":"\n<p>De maneira conjunta, t\u00e9cnicos da \u00e1rea da Sa\u00fade de Jundia\u00ed e V\u00e1rzea Paulista, realizar\u00e3o, no pr\u00f3ximo s\u00e1bado (30), a\u00e7\u00e3o de orienta\u00e7\u00e3o e bloqueio e orienta\u00e7\u00e3o contra a dengue e demais arboviroses para a a\u00e7\u00e3o &#8216;Preven\u00e7\u00e3o sem fronteira&#8217;, no limite dos munic\u00edpios, com o intuito de combater os focos da dengue. <\/p>\n\n\n\n<p>As duas equipes contar\u00e3o com cerca de 60 agentes que circular\u00e3o nos bairros Vila Cristo e Santa Terezinha, al\u00e9m de Ivoturucaia e Vila Real, realizando vistorias e orienta\u00e7\u00f5es casa a casa, com o objetivo de auxiliar os moradores a identificar poss\u00edveis criadouros e orientar a eliminar e combater os mosquitos Aedes aegypti. <\/p>\n\n\n\n<p>As regi\u00f5es a ser trabalhadas, al\u00e9m de conectadas, s\u00e3o populosas e com intensa movimenta\u00e7\u00e3o entre os moradores.  &#8220;Jundia\u00ed trabalha o tema arboviroses ao longo de todo o ano, por\u00e9m, nos per\u00edodos de maior transmiss\u00e3o as a\u00e7\u00f5es s\u00e3o intensificadas e, desta vez, feita em parceria com a cidade vizinha.  Os mosquitos n\u00e3o conhecem fronteiras. Os limites de V\u00e1rzea Paulista e Jundia\u00ed se misturam e o cuidado deve ser conjunto entre a popula\u00e7\u00e3o&#8221;, comenta a biom\u00e9dica da Vigil\u00e2ncia em Sa\u00fade Ambiental (Visam), Ana L\u00facia de Castro.<\/p>\n\n\n\n<figure class=\"wp-block-image size-large\"><img loading=\"lazy\" decoding=\"async\" width=\"1280\" height=\"853\" src=\"https:\/\/jundiai.sp.gov.br\/noticias\/wp-content\/uploads\/sites\/32\/2020\/03\/acoes_contra_dengue_morada_das_vinhas-74-1280x853.jpg\" alt=\"\" class=\"wp-image-248196\" srcset=\"https:\/\/jundiai.sp.gov.br\/noticias\/wp-content\/uploads\/sites\/32\/2020\/03\/acoes_contra_dengue_morada_das_vinhas-74-1280x853.jpg 1280w, https:\/\/jundiai.sp.gov.br\/noticias\/wp-content\/uploads\/sites\/32\/2020\/03\/acoes_contra_dengue_morada_das_vinhas-74-300x200.jpg 300w, https:\/\/jundiai.sp.gov.br\/noticias\/wp-content\/uploads\/sites\/32\/2020\/03\/acoes_contra_dengue_morada_das_vinhas-74-768x512.jpg 768w, https:\/\/jundiai.sp.gov.br\/noticias\/wp-content\/uploads\/sites\/32\/2020\/03\/acoes_contra_dengue_morada_das_vinhas-74-450x300.jpg 450w, https:\/\/jundiai.sp.gov.br\/noticias\/wp-content\/uploads\/sites\/32\/2020\/03\/acoes_contra_dengue_morada_das_vinhas-74.jpg 1323w\" sizes=\"auto, (max-width: 1280px) 100vw, 1280px\" \/><figcaption>A\u00e7\u00e3o de conscientiza\u00e7\u00e3o ser\u00e1 realizada neste s\u00e1bado, ao longo de todo o dia, em \u00e1reas de fronteira de Jundia\u00ed e V\u00e1rzea Paulista<\/figcaption><\/figure>\n\n\n\n<p>Toda a popula\u00e7\u00e3o est\u00e1 convidada a participar. Os agentes contam com a colabora\u00e7\u00e3o dos moradores para que juntos, possam acabar com os transmissores. Tamb\u00e9m ter\u00e1 mutir\u00e3o no bairro do Ivoturucaia, em Jundia\u00ed e Vila Real, em V\u00e1rzea Paulista. <\/p>\n\n\n\n<p>&#8220;As medidas para a preven\u00e7\u00e3o e elimina\u00e7\u00e3o dos mosquitos transmissores da dengue s\u00e3o simples e conhecidas por todos: eliminar os recipientes que podem acumular \u00e1gua, lavar os bebedouro dos animais, eliminar os pratos dos vasos de plantas. Cerca de 80% dos criadouros s\u00e3o identificados nas resid\u00eancias, nos quintais. Fazer a vistoria de maneira peri\u00f3dica elimina os criadouros e dificulta a vida dos mosquitos&#8221;, comenta o gestor da Unidade de Gest\u00e3o de Promo\u00e7\u00e3o da Sa\u00fade (UGPS), Tiago Texera. <\/p>\n\n\n\n<p><strong>Assessoria de Imprensa<\/strong><\/p>\n","protected":false},"excerpt":{"rendered":"<p>De maneira conjunta, t\u00e9cnicos da \u00e1rea da Sa\u00fade de Jundia\u00ed e V\u00e1rzea Paulista, realizar\u00e3o, no pr\u00f3ximo s\u00e1bado (30), a\u00e7\u00e3o de orienta\u00e7\u00e3o e bloqueio e orienta\u00e7\u00e3o contra a dengue e demais arboviroses para a a\u00e7\u00e3o &#8216;Preven\u00e7\u00e3o sem fronteira&#8217;, no limite dos munic\u00edpios, com o intuito de combater os focos da dengue. As duas equipes contar\u00e3o com [&hellip;]<\/p>\n","protected":false},"author":39,"featured_media":286664,"comment_status":"closed","ping_status":"closed","sticky":false,"template":"","format":"standard","meta":{"footnotes":""},"categories":[2],"tags":[1216,2341,981,2972],"ods":[],"class_list":["post-290971","post","type-post","status-publish","format-standard","has-post-thumbnail","hentry","category-noticias","tag-arboviroses","tag-ivoturucaia","tag-promocao-da-saude","tag-vila-cristo"],"_links":{"self":[{"href":"https:\/\/jundiai.sp.gov.br\/noticias\/wp-json\/wp\/v2\/posts\/290971","targetHints":{"allow":["GET"]}}],"collection":[{"href":"https:\/\/jundiai.sp.gov.br\/noticias\/wp-json\/wp\/v2\/posts"}],"about":[{"href":"https:\/\/jundiai.sp.gov.br\/noticias\/wp-json\/wp\/v2\/types\/post"}],"author":[{"embeddable":true,"href":"https:\/\/jundiai.sp.gov.br\/noticias\/wp-json\/wp\/v2\/users\/39"}],"replies":[{"embeddable":true,"href":"https:\/\/jundiai.sp.gov.br\/noticias\/wp-json\/wp\/v2\/comments?post=290971"}],"version-history":[{"count":11,"href":"https:\/\/jundiai.sp.gov.br\/noticias\/wp-json\/wp\/v2\/posts\/290971\/revisions"}],"predecessor-version":[{"id":291008,"href":"https:\/\/jundiai.sp.gov.br\/noticias\/wp-json\/wp\/v2\/posts\/290971\/revisions\/291008"}],"wp:featuredmedia":[{"embeddable":true,"href":"https:\/\/jundiai.sp.gov.br\/noticias\/wp-json\/wp\/v2\/media\/286664"}],"wp:attachment":[{"href":"https:\/\/jundiai.sp.gov.br\/noticias\/wp-json\/wp\/v2\/media?parent=290971"}],"wp:term":[{"taxonomy":"category","embeddable":true,"href":"https:\/\/jundiai.sp.gov.br\/noticias\/wp-json\/wp\/v2\/categories?post=290971"},{"taxonomy":"post_tag","embeddable":true,"href":"https:\/\/jundiai.sp.gov.br\/noticias\/wp-json\/wp\/v2\/tags?post=290971"},{"taxonomy":"ods","embeddable":true,"href":"https:\/\/jundiai.sp.gov.br\/noticias\/wp-json\/wp\/v2\/ods?post=290971"}],"curies":[{"name":"wp","href":"https:\/\/api.w.org\/{rel}","templated":true}]}}