{"id":291290,"date":"2022-05-03T17:58:05","date_gmt":"2022-05-03T20:58:05","guid":{"rendered":"https:\/\/jundiai.sp.gov.br\/noticias\/?p=291290"},"modified":"2022-05-03T17:58:05","modified_gmt":"2022-05-03T20:58:05","slug":"jundiai-tem-inscricoes-abertas-para-contratacao-de-medicos-em-processo-simplificado","status":"publish","type":"post","link":"https:\/\/jundiai.sp.gov.br\/noticias\/2022\/05\/03\/jundiai-tem-inscricoes-abertas-para-contratacao-de-medicos-em-processo-simplificado\/","title":{"rendered":"Jundia\u00ed tem inscri\u00e7\u00f5es abertas para contrata\u00e7\u00e3o de m\u00e9dicos em processo simplificado"},"content":{"rendered":"\n<p>Est\u00e3o abertas inscri\u00e7\u00f5es para preenchimento de seis vagas para m\u00e9dicos nas especialidades de Psiquiatria, Psiquiatria Infantil, Neuropediatria e Cardiologia, em processo seletivo simplificado. A carga hor\u00e1ria \u00e9 de 12 horas e o prazo para inscri\u00e7\u00e3o se encerra no pr\u00f3ximo dia 8 de maio, \u00e0s 22h, com contrato para seis meses.<\/p>\n\n\n\n<p>Os interessados devem ler o edital, que est\u00e1 dispon\u00edvel no site da Prefeitura de Jundia\u00ed (www.jundiai.sp.gov.br), acessar a p\u00e1gina referente \u00e0 <a href=\"https:\/\/jundiai.sp.gov.br\/administracao-e-gestao-de-pessoas\/contratacao-temporaria\/\">Contrata\u00e7\u00e3o tempor\u00e1ria<\/a>, localizar o item &#8216;Inscreva-se para o Processo Seletivo Simplificado de M\u00e9dico&#8221;, clicar e preencher totalmente os dados, lembrando da necessidade da veracidade dos mesmos. <\/p>\n\n\n\n<figure class=\"wp-block-image size-full\"><img loading=\"lazy\" decoding=\"async\" width=\"1139\" height=\"759\" src=\"https:\/\/jundiai.sp.gov.br\/noticias\/wp-content\/uploads\/sites\/32\/2022\/05\/atendimento-medicopediatrico-na-ubs-central_c_-35.jpg\" alt=\"\" class=\"wp-image-291305\" srcset=\"https:\/\/jundiai.sp.gov.br\/noticias\/wp-content\/uploads\/sites\/32\/2022\/05\/atendimento-medicopediatrico-na-ubs-central_c_-35.jpg 1139w, https:\/\/jundiai.sp.gov.br\/noticias\/wp-content\/uploads\/sites\/32\/2022\/05\/atendimento-medicopediatrico-na-ubs-central_c_-35-300x200.jpg 300w, https:\/\/jundiai.sp.gov.br\/noticias\/wp-content\/uploads\/sites\/32\/2022\/05\/atendimento-medicopediatrico-na-ubs-central_c_-35-768x512.jpg 768w, https:\/\/jundiai.sp.gov.br\/noticias\/wp-content\/uploads\/sites\/32\/2022\/05\/atendimento-medicopediatrico-na-ubs-central_c_-35-450x300.jpg 450w\" sizes=\"auto, (max-width: 1139px) 100vw, 1139px\" \/><figcaption>Contrata\u00e7\u00e3o \u00e9 tempor\u00e1ria, com prazo de seis meses<\/figcaption><\/figure>\n\n\n\n<p>Assim que encerrado o processo ser\u00e1 feita a divulga\u00e7\u00e3o via Imprensa Oficial da data para a realiza\u00e7\u00e3o da Prova Objetiva. <\/p>\n\n\n\n<p><strong>Assessoria de Imprensa<\/strong><\/p>\n","protected":false},"excerpt":{"rendered":"<p>Est\u00e3o abertas inscri\u00e7\u00f5es para preenchimento de seis vagas para m\u00e9dicos nas especialidades de Psiquiatria, Psiquiatria Infantil, Neuropediatria e Cardiologia, em processo seletivo simplificado. A carga hor\u00e1ria \u00e9 de 12 horas e o prazo para inscri\u00e7\u00e3o se encerra no pr\u00f3ximo dia 8 de maio, \u00e0s 22h, com contrato para seis meses. Os interessados devem ler o [&hellip;]<\/p>\n","protected":false},"author":39,"featured_media":291305,"comment_status":"closed","ping_status":"closed","sticky":false,"template":"","format":"standard","meta":{"footnotes":""},"categories":[2],"tags":[981],"ods":[],"class_list":["post-291290","post","type-post","status-publish","format-standard","has-post-thumbnail","hentry","category-noticias","tag-promocao-da-saude"],"_links":{"self":[{"href":"https:\/\/jundiai.sp.gov.br\/noticias\/wp-json\/wp\/v2\/posts\/291290","targetHints":{"allow":["GET"]}}],"collection":[{"href":"https:\/\/jundiai.sp.gov.br\/noticias\/wp-json\/wp\/v2\/posts"}],"about":[{"href":"https:\/\/jundiai.sp.gov.br\/noticias\/wp-json\/wp\/v2\/types\/post"}],"author":[{"embeddable":true,"href":"https:\/\/jundiai.sp.gov.br\/noticias\/wp-json\/wp\/v2\/users\/39"}],"replies":[{"embeddable":true,"href":"https:\/\/jundiai.sp.gov.br\/noticias\/wp-json\/wp\/v2\/comments?post=291290"}],"version-history":[{"count":4,"href":"https:\/\/jundiai.sp.gov.br\/noticias\/wp-json\/wp\/v2\/posts\/291290\/revisions"}],"predecessor-version":[{"id":291307,"href":"https:\/\/jundiai.sp.gov.br\/noticias\/wp-json\/wp\/v2\/posts\/291290\/revisions\/291307"}],"wp:featuredmedia":[{"embeddable":true,"href":"https:\/\/jundiai.sp.gov.br\/noticias\/wp-json\/wp\/v2\/media\/291305"}],"wp:attachment":[{"href":"https:\/\/jundiai.sp.gov.br\/noticias\/wp-json\/wp\/v2\/media?parent=291290"}],"wp:term":[{"taxonomy":"category","embeddable":true,"href":"https:\/\/jundiai.sp.gov.br\/noticias\/wp-json\/wp\/v2\/categories?post=291290"},{"taxonomy":"post_tag","embeddable":true,"href":"https:\/\/jundiai.sp.gov.br\/noticias\/wp-json\/wp\/v2\/tags?post=291290"},{"taxonomy":"ods","embeddable":true,"href":"https:\/\/jundiai.sp.gov.br\/noticias\/wp-json\/wp\/v2\/ods?post=291290"}],"curies":[{"name":"wp","href":"https:\/\/api.w.org\/{rel}","templated":true}]}}