{"id":291353,"date":"2022-05-04T18:26:24","date_gmt":"2022-05-04T21:26:24","guid":{"rendered":"https:\/\/jundiai.sp.gov.br\/noticias\/?p=291353"},"modified":"2022-05-04T18:26:24","modified_gmt":"2022-05-04T21:26:24","slug":"estao-abertas-as-inscricoes-para-os-representantes-da-sociedade-civil-no-conselho-municipal-de-politica-cultural-cmpc","status":"publish","type":"post","link":"https:\/\/jundiai.sp.gov.br\/noticias\/2022\/05\/04\/estao-abertas-as-inscricoes-para-os-representantes-da-sociedade-civil-no-conselho-municipal-de-politica-cultural-cmpc\/","title":{"rendered":"Est\u00e3o abertas as inscri\u00e7\u00f5es para os representantes da sociedade civil no Conselho Municipal de Pol\u00edtica Cultural (CMPC)"},"content":{"rendered":"\n<p>At\u00e9 o dia 25 deste m\u00eas, estar\u00e1 aberto o per\u00edodo de inscri\u00e7\u00e3o para o preenchimento de vagas dos representantes da sociedade civil para o Conselho Municipal de Pol\u00edtica Cultural (CMPC) para o bi\u00eanio 2022\/2024, bem como para as pessoas que queiram ter direito a voto (votantes), na elei\u00e7\u00e3o marcada para o dia 01 de junho, \u00e0s 18h, na Sala Jundia\u00ed, Complexo Fepasa, sede da Unidade de Gest\u00e3o de Cultura (UGC).<\/p>\n\n\n\n<p>Com o objetivo institucionalizar a rela\u00e7\u00e3o entre a sociedade civil e a administra\u00e7\u00e3o p\u00fablica na elabora\u00e7\u00e3o, execu\u00e7\u00e3o e fiscaliza\u00e7\u00e3o das pol\u00edticas culturais no Munic\u00edpio, o Conselho \u00e9 formado por 20 conselheiros titulares e seus respectivos suplentes. Destes, dez conselheiros e seus suplentes pertencem ao poder p\u00fablico e os outros dez conselheiros e seus suplentes pertencem a sociedade civil.<\/p>\n\n\n\n<figure class=\"wp-block-image size-full\"><img loading=\"lazy\" decoding=\"async\" width=\"1280\" height=\"896\" src=\"https:\/\/jundiai.sp.gov.br\/noticias\/wp-content\/uploads\/sites\/32\/2022\/05\/conselho_politica_cultural-2.jpg\" alt=\"Grupo de diferentes pessoas sentadas sobre cadeiras, em disposi\u00e7\u00e3o circular, durante reuni\u00e3o na Sala dos Rel\u00f3gios do Complexo Fepasa, com pavimento de madeira , rel\u00f3gios afixados em parede branca e duas grandes janelas com cortinas abertas\" class=\"wp-image-291355\" srcset=\"https:\/\/jundiai.sp.gov.br\/noticias\/wp-content\/uploads\/sites\/32\/2022\/05\/conselho_politica_cultural-2.jpg 1280w, https:\/\/jundiai.sp.gov.br\/noticias\/wp-content\/uploads\/sites\/32\/2022\/05\/conselho_politica_cultural-2-300x210.jpg 300w, https:\/\/jundiai.sp.gov.br\/noticias\/wp-content\/uploads\/sites\/32\/2022\/05\/conselho_politica_cultural-2-768x538.jpg 768w\" sizes=\"auto, (max-width: 1280px) 100vw, 1280px\" \/><figcaption>Sociedade Civil \u00e9 representada no conselho por integrantes de dez diferentes segmentos, especificados abaixo<\/figcaption><\/figure>\n\n\n\n<p>De acordo com o <a href=\"https:\/\/cultura.jundiai.sp.gov.br\/wp-content\/uploads\/2022\/05\/Edital-_UGC_08_eleicao_sociedade_civil_CMPC.pdf\" target=\"_blank\" rel=\"noreferrer noopener\">edital n\u00ba 08\/2022<\/a>, publicado na Imprensa Oficial, poder\u00e3o se candidatar como representantes da Sociedade Civil no CMPC representantes dos dez seguintes segmentos: da Dan\u00e7a; M\u00fasica; Teatro e Circo; Artes Visuais e Design; Literatura; Audiovisual e Cultura Digital; Economia Criativa, produtores e gestores culturais; Cultura popular, tradicional e urbana; Cultura Etnicorracial; e Cultura LGBTQIA+. Para cada um deles ser\u00e3o eleitos um representante titular e um suplente. No edital os interessados poder\u00e3o conferir quais as categorias que se enquadram em cada um desses segmentos.<\/p>\n\n\n\n<p>Os interessados em concorrer e em votar dever\u00e3o preencher <a href=\"https:\/\/cultura.jundiai.sp.gov.br\/wp-content\/uploads\/2022\/05\/FICHA-DE-CADASTRO-PARA-ELEICAO-DOS-REPRESENTANTES-DA-SOCIEDADE-CIVIL-NO-CONSELHO-MUNICIPAL-de-POLITICA-CULTURAL-CMPC.pdf\" target=\"_blank\" rel=\"noreferrer noopener\">ficha de inscri\u00e7\u00e3o<\/a> e envi\u00e1-la, juntamente com a documenta\u00e7\u00e3o necess\u00e1ria, para o e-mail <a href=\"mailto:eleicoesconselho@jundiai.sp.gov.br\" target=\"_blank\" rel=\"noreferrer noopener\">eleicoesconselho@jundiai.sp.gov.br<\/a>, ou entregar pessoalmente na recep\u00e7\u00e3o da UGC, que fica no Complexo Fepasa (avenida Uni\u00e3o dos Ferrovi\u00e1rios, 1760, Centro), de segunda a sexta-feira, das 9h \u00e0s 16h30.<\/p>\n\n\n\n<p>Mais informa\u00e7\u00f5es podem ser obtidas no <a href=\"https:\/\/cultura.jundiai.sp.gov.br\/wp-content\/uploads\/2022\/05\/Edital-_UGC_08_eleicao_sociedade_civil_CMPC.pdf\" target=\"_blank\" rel=\"noreferrer noopener\">edital n\u00ba 08\/2022<\/a>, no <a href=\"https:\/\/cultura.jundiai.sp.gov.br\/editais-e-regulamentos\/\" target=\"_blank\" rel=\"noreferrer noopener\">site da Cultura<\/a> ou pelo telefone 4589-6800.<\/p>\n\n\n\n<p><strong>Assessoria de Imprensa<br>Foto: Arquivo PMJ<\/strong><\/p>\n","protected":false},"excerpt":{"rendered":"<p>At\u00e9 o dia 25 deste m\u00eas, estar\u00e1 aberto o per\u00edodo de inscri\u00e7\u00e3o para o preenchimento de vagas dos representantes da sociedade civil para o Conselho Municipal de Pol\u00edtica Cultural (CMPC) para o bi\u00eanio 2022\/2024, bem como para as pessoas que queiram ter direito a voto (votantes), na elei\u00e7\u00e3o marcada para o dia 01 de junho, [&hellip;]<\/p>\n","protected":false},"author":14,"featured_media":291355,"comment_status":"closed","ping_status":"closed","sticky":false,"template":"","format":"standard","meta":{"footnotes":""},"categories":[2],"tags":[1099,29,449],"ods":[],"class_list":["post-291353","post","type-post","status-publish","format-standard","has-post-thumbnail","hentry","category-noticias","tag-conselho-municipal-de-politica-cultural-cmpc","tag-cultura","tag-espaco-expressa"],"_links":{"self":[{"href":"https:\/\/jundiai.sp.gov.br\/noticias\/wp-json\/wp\/v2\/posts\/291353","targetHints":{"allow":["GET"]}}],"collection":[{"href":"https:\/\/jundiai.sp.gov.br\/noticias\/wp-json\/wp\/v2\/posts"}],"about":[{"href":"https:\/\/jundiai.sp.gov.br\/noticias\/wp-json\/wp\/v2\/types\/post"}],"author":[{"embeddable":true,"href":"https:\/\/jundiai.sp.gov.br\/noticias\/wp-json\/wp\/v2\/users\/14"}],"replies":[{"embeddable":true,"href":"https:\/\/jundiai.sp.gov.br\/noticias\/wp-json\/wp\/v2\/comments?post=291353"}],"version-history":[{"count":2,"href":"https:\/\/jundiai.sp.gov.br\/noticias\/wp-json\/wp\/v2\/posts\/291353\/revisions"}],"predecessor-version":[{"id":291356,"href":"https:\/\/jundiai.sp.gov.br\/noticias\/wp-json\/wp\/v2\/posts\/291353\/revisions\/291356"}],"wp:featuredmedia":[{"embeddable":true,"href":"https:\/\/jundiai.sp.gov.br\/noticias\/wp-json\/wp\/v2\/media\/291355"}],"wp:attachment":[{"href":"https:\/\/jundiai.sp.gov.br\/noticias\/wp-json\/wp\/v2\/media?parent=291353"}],"wp:term":[{"taxonomy":"category","embeddable":true,"href":"https:\/\/jundiai.sp.gov.br\/noticias\/wp-json\/wp\/v2\/categories?post=291353"},{"taxonomy":"post_tag","embeddable":true,"href":"https:\/\/jundiai.sp.gov.br\/noticias\/wp-json\/wp\/v2\/tags?post=291353"},{"taxonomy":"ods","embeddable":true,"href":"https:\/\/jundiai.sp.gov.br\/noticias\/wp-json\/wp\/v2\/ods?post=291353"}],"curies":[{"name":"wp","href":"https:\/\/api.w.org\/{rel}","templated":true}]}}