{"id":291368,"date":"2022-05-05T18:11:34","date_gmt":"2022-05-05T21:11:34","guid":{"rendered":"https:\/\/jundiai.sp.gov.br\/noticias\/?p=291368"},"modified":"2022-05-05T18:11:34","modified_gmt":"2022-05-05T21:11:34","slug":"em-reuniao-do-ciesp-hsv-convida-empresarios-para-prestacao-de-contas-do-projeto-acolha-um-quarto-conforte-vidas","status":"publish","type":"post","link":"https:\/\/jundiai.sp.gov.br\/noticias\/2022\/05\/05\/em-reuniao-do-ciesp-hsv-convida-empresarios-para-prestacao-de-contas-do-projeto-acolha-um-quarto-conforte-vidas\/","title":{"rendered":"Em reuni\u00e3o do Ciesp, HSV convida empres\u00e1rios para presta\u00e7\u00e3o de contas do projeto &#8220;Acolha um Quarto, Conforte Vidas&#8221;"},"content":{"rendered":"\n<p>Durante a reuni\u00e3o de conselho do Centro das Ind\u00fastrias do Estado de S\u00e3o Paulo (Ciesp) Jundia\u00ed, na tarde desta quinta-feira (5), o superintendente do Hospital S\u00e3o Vicente de Paulo (HSV) Matheus Gomes, convidou os empres\u00e1rios a participarem de encontro de presta\u00e7\u00e3o de contas da primeira fase do projeto &#8216;Acolha um Quarto, Conforte Vidas&#8217;, entre os anos de 2019 at\u00e9 in\u00edcio de 2022, que tamb\u00e9m acontecer\u00e1 no audit\u00f3rio do Ciesp, no dia 1 de junho, \u00e0s 8h30. <\/p>\n\n\n\n<p>O local, que em mar\u00e7o de 2019 foi o endere\u00e7o de lan\u00e7amento do projeto, tamb\u00e9m receber\u00e1 o balan\u00e7o das a\u00e7\u00f5es resultantes da parceria entre a iniciativa privada, poder p\u00fablico e filantropia para a melhoria da qualidade ao atendimento da popula\u00e7\u00e3o no HSV. &#8220;O que foi conquistado a partir do apoio das empresas de Jundia\u00ed e com unidades no munic\u00edpio revolucionou a estrutura do pr\u00e9dio centen\u00e1rio. Hoje, dos 71 quartos, 33 est\u00e3o revitalizados, oferecendo maior conforto e qualidade para os pacientes&#8221;, agradeceu o superintendente do hospital. &#8220;No dia 1 \u00ba ser\u00e1 apresentado o balan\u00e7o e gostar\u00edamos de contar com a participa\u00e7\u00e3o do empresariado, novamente&#8221;, comentou.<\/p>\n\n\n\n<p>De acordo com o diretor presidente do Ciesp Jundia\u00ed, Marcelo Cereser, a iniciativa \u00e9 nobre. &#8220;Quando foi iniciado, ainda em 2019, n\u00e3o t\u00ednhamos a real no\u00e7\u00e3o da dimens\u00e3o que o projeto tomaria. \u00c9 uma a\u00e7\u00e3o muito necess\u00e1ria&#8221;, comentou. <\/p>\n\n\n\n<figure class=\"wp-block-image size-full\"><img loading=\"lazy\" decoding=\"async\" width=\"1280\" height=\"720\" src=\"https:\/\/jundiai.sp.gov.br\/noticias\/wp-content\/uploads\/sites\/32\/2022\/05\/ciesp1.jpeg\" alt=\"\" class=\"wp-image-291489\" srcset=\"https:\/\/jundiai.sp.gov.br\/noticias\/wp-content\/uploads\/sites\/32\/2022\/05\/ciesp1.jpeg 1280w, https:\/\/jundiai.sp.gov.br\/noticias\/wp-content\/uploads\/sites\/32\/2022\/05\/ciesp1-300x169.jpeg 300w, https:\/\/jundiai.sp.gov.br\/noticias\/wp-content\/uploads\/sites\/32\/2022\/05\/ciesp1-768x432.jpeg 768w\" sizes=\"auto, (max-width: 1280px) 100vw, 1280px\" \/><figcaption>Em reuni\u00e3o h\u00edbrida, superintendente Matheus Gomes convidou empres\u00e1rios conselheiros do Ciesp para participar de presta\u00e7\u00e3o de contas<\/figcaption><\/figure>\n\n\n\n<p>Todo o balan\u00e7o das a\u00e7\u00f5es realizadas ao longo dos meses ser\u00e1 detalhadamente explicado para os participantes do encontro. O projeto, que conta com a articula\u00e7\u00e3o da Rede Jundia\u00ed de Coopera\u00e7\u00e3o, ligada \u00e0 Unidade de Gest\u00e3o de Governo e Finan\u00e7as (UGGF), tamb\u00e9m alcan\u00e7a nova fase, com a meta de concluir os demais quartos que restam para a total revitaliza\u00e7\u00e3o da \u00e1rea denominada hotelaria hospitalar. <\/p>\n\n\n\n<p>&#8220;A participa\u00e7\u00e3o da sociedade civil foi fundamental para a realiza\u00e7\u00e3o das obras necess\u00e1rias para o conforto e qualidade do espa\u00e7o para os usu\u00e1rios e para os profissionais. A jun\u00e7\u00e3o dos elos da sociedade, a partir da articula\u00e7\u00e3o do poder p\u00fablico pela Rede Jundia\u00ed de Coopera\u00e7\u00e3o, proporcionaram \u00e0 cidade estrutura para superar os piores per\u00edodos da pandemia&#8221;, enaltece o prefeito Luiz Fernando Machado. <\/p>\n\n\n\n<p>Interessados em conhecer mais sobre o projeto podem entrar em contato com o Hospital S\u00e3o Vicente pelo e-mail: acolhaumquarto@hsvicente.org.br, ou pelo site: http:\/\/hsvicente.org.br\/acolha-um-quarto-conforte-vidas e, tamb\u00e9m, com a Rede Jundia\u00ed de Coopera\u00e7\u00e3o, no https:\/\/jundiai.sp.gov.br\/redecooperacao ou 4589-8602.<\/p>\n\n\n\n<p><strong>Assessoria de Imprensa<\/strong><\/p>\n","protected":false},"excerpt":{"rendered":"<p>Durante a reuni\u00e3o de conselho do Centro das Ind\u00fastrias do Estado de S\u00e3o Paulo (Ciesp) Jundia\u00ed, na tarde desta quinta-feira (5), o superintendente do Hospital S\u00e3o Vicente de Paulo (HSV) Matheus Gomes, convidou os empres\u00e1rios a participarem de encontro de presta\u00e7\u00e3o de contas da primeira fase do projeto &#8216;Acolha um Quarto, Conforte Vidas&#8217;, entre os [&hellip;]<\/p>\n","protected":false},"author":39,"featured_media":291489,"comment_status":"closed","ping_status":"closed","sticky":false,"template":"","format":"standard","meta":{"footnotes":""},"categories":[2],"tags":[1155,983,321],"ods":[],"class_list":["post-291368","post","type-post","status-publish","format-standard","has-post-thumbnail","hentry","category-noticias","tag-acolha-um-quarto-conforte-vidas","tag-governo-e-financas","tag-hospital-de-caridade-sao-vicente-de-paulo"],"_links":{"self":[{"href":"https:\/\/jundiai.sp.gov.br\/noticias\/wp-json\/wp\/v2\/posts\/291368","targetHints":{"allow":["GET"]}}],"collection":[{"href":"https:\/\/jundiai.sp.gov.br\/noticias\/wp-json\/wp\/v2\/posts"}],"about":[{"href":"https:\/\/jundiai.sp.gov.br\/noticias\/wp-json\/wp\/v2\/types\/post"}],"author":[{"embeddable":true,"href":"https:\/\/jundiai.sp.gov.br\/noticias\/wp-json\/wp\/v2\/users\/39"}],"replies":[{"embeddable":true,"href":"https:\/\/jundiai.sp.gov.br\/noticias\/wp-json\/wp\/v2\/comments?post=291368"}],"version-history":[{"count":12,"href":"https:\/\/jundiai.sp.gov.br\/noticias\/wp-json\/wp\/v2\/posts\/291368\/revisions"}],"predecessor-version":[{"id":291490,"href":"https:\/\/jundiai.sp.gov.br\/noticias\/wp-json\/wp\/v2\/posts\/291368\/revisions\/291490"}],"wp:featuredmedia":[{"embeddable":true,"href":"https:\/\/jundiai.sp.gov.br\/noticias\/wp-json\/wp\/v2\/media\/291489"}],"wp:attachment":[{"href":"https:\/\/jundiai.sp.gov.br\/noticias\/wp-json\/wp\/v2\/media?parent=291368"}],"wp:term":[{"taxonomy":"category","embeddable":true,"href":"https:\/\/jundiai.sp.gov.br\/noticias\/wp-json\/wp\/v2\/categories?post=291368"},{"taxonomy":"post_tag","embeddable":true,"href":"https:\/\/jundiai.sp.gov.br\/noticias\/wp-json\/wp\/v2\/tags?post=291368"},{"taxonomy":"ods","embeddable":true,"href":"https:\/\/jundiai.sp.gov.br\/noticias\/wp-json\/wp\/v2\/ods?post=291368"}],"curies":[{"name":"wp","href":"https:\/\/api.w.org\/{rel}","templated":true}]}}