{"id":291628,"date":"2022-05-07T18:06:31","date_gmt":"2022-05-07T21:06:31","guid":{"rendered":"https:\/\/jundiai.sp.gov.br\/noticias\/?p=291628"},"modified":"2022-05-09T09:10:23","modified_gmt":"2022-05-09T12:10:23","slug":"animacao-e-expectativa-marcam-a-retomada-do-baile-dos-idosos-do-criju","status":"publish","type":"post","link":"https:\/\/jundiai.sp.gov.br\/noticias\/2022\/05\/07\/animacao-e-expectativa-marcam-a-retomada-do-baile-dos-idosos-do-criju\/","title":{"rendered":"Anima\u00e7\u00e3o e expectativa marcam a retomada do Baile dos Idosos do Criju"},"content":{"rendered":"\n<p>Muita anima\u00e7\u00e3o e expectativa por parte dos participantes marcaram a retomada, na tarde deste s\u00e1bado (7) do tradicional Baile dos Idosos no Criju, equipamento vinculado \u00e0 Unidade de Gest\u00e3o de Assist\u00eancia e Desenvolvimento Social (UGADS) e que agora se chama Centro de Conviv\u00eancia do Idoso (CCI) Argos. <\/p>\n\n\n\n<p>A iniciativa p\u00f3s-pandemia faz parte do processo de reabertura do espa\u00e7o voltado para o p\u00fablico idoso, cuja grade de atividades e oficinas gratuitas encontra-se em processo de formata\u00e7\u00e3o e ser\u00e1 divulgada pela Prefeitura em breve.<\/p>\n\n\n\n<p>A intera\u00e7\u00e3o entre os participantes foi o que H\u00e9lio Pereira dos Santos, de 75 anos, mais estava com saudade. &#8220;Sentimos muita falta do baile nesses dois anos de paralisa\u00e7\u00e3o. Aqui temos contato com pessoas da nossa idade e todos falam a mesma l\u00edngua, por isso \u00e9 sempre muito divertido. Poder retornar no dia de hoje foi realmente emocionante&#8221;, comenta.<\/p>\n\n\n\n<figure class=\"wp-block-image size-full is-resized\"><img loading=\"lazy\" decoding=\"async\" src=\"https:\/\/jundiai.sp.gov.br\/noticias\/wp-content\/uploads\/sites\/32\/2022\/05\/baile-3a-idade-no-criju_c_-12.jpg\" alt=\"Idosa de camisa vermelha e idoso de camisa azul, sentados e abra\u00e7ados durante o baile do Crijun\" class=\"wp-image-291630\" width=\"989\" height=\"658\" srcset=\"https:\/\/jundiai.sp.gov.br\/noticias\/wp-content\/uploads\/sites\/32\/2022\/05\/baile-3a-idade-no-criju_c_-12.jpg 1169w, https:\/\/jundiai.sp.gov.br\/noticias\/wp-content\/uploads\/sites\/32\/2022\/05\/baile-3a-idade-no-criju_c_-12-300x200.jpg 300w, https:\/\/jundiai.sp.gov.br\/noticias\/wp-content\/uploads\/sites\/32\/2022\/05\/baile-3a-idade-no-criju_c_-12-768x511.jpg 768w, https:\/\/jundiai.sp.gov.br\/noticias\/wp-content\/uploads\/sites\/32\/2022\/05\/baile-3a-idade-no-criju_c_-12-450x300.jpg 450w\" sizes=\"auto, (max-width: 989px) 100vw, 989px\" \/><figcaption>Maria do Carmo e H\u00e9lio Pereira estavam bastante animados em poder retornar aos bailes<\/figcaption><\/figure>\n\n\n\n<p>J\u00e1 Maria do Carmo dos Santos, de 76 anos, relatou todos os cuidados que teve de tomar durante a pandemia. &#8220;Minha fam\u00edlia, principalmente minha neta, sempre dizia para eu n\u00e3o sair de casa, sequer andar na rua ou na cal\u00e7ada. Mas agora com todas as doses da vacina estamos bem mais seguros para voltar a frequentar o baile&#8221;, relata. <\/p>\n\n\n\n<p>A m\u00fasica ao vivo animou o espa\u00e7o, das 13h at\u00e9 as 17h, e ficou por conta de Toninho Clareti, eleito como m\u00fasico favorito dos idosos que h\u00e1 anos frequentam o local. \u201cEra um momento muito aguardado e desejado pelos idosos que frequentavam o local antes da pandemia\u201d, comentou a coordenadora, Maria Sueli Hespanhol.<\/p>\n\n\n\n<figure class=\"wp-block-image size-full is-resized\"><img loading=\"lazy\" decoding=\"async\" src=\"https:\/\/jundiai.sp.gov.br\/noticias\/wp-content\/uploads\/sites\/32\/2022\/05\/baile-3a-idade-no-criju_c_-3.jpg\" alt=\"Foto ilustra o m\u00fasico tocando e cantando, de camisa amarela e em cima do palco, enquanto os idosos dan\u00e7am na pista\" class=\"wp-image-291632\" width=\"989\" height=\"659\" srcset=\"https:\/\/jundiai.sp.gov.br\/noticias\/wp-content\/uploads\/sites\/32\/2022\/05\/baile-3a-idade-no-criju_c_-3.jpg 1280w, https:\/\/jundiai.sp.gov.br\/noticias\/wp-content\/uploads\/sites\/32\/2022\/05\/baile-3a-idade-no-criju_c_-3-300x200.jpg 300w, https:\/\/jundiai.sp.gov.br\/noticias\/wp-content\/uploads\/sites\/32\/2022\/05\/baile-3a-idade-no-criju_c_-3-768x512.jpg 768w, https:\/\/jundiai.sp.gov.br\/noticias\/wp-content\/uploads\/sites\/32\/2022\/05\/baile-3a-idade-no-criju_c_-3-450x300.jpg 450w\" sizes=\"auto, (max-width: 989px) 100vw, 989px\" \/><figcaption>O m\u00fasico Toninho Clareti foi o escolhido para animar a festa<\/figcaption><\/figure>\n\n\n\n<p>S\u00f3 podem participar do Baile os idosos que possuem a carteirinha de s\u00f3cio do local. Para fazer a carteirinha \u00e9 necess\u00e1rio ter mais de 60 anos, residir em Jundia\u00ed e, para a inscri\u00e7\u00e3o, devem ir pessoalmente ao equipamento munidos de CPF, RG, duas fotos 3\u00d74 recentes, comprovante de resid\u00eancia, carteirinha da Unidade B\u00e1sica de Sa\u00fade (UBS) e, se tiver, tamb\u00e9m o n\u00famero do NIS (emitido pelo Cadastro \u00danico).<\/p>\n\n\n\n<p>O CCI Argos fica na avenida Dr. Cavalcanti, 396, dentro do Complexo Argos. Mais informa\u00e7\u00f5es pelo telefone 4587-4664.<\/p>\n\n\n\n<p><strong>Assessoria de Imprens<\/strong>a<br><strong>Fotos: Fot\u00f3grafos PMJ<\/strong><\/p>\n","protected":false},"excerpt":{"rendered":"<p>Muita anima\u00e7\u00e3o e expectativa por parte dos participantes marcaram a retomada, na tarde deste s\u00e1bado (7) do tradicional Baile dos Idosos no Criju, equipamento vinculado \u00e0 Unidade de Gest\u00e3o de Assist\u00eancia e Desenvolvimento Social (UGADS) e que agora se chama Centro de Conviv\u00eancia do Idoso (CCI) Argos. A iniciativa p\u00f3s-pandemia faz parte do processo de [&hellip;]<\/p>\n","protected":false},"author":79,"featured_media":291632,"comment_status":"closed","ping_status":"closed","sticky":false,"template":"","format":"standard","meta":{"footnotes":""},"categories":[2],"tags":[980,3002,53,419,399,2964],"ods":[],"class_list":["post-291628","post","type-post","status-publish","format-standard","has-post-thumbnail","hentry","category-noticias","tag-assistencia-e-desenvolvimento-social","tag-baile","tag-centro-de-referencia-do-idoso-criju","tag-complexo-argos","tag-musica","tag-vila-argos"],"_links":{"self":[{"href":"https:\/\/jundiai.sp.gov.br\/noticias\/wp-json\/wp\/v2\/posts\/291628","targetHints":{"allow":["GET"]}}],"collection":[{"href":"https:\/\/jundiai.sp.gov.br\/noticias\/wp-json\/wp\/v2\/posts"}],"about":[{"href":"https:\/\/jundiai.sp.gov.br\/noticias\/wp-json\/wp\/v2\/types\/post"}],"author":[{"embeddable":true,"href":"https:\/\/jundiai.sp.gov.br\/noticias\/wp-json\/wp\/v2\/users\/79"}],"replies":[{"embeddable":true,"href":"https:\/\/jundiai.sp.gov.br\/noticias\/wp-json\/wp\/v2\/comments?post=291628"}],"version-history":[{"count":5,"href":"https:\/\/jundiai.sp.gov.br\/noticias\/wp-json\/wp\/v2\/posts\/291628\/revisions"}],"predecessor-version":[{"id":291696,"href":"https:\/\/jundiai.sp.gov.br\/noticias\/wp-json\/wp\/v2\/posts\/291628\/revisions\/291696"}],"wp:featuredmedia":[{"embeddable":true,"href":"https:\/\/jundiai.sp.gov.br\/noticias\/wp-json\/wp\/v2\/media\/291632"}],"wp:attachment":[{"href":"https:\/\/jundiai.sp.gov.br\/noticias\/wp-json\/wp\/v2\/media?parent=291628"}],"wp:term":[{"taxonomy":"category","embeddable":true,"href":"https:\/\/jundiai.sp.gov.br\/noticias\/wp-json\/wp\/v2\/categories?post=291628"},{"taxonomy":"post_tag","embeddable":true,"href":"https:\/\/jundiai.sp.gov.br\/noticias\/wp-json\/wp\/v2\/tags?post=291628"},{"taxonomy":"ods","embeddable":true,"href":"https:\/\/jundiai.sp.gov.br\/noticias\/wp-json\/wp\/v2\/ods?post=291628"}],"curies":[{"name":"wp","href":"https:\/\/api.w.org\/{rel}","templated":true}]}}