{"id":291749,"date":"2022-05-10T10:08:00","date_gmt":"2022-05-10T13:08:00","guid":{"rendered":"https:\/\/jundiai.sp.gov.br\/noticias\/?p=291749"},"modified":"2022-05-09T16:15:15","modified_gmt":"2022-05-09T19:15:15","slug":"fundo-social-abrira-pre-inscricao-para-curso-inedito-na-area-da-beleza-e-estetica","status":"publish","type":"post","link":"https:\/\/jundiai.sp.gov.br\/noticias\/2022\/05\/10\/fundo-social-abrira-pre-inscricao-para-curso-inedito-na-area-da-beleza-e-estetica\/","title":{"rendered":"Fundo Social abrir\u00e1 pr\u00e9-inscri\u00e7\u00e3o para curso in\u00e9dito na \u00e1rea da beleza e est\u00e9tica"},"content":{"rendered":"\n<p>O Fundo Social de Solidariedade de Jundia\u00ed (Funss) abrir\u00e1, nesta quarta-feira (11), \u00e0s 9h, a pr\u00e9-inscri\u00e7\u00e3o on-line do curso presencial de \u2018Alongamento de c\u00edlios\u2019. Realizada pela primeira\u00a0vez, na\u00a0unidade, a capacita\u00e7\u00e3o gratuita \u00e9 fruto de uma parceria com o Sebrae e o Senac Jundia\u00ed, atendendo \u00e0 demanda dos profissionais que j\u00e1 atuam ou desejam ingressar no mercado da Beleza e Est\u00e9tica.<\/p>\n\n\n\n<p>No total, ser\u00e3o oferecidas 10 vagas para homens e mulheres com idade m\u00ednima de 18 anos, Ensino Fundamental completo e residentes em Jundia\u00ed. Os interessados dever\u00e3o acessar o link descrito abaixo, no entanto, o envio do formul\u00e1rio \u00e9 considerado como inten\u00e7\u00e3o de participa\u00e7\u00e3o e, por isso, n\u00e3o garante o preenchimento da vaga. O crit\u00e9rio de sele\u00e7\u00e3o e forma\u00e7\u00e3o turma \u00e9 a ordem de envio destas informa\u00e7\u00f5es, que considera hora, minuto e segundo. Dados detalhados ser\u00e3o repassados por meio do contato de WhatsApp informado no ato da pr\u00e9-inscri\u00e7\u00e3o apenas aos alunos contemplados com a vaga. As fichas n\u00e3o contempladas est\u00e3o, automaticamente, na lista de espera e poder\u00e3o ser convocadas em caso de desist\u00eancia.<\/p>\n\n\n\n<p>Confira o cronograma:<\/p>\n\n\n\n<p><strong>Curso: Alongamento de c\u00edlios\u2019<\/strong><\/p>\n\n\n\n<p><strong>Parceiros: Sebrae e Senac Jundia\u00ed<\/strong><\/p>\n\n\n\n<p>Idade: 18 anos<\/p>\n\n\n\n<p>In\u00edcio: 06\/06\/2022&nbsp;<\/p>\n\n\n\n<p>T\u00e9rmino: 29\/06\/2022<\/p>\n\n\n\n<p>Dias: segunda a quarta-feira<\/p>\n\n\n\n<p>Hor\u00e1rio: 13h \u00e0s 17h<\/p>\n\n\n\n<p>Local: Fundo Social<\/p>\n\n\n\n<p>Vagas: 10 vagas<\/p>\n\n\n\n<p>Link para inscri\u00e7\u00e3o:&nbsp;<a href=\"https:\/\/forms.gle\/vw7zA66Z1DotDHJS8\" target=\"_blank\" rel=\"noreferrer noopener\">https:\/\/forms.gle\/vw7zA66Z1DotDHJS8<\/a><\/p>\n\n\n\n<p>Calend\u00e1rio de aulas:<\/p>\n\n\n\n<p>&#8211; Aulas t\u00e9cnicas de Alongamento de c\u00edlios: 06\/06\/22 a 27\/06\/22 (segunda, ter\u00e7a e quarta-feira).<\/p>\n\n\n\n<p>&#8211; Aulas te\u00f3ricas de Gest\u00e3o e Empreendedorismo: 28 e 29\/06\/22 (ter\u00e7a e quarta-feira).<\/p>\n\n\n\n<p>Os encontros ser\u00e3o realizados na sede do Fundo Social, dentro do Parque da Uva. O acesso \u00e9 pela avenida Dona Manoela Lacerda de Vergueiro, s\/n, port\u00e3o 03, bairro Anhangaba\u00fa. O funcionamento da unidade \u00e9 de segunda a sexta-feira, das 8h \u00e0s 17h, exceto feriados. Informa\u00e7\u00f5es pelos telefones (11) 4589-6319, 4589-6320, 4589-6322.<\/p>\n\n\n\n<p><strong>Assessoria de Imprensa<\/strong><\/p>\n\n\n\n<p><strong>Foto: Fot\u00f3grafo PMJ<\/strong><\/p>\n","protected":false},"excerpt":{"rendered":"<p>O Fundo Social de Solidariedade de Jundia\u00ed (Funss) abrir\u00e1, nesta quarta-feira (11), \u00e0s 9h, a pr\u00e9-inscri\u00e7\u00e3o on-line do curso presencial de \u2018Alongamento de c\u00edlios\u2019. Realizada pela primeira\u00a0vez, na\u00a0unidade, a capacita\u00e7\u00e3o gratuita \u00e9 fruto de uma parceria com o Sebrae e o Senac Jundia\u00ed, atendendo \u00e0 demanda dos profissionais que j\u00e1 atuam ou desejam ingressar no [&hellip;]<\/p>\n","protected":false},"author":49,"featured_media":291750,"comment_status":"closed","ping_status":"closed","sticky":false,"template":"","format":"standard","meta":{"footnotes":""},"categories":[2],"tags":[1039,416],"ods":[],"class_list":["post-291749","post","type-post","status-publish","format-standard","has-post-thumbnail","hentry","category-noticias","tag-cursos-funss","tag-fundo-social-de-solidariedade-funss"],"_links":{"self":[{"href":"https:\/\/jundiai.sp.gov.br\/noticias\/wp-json\/wp\/v2\/posts\/291749","targetHints":{"allow":["GET"]}}],"collection":[{"href":"https:\/\/jundiai.sp.gov.br\/noticias\/wp-json\/wp\/v2\/posts"}],"about":[{"href":"https:\/\/jundiai.sp.gov.br\/noticias\/wp-json\/wp\/v2\/types\/post"}],"author":[{"embeddable":true,"href":"https:\/\/jundiai.sp.gov.br\/noticias\/wp-json\/wp\/v2\/users\/49"}],"replies":[{"embeddable":true,"href":"https:\/\/jundiai.sp.gov.br\/noticias\/wp-json\/wp\/v2\/comments?post=291749"}],"version-history":[{"count":2,"href":"https:\/\/jundiai.sp.gov.br\/noticias\/wp-json\/wp\/v2\/posts\/291749\/revisions"}],"predecessor-version":[{"id":291752,"href":"https:\/\/jundiai.sp.gov.br\/noticias\/wp-json\/wp\/v2\/posts\/291749\/revisions\/291752"}],"wp:featuredmedia":[{"embeddable":true,"href":"https:\/\/jundiai.sp.gov.br\/noticias\/wp-json\/wp\/v2\/media\/291750"}],"wp:attachment":[{"href":"https:\/\/jundiai.sp.gov.br\/noticias\/wp-json\/wp\/v2\/media?parent=291749"}],"wp:term":[{"taxonomy":"category","embeddable":true,"href":"https:\/\/jundiai.sp.gov.br\/noticias\/wp-json\/wp\/v2\/categories?post=291749"},{"taxonomy":"post_tag","embeddable":true,"href":"https:\/\/jundiai.sp.gov.br\/noticias\/wp-json\/wp\/v2\/tags?post=291749"},{"taxonomy":"ods","embeddable":true,"href":"https:\/\/jundiai.sp.gov.br\/noticias\/wp-json\/wp\/v2\/ods?post=291749"}],"curies":[{"name":"wp","href":"https:\/\/api.w.org\/{rel}","templated":true}]}}