{"id":292039,"date":"2022-05-12T13:50:21","date_gmt":"2022-05-12T16:50:21","guid":{"rendered":"https:\/\/jundiai.sp.gov.br\/noticias\/?p=292039"},"modified":"2022-05-13T09:03:46","modified_gmt":"2022-05-13T12:03:46","slug":"espaco-jundiai-empreendedora-recebe-palestra-sobre-negocios-internacionais","status":"publish","type":"post","link":"https:\/\/jundiai.sp.gov.br\/noticias\/2022\/05\/12\/espaco-jundiai-empreendedora-recebe-palestra-sobre-negocios-internacionais\/","title":{"rendered":"Espa\u00e7o Jundia\u00ed Empreendedora recebe palestra sobre neg\u00f3cios internacionais"},"content":{"rendered":"\n<p>O papel e a import\u00e2ncia das empresas comerciais exportadoras e as vantagens e benef\u00edcios da exporta\u00e7\u00e3o indireta foram assuntos abordados na palestra \u201cComercial Exportadora: sua parceria estrat\u00e9gica para os neg\u00f3cios internacionais\u201d, promovida pelo programa Exporta + Jundia\u00ed, da Prefeitura de Jundia\u00ed. O encontro aconteceu no Espa\u00e7o Jundia\u00ed Empreendedora e reuniu profissionais de diversas empresas da cidade.<\/p>\n\n\n\n<p>O evento aconteceu com o apoio do Conselho Brasileiro das Empresas Comerciais Importadoras e Exportadoras (CECIEX).<\/p>\n\n\n\n<p>O assessor especial de Coopera\u00e7\u00e3o Internacional da Prefeitura de Jundia\u00ed, Sami Mansour, abriu o encontro apresentando o programa Jundia\u00ed Empreendedora e falando do Exporta mais.<\/p>\n\n\n\n<p>\u201cO mercado externo tem sido uma grande sa\u00edda para diversos empres\u00e1rios. Devido a dificuldades encontradas no processo, muitos empres\u00e1rios deixam de exportar. Visando dar suporte a esses empreendedores, foi criado o Balc\u00e3o do Exporta + Jundia\u00ed\u201d, explicou.<\/p>\n\n\n\n<figure class=\"wp-block-image size-full\"><img loading=\"lazy\" decoding=\"async\" width=\"1280\" height=\"853\" src=\"https:\/\/jundiai.sp.gov.br\/noticias\/wp-content\/uploads\/sites\/32\/2022\/05\/palestra-exporta-mais_jundiai-empreendedora-37.jpg\" alt=\"\" class=\"wp-image-292052\" srcset=\"https:\/\/jundiai.sp.gov.br\/noticias\/wp-content\/uploads\/sites\/32\/2022\/05\/palestra-exporta-mais_jundiai-empreendedora-37.jpg 1280w, https:\/\/jundiai.sp.gov.br\/noticias\/wp-content\/uploads\/sites\/32\/2022\/05\/palestra-exporta-mais_jundiai-empreendedora-37-300x200.jpg 300w, https:\/\/jundiai.sp.gov.br\/noticias\/wp-content\/uploads\/sites\/32\/2022\/05\/palestra-exporta-mais_jundiai-empreendedora-37-768x512.jpg 768w, https:\/\/jundiai.sp.gov.br\/noticias\/wp-content\/uploads\/sites\/32\/2022\/05\/palestra-exporta-mais_jundiai-empreendedora-37-450x300.jpg 450w\" sizes=\"auto, (max-width: 1280px) 100vw, 1280px\" \/><figcaption>Damaris foi a palestrante no Espa\u00e7o Jundia\u00ed Empreendedora<\/figcaption><\/figure>\n\n\n\n<p>A palestra foi ministrada pela presidente do CECIEX, Damaris Eugenia Avila da Costa. Ela \u00e9 membro da Associa\u00e7\u00e3o Comercial de S\u00e3o Paulo (ACSP), p\u00f3s graduada em marketing, com especializa\u00e7\u00e3o em marketing internacional e atua com com\u00e9rcio exterior desde 1979, na promo\u00e7\u00e3o comercial e abertura de novos mercados, com foco no continente africano e oriente m\u00e9dio.<\/p>\n\n\n\n<p>\u201cO encontro em Jundia\u00ed foi excelente. Um evento que agrega muito. Tivemos aqui muitos participantes interessados e sendo preparados para trabalhar o mercado externo. \u00c9 muito salutar trazer informa\u00e7\u00e3o que eles podem operar tanto para importar quanto para exportar atrav\u00e9s de parceiros comerciais.&nbsp; Quem j\u00e1 exporta tamb\u00e9m pode expandir atrav\u00e9s de parceiros comerciais\u201d, explicou.<\/p>\n\n\n\n<figure class=\"wp-block-image size-full\"><img loading=\"lazy\" decoding=\"async\" width=\"1280\" height=\"853\" src=\"https:\/\/jundiai.sp.gov.br\/noticias\/wp-content\/uploads\/sites\/32\/2022\/05\/palestra-exporta-mais_jundiai-empreendedora-10.jpg\" alt=\"\" class=\"wp-image-292054\" srcset=\"https:\/\/jundiai.sp.gov.br\/noticias\/wp-content\/uploads\/sites\/32\/2022\/05\/palestra-exporta-mais_jundiai-empreendedora-10.jpg 1280w, https:\/\/jundiai.sp.gov.br\/noticias\/wp-content\/uploads\/sites\/32\/2022\/05\/palestra-exporta-mais_jundiai-empreendedora-10-300x200.jpg 300w, https:\/\/jundiai.sp.gov.br\/noticias\/wp-content\/uploads\/sites\/32\/2022\/05\/palestra-exporta-mais_jundiai-empreendedora-10-768x512.jpg 768w, https:\/\/jundiai.sp.gov.br\/noticias\/wp-content\/uploads\/sites\/32\/2022\/05\/palestra-exporta-mais_jundiai-empreendedora-10-450x300.jpg 450w\" sizes=\"auto, (max-width: 1280px) 100vw, 1280px\" \/><figcaption>Sami Mansour apresentou o programa Jundia\u00ed Empreendedora<\/figcaption><\/figure>\n\n\n\n<p>Segundo Luciana Bortolini, coordenadora de exporta\u00e7\u00e3o da empresa Maval\u00e9rio, o encontrou atendeu a expectativa. \u201cMuito bom fazer reciclagem e ter informa\u00e7\u00e3o sobre esse assunto que \u00e9 de interesse de toda a cadeia produtiva da cidade.\u201d<\/p>\n\n\n\n<p>Para Renato Masini, diretor da empresa Quinta Semente, a palestra agregou muito para todos. \u201cFoi muito positivo, uma grande contribui\u00e7\u00e3o para uma empresa como nossa que est\u00e1 em est\u00e1gio inicial de trabalho com o mercado externo, nos d\u00e1 mais \u00e2nimo para exportar. A palestra agrega muito e desmitifica o fato que exportar \u00e9 complicado. Agradecemos a Prefeitura pela iniciativa.\u201d<\/p>\n\n\n\n<p><strong>Exporta Mais<\/strong><\/p>\n\n\n\n<p>Os atendimentos do programa s\u00e3o gratuitos e realizados no Espa\u00e7o Jundia\u00ed Empreendedora, o agendamento deve ser realizado no site e \u00e9 coordenado pela Assessora de Coopera\u00e7\u00e3o Internacional Ligia Contursi Eboli. Maiores informa\u00e7\u00f5es pelo (11) 4589-8901 ou leboli@jundiai.sp.gov.br<\/p>\n\n\n\n<p>O Exporta + Jundia\u00ed \u00e9 um projeto criado em 2017 para internacionalizar a cidade e fomentar a exporta\u00e7\u00e3o. O p\u00fablico alvo das a\u00e7\u00f5es n\u00e3o s\u00e3o apenas pequenas e m\u00e9dias empresas, produtores rurais ou aut\u00f4nomos, mas sim toda cadeia produtiva da cidade.<\/p>\n\n\n\n<p><strong>Assessoria de Imprensa<br>Foto: Fot\u00f3grafos PMJ<\/strong><\/p>\n","protected":false},"excerpt":{"rendered":"<p>O papel e a import\u00e2ncia das empresas comerciais exportadoras e as vantagens e benef\u00edcios da exporta\u00e7\u00e3o indireta foram assuntos abordados na palestra \u201cComercial Exportadora: sua parceria estrat\u00e9gica para os neg\u00f3cios internacionais\u201d, promovida pelo programa Exporta + Jundia\u00ed, da Prefeitura de Jundia\u00ed. O encontro aconteceu no Espa\u00e7o Jundia\u00ed Empreendedora e reuniu profissionais de diversas empresas da [&hellip;]<\/p>\n","protected":false},"author":81,"featured_media":292054,"comment_status":"closed","ping_status":"closed","sticky":false,"template":"","format":"standard","meta":{"footnotes":""},"categories":[2],"tags":[365,3033,1527,1192],"ods":[],"class_list":["post-292039","post","type-post","status-publish","format-standard","has-post-thumbnail","hentry","category-noticias","tag-desenvolvimento-economico-ciencia-e-tecnologia","tag-exporta-mais","tag-jundiai-empreendedora","tag-ugdect"],"_links":{"self":[{"href":"https:\/\/jundiai.sp.gov.br\/noticias\/wp-json\/wp\/v2\/posts\/292039","targetHints":{"allow":["GET"]}}],"collection":[{"href":"https:\/\/jundiai.sp.gov.br\/noticias\/wp-json\/wp\/v2\/posts"}],"about":[{"href":"https:\/\/jundiai.sp.gov.br\/noticias\/wp-json\/wp\/v2\/types\/post"}],"author":[{"embeddable":true,"href":"https:\/\/jundiai.sp.gov.br\/noticias\/wp-json\/wp\/v2\/users\/81"}],"replies":[{"embeddable":true,"href":"https:\/\/jundiai.sp.gov.br\/noticias\/wp-json\/wp\/v2\/comments?post=292039"}],"version-history":[{"count":3,"href":"https:\/\/jundiai.sp.gov.br\/noticias\/wp-json\/wp\/v2\/posts\/292039\/revisions"}],"predecessor-version":[{"id":292123,"href":"https:\/\/jundiai.sp.gov.br\/noticias\/wp-json\/wp\/v2\/posts\/292039\/revisions\/292123"}],"wp:featuredmedia":[{"embeddable":true,"href":"https:\/\/jundiai.sp.gov.br\/noticias\/wp-json\/wp\/v2\/media\/292054"}],"wp:attachment":[{"href":"https:\/\/jundiai.sp.gov.br\/noticias\/wp-json\/wp\/v2\/media?parent=292039"}],"wp:term":[{"taxonomy":"category","embeddable":true,"href":"https:\/\/jundiai.sp.gov.br\/noticias\/wp-json\/wp\/v2\/categories?post=292039"},{"taxonomy":"post_tag","embeddable":true,"href":"https:\/\/jundiai.sp.gov.br\/noticias\/wp-json\/wp\/v2\/tags?post=292039"},{"taxonomy":"ods","embeddable":true,"href":"https:\/\/jundiai.sp.gov.br\/noticias\/wp-json\/wp\/v2\/ods?post=292039"}],"curies":[{"name":"wp","href":"https:\/\/api.w.org\/{rel}","templated":true}]}}