{"id":292042,"date":"2022-05-12T13:55:44","date_gmt":"2022-05-12T16:55:44","guid":{"rendered":"https:\/\/jundiai.sp.gov.br\/noticias\/?p=292042"},"modified":"2022-05-16T16:25:40","modified_gmt":"2022-05-16T19:25:40","slug":"com-workshop-gratuito-sobre-cinema-cultura-da-inicio-a-programacao-do-3o-festival-de-curtas-metragens","status":"publish","type":"post","link":"https:\/\/jundiai.sp.gov.br\/noticias\/2022\/05\/12\/com-workshop-gratuito-sobre-cinema-cultura-da-inicio-a-programacao-do-3o-festival-de-curtas-metragens\/","title":{"rendered":"Com workshop gratuito sobre Cinema, Cultura d\u00e1 in\u00edcio \u00e0 programa\u00e7\u00e3o do 3\u00ba Festival de Curtas-Metragens"},"content":{"rendered":"\n<p>O workshop gratuito sobre \u201cCinema para principiantes\u201d, realizado na noite dessa quarta-feira (11), a Unidade de Gest\u00e3o de Cultura (UGC), em parceria com a C\u00e2mara Setorial do Audiovisual e Cultura Digital do Conselho Municipal de Pol\u00edtica Cultural (CMPC), deu in\u00edcio \u00e0 programa\u00e7\u00e3o do <a href=\"https:\/\/cultura.jundiai.sp.gov.br\/festivaldecurtas\/\" target=\"_blank\" rel=\"noreferrer noopener\">3\u00ba Festival de Curtas-Metragens<\/a>, que este ano voltou a ser realizado presencialmente. A atividade inaugural foi realizada no Centro Comunit\u00e1rio da Vila Hortol\u00e2ndia e contou com a media\u00e7\u00e3o de L\u00edgia Ballas.<\/p>\n\n\n\n<p>\u201c\u00c9 muito significativo ver como o Festival de Curtas-Metragens, que surgiu de uma demanda da sociedade, a partir da C\u00e2mara de Audiovisual e Cultura Digital, tem crescido em ades\u00e3o, qualidade e visibilidade ao longo destes anos. E ainda mais por iniciarmos esta programa\u00e7\u00e3o no centro comunit\u00e1rio de um bairro que tem um cine clube e que, portanto, se organiza para promover esta linguagem art\u00edstica\u201d, comemorou o diretor de Cultura da UGC, Jo\u00e3o Carlos De Luca.<\/p>\n\n\n\n<p>E fez ainda uma provoca\u00e7\u00e3o. \u201cEm breve a Prefeitura ir\u00e1 entregar o Centro das Artes todo revitalizado. A partir da preocupa\u00e7\u00e3o com as demandas da classe art\u00edstica, o novo projeto do espa\u00e7o ir\u00e1 contar, al\u00e9m da famosa Sala Gl\u00f3ria Rocha, com 300 lugares, com outra sala de apresenta\u00e7\u00f5es, com mais 100 lugares e com capacidade para abrigar programa\u00e7\u00e3o audiovisual. Fica aqui a provoca\u00e7\u00e3o para a sociedade, para que colabore conosco para que ali seja promovida uma programa\u00e7\u00e3o frequente\u201d.<\/p>\n\n\n\n<p>Um dos participantes foi o designer de marketing Pierre Cardoso, de 21 anos, que se inscreveu em todos os workshops da programa\u00e7\u00e3o. \u201cDecidi me inscrever para encontrar pessoas com interesses como os meus e tamb\u00e9m para ver como, nos bairros, est\u00e3o sendo desenvolvidas atividades do audiovisual. Atualmente trabalho com produ\u00e7\u00e3o de v\u00eddeos e fotos e vou abrir uma ag\u00eancia de direcionamento de artistas. E durante o workshop pude identificar refer\u00eancias sobre \u00e2ngulos e enquadramentos que, na pr\u00e1tica eu j\u00e1 executava, mas que n\u00e3o tinha conseguido pensar nos significados e sentimentos que eles traziam\u201d, comentou o morador do Terra da Uva.<\/p>\n\n\n\n<figure class=\"wp-block-image size-full\"><img loading=\"lazy\" decoding=\"async\" width=\"1280\" height=\"853\" src=\"https:\/\/jundiai.sp.gov.br\/noticias\/wp-content\/uploads\/sites\/32\/2022\/05\/abertura-festival-de-curta-metragem_cinema-para-iniciantes-38.jpg\" alt=\"\" class=\"wp-image-292046\" srcset=\"https:\/\/jundiai.sp.gov.br\/noticias\/wp-content\/uploads\/sites\/32\/2022\/05\/abertura-festival-de-curta-metragem_cinema-para-iniciantes-38.jpg 1280w, https:\/\/jundiai.sp.gov.br\/noticias\/wp-content\/uploads\/sites\/32\/2022\/05\/abertura-festival-de-curta-metragem_cinema-para-iniciantes-38-300x200.jpg 300w, https:\/\/jundiai.sp.gov.br\/noticias\/wp-content\/uploads\/sites\/32\/2022\/05\/abertura-festival-de-curta-metragem_cinema-para-iniciantes-38-768x512.jpg 768w, https:\/\/jundiai.sp.gov.br\/noticias\/wp-content\/uploads\/sites\/32\/2022\/05\/abertura-festival-de-curta-metragem_cinema-para-iniciantes-38-450x300.jpg 450w\" sizes=\"auto, (max-width: 1280px) 100vw, 1280px\" \/><figcaption>Pierre decidiu se inscrever em todos os workshops da programa\u00e7\u00e3o<\/figcaption><\/figure>\n\n\n\n<p><strong>Mais Festival<br><\/strong>A programa\u00e7\u00e3o do Festival segue at\u00e9 a pr\u00f3xima quarta-feira (18). Pela <a href=\"https:\/\/cultura.jundiai.sp.gov.br\/festivaldecurtas\/mostra-competitiva\/\" target=\"_blank\" rel=\"noreferrer noopener\">Mostra Competitiva<\/a> ser\u00e3o exibidos 24 trabalhos, selecionados nas categorias Document\u00e1rio, Experimental e Fic\u00e7\u00e3o, em tr\u00eas sess\u00f5es, no audit\u00f3rio da Biblioteca Municipal Professor Nelson Foot.<\/p>\n\n\n\n<p>A primeira delas ser\u00e1 nesta sexta-feira (13), \u00e0s 19h30, no audit\u00f3rio da Biblioteca Municipal. A segunda ser\u00e1 neste s\u00e1bado (14), \u00e0s 19h. E a terceira sess\u00e3o ser\u00e1 no domingo (15), tamb\u00e9m \u00e0s 16h30.<\/p>\n\n\n\n<p>J\u00e1 os trabalhos premiados nesta categoria contar\u00e3o com duas sess\u00f5es: uma j\u00e1 no domingo (15), \u00e0s 19h, na Biblioteca, e outra na quarta-feira (18), \u00e0s 19h30, no Centro Comunit\u00e1rio da Vila Hortol\u00e2ndia.<\/p>\n\n\n\n<p>J\u00e1 pela <a rel=\"noreferrer noopener\" href=\"https:\/\/cultura.jundiai.sp.gov.br\/festivaldecurtas\/mostra-paralela\/\" target=\"_blank\">Mostra Paralela<\/a>, as exibi\u00e7\u00f5es ser\u00e3o feitas atrav\u00e9s das redes sociais da Cultura no Facebook e YouTube, com estreias agendadas nos pr\u00f3ximos dias. Por esta Mostra ser\u00e3o exibidos os seis curtas: \u201cJadzia\u201d, de Ac\u00e1cia Ara\u00fajo; \u201cO que fica\u201d, de Felipe Alves; \u201cDurante o fim do mundo\u201d, de Fabricio da Fonseca; \u201cCY\u201d, de Luan da Silva; \u201cO homem por tr\u00e1s da cortina\u201d, de Maur\u00edcio Oliveira; e \u201cFluxo macabro\u201d, de Cristiano Requi\u00e3o.<\/p>\n\n\n\n<p>A programa\u00e7\u00e3o de <a href=\"https:\/\/cultura.jundiai.sp.gov.br\/festivaldecurtas\/workshops\/\" target=\"_blank\" rel=\"noreferrer noopener\">Workshops<\/a> tamb\u00e9m segue para os inscritos, com atividades no s\u00e1bado (14), no audit\u00f3rio da Biblioteca. \u00c0s 10h, tem o workshop \u201cProdu\u00e7\u00e3o Cinematogr\u00e1fica e o mercado de trabalho\u201d, com Eduardo Hentschel, na Biblioteca, com 30 vagas dispon\u00edveis. E \u00e0s 16h o workshop \u201cPercep\u00e7\u00e3o sonora: os sons do cotidiano e as trilhas do Cinema, do R\u00e1dio e da TV\u201d, com Alexandre Tondella e outras 30 vagas dispon\u00edveis.<\/p>\n\n\n\n<p><a href=\"https:\/\/cultura.jundiai.sp.gov.br\/festivaldecurtas\/\" target=\"_blank\" rel=\"noreferrer noopener\">A programa\u00e7\u00e3o completa pode ser conferida no hotsite do Festival<\/a>.<\/p>\n\n\n\n<figure class=\"wp-block-image size-full\"><img loading=\"lazy\" decoding=\"async\" width=\"1280\" height=\"853\" src=\"https:\/\/jundiai.sp.gov.br\/noticias\/wp-content\/uploads\/sites\/32\/2022\/05\/abertura-festival-de-curta-metragem_cinema-para-iniciantes-99-1.jpg\" alt=\"\" class=\"wp-image-292047\" srcset=\"https:\/\/jundiai.sp.gov.br\/noticias\/wp-content\/uploads\/sites\/32\/2022\/05\/abertura-festival-de-curta-metragem_cinema-para-iniciantes-99-1.jpg 1280w, https:\/\/jundiai.sp.gov.br\/noticias\/wp-content\/uploads\/sites\/32\/2022\/05\/abertura-festival-de-curta-metragem_cinema-para-iniciantes-99-1-300x200.jpg 300w, https:\/\/jundiai.sp.gov.br\/noticias\/wp-content\/uploads\/sites\/32\/2022\/05\/abertura-festival-de-curta-metragem_cinema-para-iniciantes-99-1-768x512.jpg 768w, https:\/\/jundiai.sp.gov.br\/noticias\/wp-content\/uploads\/sites\/32\/2022\/05\/abertura-festival-de-curta-metragem_cinema-para-iniciantes-99-1-450x300.jpg 450w\" sizes=\"auto, (max-width: 1280px) 100vw, 1280px\" \/><figcaption>O workshop de abertura da programa\u00e7\u00e3o contou com a media\u00e7\u00e3o de L\u00edgia Ballas<\/figcaption><\/figure>\n\n\n\n<p><strong>Assessoria de Imprensa<br>Fotos: Fot\u00f3grafos PMJ<\/strong><\/p>\n","protected":false},"excerpt":{"rendered":"<p>O workshop gratuito sobre \u201cCinema para principiantes\u201d, realizado na noite dessa quarta-feira (11), a Unidade de Gest\u00e3o de Cultura (UGC), em parceria com a C\u00e2mara Setorial do Audiovisual e Cultura Digital do Conselho Municipal de Pol\u00edtica Cultural (CMPC), deu in\u00edcio \u00e0 programa\u00e7\u00e3o do 3\u00ba Festival de Curtas-Metragens, que este ano voltou a ser realizado presencialmente. [&hellip;]<\/p>\n","protected":false},"author":14,"featured_media":292047,"comment_status":"closed","ping_status":"closed","sticky":false,"template":"","format":"standard","meta":{"footnotes":""},"categories":[2],"tags":[505,2986,1099,29,1133,1640],"ods":[],"class_list":["post-292042","post","type-post","status-publish","format-standard","has-post-thumbnail","hentry","category-noticias","tag-biblioteca-municipal-professor-nelson-foot","tag-centro-comunitario-da-vila-hortolandia","tag-conselho-municipal-de-politica-cultural-cmpc","tag-cultura","tag-festival-de-curtas-metragens","tag-hortolandia"],"_links":{"self":[{"href":"https:\/\/jundiai.sp.gov.br\/noticias\/wp-json\/wp\/v2\/posts\/292042","targetHints":{"allow":["GET"]}}],"collection":[{"href":"https:\/\/jundiai.sp.gov.br\/noticias\/wp-json\/wp\/v2\/posts"}],"about":[{"href":"https:\/\/jundiai.sp.gov.br\/noticias\/wp-json\/wp\/v2\/types\/post"}],"author":[{"embeddable":true,"href":"https:\/\/jundiai.sp.gov.br\/noticias\/wp-json\/wp\/v2\/users\/14"}],"replies":[{"embeddable":true,"href":"https:\/\/jundiai.sp.gov.br\/noticias\/wp-json\/wp\/v2\/comments?post=292042"}],"version-history":[{"count":6,"href":"https:\/\/jundiai.sp.gov.br\/noticias\/wp-json\/wp\/v2\/posts\/292042\/revisions"}],"predecessor-version":[{"id":292339,"href":"https:\/\/jundiai.sp.gov.br\/noticias\/wp-json\/wp\/v2\/posts\/292042\/revisions\/292339"}],"wp:featuredmedia":[{"embeddable":true,"href":"https:\/\/jundiai.sp.gov.br\/noticias\/wp-json\/wp\/v2\/media\/292047"}],"wp:attachment":[{"href":"https:\/\/jundiai.sp.gov.br\/noticias\/wp-json\/wp\/v2\/media?parent=292042"}],"wp:term":[{"taxonomy":"category","embeddable":true,"href":"https:\/\/jundiai.sp.gov.br\/noticias\/wp-json\/wp\/v2\/categories?post=292042"},{"taxonomy":"post_tag","embeddable":true,"href":"https:\/\/jundiai.sp.gov.br\/noticias\/wp-json\/wp\/v2\/tags?post=292042"},{"taxonomy":"ods","embeddable":true,"href":"https:\/\/jundiai.sp.gov.br\/noticias\/wp-json\/wp\/v2\/ods?post=292042"}],"curies":[{"name":"wp","href":"https:\/\/api.w.org\/{rel}","templated":true}]}}