{"id":292063,"date":"2022-05-12T15:50:41","date_gmt":"2022-05-12T18:50:41","guid":{"rendered":"https:\/\/jundiai.sp.gov.br\/noticias\/?p=292063"},"modified":"2022-05-12T15:50:41","modified_gmt":"2022-05-12T18:50:41","slug":"forum-da-luta-antimanicomial-reune-tecnicos-no-auditorio-do-parque-da-cidade","status":"publish","type":"post","link":"https:\/\/jundiai.sp.gov.br\/noticias\/2022\/05\/12\/forum-da-luta-antimanicomial-reune-tecnicos-no-auditorio-do-parque-da-cidade\/","title":{"rendered":"F\u00f3rum da Luta Antimanicomial re\u00fane t\u00e9cnicos no audit\u00f3rio do Parque da Cidade"},"content":{"rendered":"\n<p>Em continuidade \u00e0s a\u00e7\u00f5es de celebra\u00e7\u00e3o no m\u00eas que marca a luta antimaniciomial no Brasil, Jundia\u00ed, por meio da Coordena\u00e7\u00e3o de Sa\u00fade Mental, \u00c1lcool e Outras Drogas, da Unidade de Gest\u00e3o de Promo\u00e7\u00e3o da Sa\u00fade (UGPS), realizou mais uma edi\u00e7\u00e3o do F\u00f3rum da Luta Antimanicomial de Jundia\u00ed, com o t\u00edtulo \u201cA reforma psiqui\u00e1trica ainda n\u00e3o acabou! Desafios para a sustenta\u00e7\u00e3o de pr\u00e1ticas antimanicomiais em tempos de pandemia\u201d. Cerca de 150 profissionais de Sa\u00fade e usu\u00e1rios dos servi\u00e7os participaram do encontro, que durou o dia todo, no audit\u00f3rio do Parque da Cidade.<\/p>\n\n\n\n<p>De acordo com a assessora t\u00e9cnica, Adriana Carvalho Pinto, o evento promove o debate e revive a import\u00e2ncia das mudan\u00e7as realizadas pelas pr\u00e1ticas de atendimento p\u00fablico mais humanizadas. \u201cA Rede de Aten\u00e7\u00e3o Psicossocial de Jundia\u00ed conta com diversos equipamentos, os quais conseguem se articular, de modo a ofertar cuidado dos casos mais simples aos mais complexos, de maneira integral\u201d, concluiu a psic\u00f3loga.<\/p>\n\n\n\n<figure class=\"wp-block-image size-full\"><img loading=\"lazy\" decoding=\"async\" width=\"1280\" height=\"853\" src=\"https:\/\/jundiai.sp.gov.br\/noticias\/wp-content\/uploads\/sites\/32\/2022\/05\/forum-da-luta-antimanicomial_c_-11.jpg\" alt=\"\" class=\"wp-image-292082\" srcset=\"https:\/\/jundiai.sp.gov.br\/noticias\/wp-content\/uploads\/sites\/32\/2022\/05\/forum-da-luta-antimanicomial_c_-11.jpg 1280w, https:\/\/jundiai.sp.gov.br\/noticias\/wp-content\/uploads\/sites\/32\/2022\/05\/forum-da-luta-antimanicomial_c_-11-300x200.jpg 300w, https:\/\/jundiai.sp.gov.br\/noticias\/wp-content\/uploads\/sites\/32\/2022\/05\/forum-da-luta-antimanicomial_c_-11-768x512.jpg 768w, https:\/\/jundiai.sp.gov.br\/noticias\/wp-content\/uploads\/sites\/32\/2022\/05\/forum-da-luta-antimanicomial_c_-11-450x300.jpg 450w\" sizes=\"auto, (max-width: 1280px) 100vw, 1280px\" \/><figcaption>Evento contou com a participa\u00e7\u00e3o do gestor Tiago Texera<\/figcaption><\/figure>\n\n\n\n<p>Atualmente, Jundia\u00ed conta com quatro CAPS (Centro de Aten\u00e7\u00e3o Psicossocial) sendo dois para adultos, um para crian\u00e7as e adolescentes e um para pessoas com necessidades decorrentes do uso de \u00e1lcool e drogas. Todas eles contam com uma equipe multiprofissional, composta por enfermeiros, psic\u00f3logos, terapeutas ocupacionais, farmac\u00eauticos, m\u00e9dicos, t\u00e9cnicos de enfermagem, assistentes sociais entre outros.<br>A cidade tamb\u00e9m conta com mais de 30 Unidades B\u00e1sicas de Sa\u00fade (UBSs) apoiadas por equipes NASFs (N\u00facleo Ampliado de Sa\u00fade da Fam\u00edlia). A RAPS do munic\u00edpio conta ainda com Servi\u00e7os de Resid\u00eancias Terap\u00eauticas, Unidades de Acolhimento, Centro de Conviv\u00eancia e Consult\u00f3rio na Rua.<\/p>\n\n\n\n<p><strong>Assessoria de Imprensa<\/strong><\/p>\n","protected":false},"excerpt":{"rendered":"<p>Em continuidade \u00e0s a\u00e7\u00f5es de celebra\u00e7\u00e3o no m\u00eas que marca a luta antimaniciomial no Brasil, Jundia\u00ed, por meio da Coordena\u00e7\u00e3o de Sa\u00fade Mental, \u00c1lcool e Outras Drogas, da Unidade de Gest\u00e3o de Promo\u00e7\u00e3o da Sa\u00fade (UGPS), realizou mais uma edi\u00e7\u00e3o do F\u00f3rum da Luta Antimanicomial de Jundia\u00ed, com o t\u00edtulo \u201cA reforma psiqui\u00e1trica ainda n\u00e3o [&hellip;]<\/p>\n","protected":false},"author":39,"featured_media":0,"comment_status":"closed","ping_status":"closed","sticky":false,"template":"","format":"standard","meta":{"footnotes":""},"categories":[2],"tags":[],"ods":[],"class_list":["post-292063","post","type-post","status-publish","format-standard","hentry","category-noticias"],"_links":{"self":[{"href":"https:\/\/jundiai.sp.gov.br\/noticias\/wp-json\/wp\/v2\/posts\/292063","targetHints":{"allow":["GET"]}}],"collection":[{"href":"https:\/\/jundiai.sp.gov.br\/noticias\/wp-json\/wp\/v2\/posts"}],"about":[{"href":"https:\/\/jundiai.sp.gov.br\/noticias\/wp-json\/wp\/v2\/types\/post"}],"author":[{"embeddable":true,"href":"https:\/\/jundiai.sp.gov.br\/noticias\/wp-json\/wp\/v2\/users\/39"}],"replies":[{"embeddable":true,"href":"https:\/\/jundiai.sp.gov.br\/noticias\/wp-json\/wp\/v2\/comments?post=292063"}],"version-history":[{"count":5,"href":"https:\/\/jundiai.sp.gov.br\/noticias\/wp-json\/wp\/v2\/posts\/292063\/revisions"}],"predecessor-version":[{"id":292086,"href":"https:\/\/jundiai.sp.gov.br\/noticias\/wp-json\/wp\/v2\/posts\/292063\/revisions\/292086"}],"wp:attachment":[{"href":"https:\/\/jundiai.sp.gov.br\/noticias\/wp-json\/wp\/v2\/media?parent=292063"}],"wp:term":[{"taxonomy":"category","embeddable":true,"href":"https:\/\/jundiai.sp.gov.br\/noticias\/wp-json\/wp\/v2\/categories?post=292063"},{"taxonomy":"post_tag","embeddable":true,"href":"https:\/\/jundiai.sp.gov.br\/noticias\/wp-json\/wp\/v2\/tags?post=292063"},{"taxonomy":"ods","embeddable":true,"href":"https:\/\/jundiai.sp.gov.br\/noticias\/wp-json\/wp\/v2\/ods?post=292063"}],"curies":[{"name":"wp","href":"https:\/\/api.w.org\/{rel}","templated":true}]}}