{"id":292148,"date":"2022-05-13T12:10:25","date_gmt":"2022-05-13T15:10:25","guid":{"rendered":"https:\/\/jundiai.sp.gov.br\/noticias\/?p=292148"},"modified":"2022-05-13T12:10:25","modified_gmt":"2022-05-13T15:10:25","slug":"prefeitura-e-sebrae-alinham-ferramenta-para-fomentar-comercio-dos-bairros","status":"publish","type":"post","link":"https:\/\/jundiai.sp.gov.br\/noticias\/2022\/05\/13\/prefeitura-e-sebrae-alinham-ferramenta-para-fomentar-comercio-dos-bairros\/","title":{"rendered":"Prefeitura e Sebrae alinham ferramenta para fomentar com\u00e9rcio dos bairros"},"content":{"rendered":"\n<p>Os gestores da Prefeitura de Jundia\u00ed,  Jos\u00e9 Ant\u00f4nio Parimoschi (Governo e Finan\u00e7as) e Cristiano Lopes (Desenvolvimento Econ\u00f4mico, Ci\u00eancia e Tecnologia) se reuniram com o gerente regional do Sebrae-SP Marcelo Paranzini para alinhamento de mais uma iniciativa para o fomento aos neg\u00f3cios dos comerciantes e empreendedores dos corredores comerciais dos bairros da cidade.<\/p>\n\n\n\n<p>A prefeitura j\u00e1 tem feito um trabalho com os comerciantes de alguns bairros da cidade apresentando o trabalho feito de fomento \u00e0 economia local, os n\u00fameros do portal Jundia\u00ed Empreendedora e a plataforma Meu Com\u00e9rcio, um grande guia de com\u00e9rcio e servi\u00e7os, que faz uma conex\u00e3o importante e direta entre o consumidor e as empresas da cidade que oferecem produtos e servi\u00e7os.<\/p>\n\n\n\n<figure class=\"wp-block-image size-full\"><img loading=\"lazy\" decoding=\"async\" width=\"1024\" height=\"768\" src=\"https:\/\/jundiai.sp.gov.br\/noticias\/wp-content\/uploads\/sites\/32\/2022\/05\/whatsapp-image-2022-05-11-at-09-14-39-5.jpeg\" alt=\"\" class=\"wp-image-292149\" srcset=\"https:\/\/jundiai.sp.gov.br\/noticias\/wp-content\/uploads\/sites\/32\/2022\/05\/whatsapp-image-2022-05-11-at-09-14-39-5.jpeg 1024w, https:\/\/jundiai.sp.gov.br\/noticias\/wp-content\/uploads\/sites\/32\/2022\/05\/whatsapp-image-2022-05-11-at-09-14-39-5-300x225.jpeg 300w, https:\/\/jundiai.sp.gov.br\/noticias\/wp-content\/uploads\/sites\/32\/2022\/05\/whatsapp-image-2022-05-11-at-09-14-39-5-768x576.jpeg 768w\" sizes=\"auto, (max-width: 1024px) 100vw, 1024px\" \/><figcaption>Reuni\u00e3o aconteceu na UGDECT<\/figcaption><\/figure>\n\n\n\n<p>\u201cO Poder P\u00fablico n\u00e3o pode atrapalhar. Por isso trabalhamos muito para desburocratizar os servi\u00e7os e facilitar a abertura de novos neg\u00f3cios. Jundia\u00ed \u00e9 proativa na busca de novas ferramentas que ajudam os comerciantes a se capacitar para essa nova era onde quase todas as rela\u00e7\u00f5es comerciais s\u00e3o digitais. Por isso, queremos prosseguir construindo juntos novas ferramentas para promover os neg\u00f3cios, especialmente aqueles pequenos e m\u00e9dios localizados nos bairros da cidade\u201d, explicou Jos\u00e9 Ant\u00f4nio Parimoschi.<\/p>\n\n\n\n<p>Cristiano Lopes revelou que a Prefeitura ir\u00e1 cada vez mais fomentar os comerciantes dos bairros. \u201cO Meu Com\u00e9rcio que est\u00e1 dentro do portal Jundia\u00ed Empreendedora conecta quem quer comprar com quem quer vender, quem procura um prestador de servi\u00e7o e quem faz o servi\u00e7o. \u00c9 uma ferramenta \u00fatil para todos e trabalhamos para incentivar o jundiaiense a consumir localmente. \u00c9 uma alternativa gratuita do empreendedor, comerciante, prestador de servi\u00e7o de divulgar seu trabalho. Sabemos as dores do comerciante e, com o aux\u00edlio o Sebrae, vamos realizar um trabalho direcionado para auxili\u00e1-los\u201d, detalhou.<\/p>\n\n\n\n<p><strong>Assessoria de Imprensa<br>Fotos: Fot\u00f3grafos PMJ<\/strong><\/p>\n","protected":false},"excerpt":{"rendered":"<p>Os gestores da Prefeitura de Jundia\u00ed, Jos\u00e9 Ant\u00f4nio Parimoschi (Governo e Finan\u00e7as) e Cristiano Lopes (Desenvolvimento Econ\u00f4mico, Ci\u00eancia e Tecnologia) se reuniram com o gerente regional do Sebrae-SP Marcelo Paranzini para alinhamento de mais uma iniciativa para o fomento aos neg\u00f3cios dos comerciantes e empreendedores dos corredores comerciais dos bairros da cidade. A prefeitura j\u00e1 [&hellip;]<\/p>\n","protected":false},"author":81,"featured_media":292149,"comment_status":"closed","ping_status":"closed","sticky":false,"template":"","format":"standard","meta":{"footnotes":""},"categories":[2],"tags":[365,983,1527,1192],"ods":[],"class_list":["post-292148","post","type-post","status-publish","format-standard","has-post-thumbnail","hentry","category-noticias","tag-desenvolvimento-economico-ciencia-e-tecnologia","tag-governo-e-financas","tag-jundiai-empreendedora","tag-ugdect"],"_links":{"self":[{"href":"https:\/\/jundiai.sp.gov.br\/noticias\/wp-json\/wp\/v2\/posts\/292148","targetHints":{"allow":["GET"]}}],"collection":[{"href":"https:\/\/jundiai.sp.gov.br\/noticias\/wp-json\/wp\/v2\/posts"}],"about":[{"href":"https:\/\/jundiai.sp.gov.br\/noticias\/wp-json\/wp\/v2\/types\/post"}],"author":[{"embeddable":true,"href":"https:\/\/jundiai.sp.gov.br\/noticias\/wp-json\/wp\/v2\/users\/81"}],"replies":[{"embeddable":true,"href":"https:\/\/jundiai.sp.gov.br\/noticias\/wp-json\/wp\/v2\/comments?post=292148"}],"version-history":[{"count":4,"href":"https:\/\/jundiai.sp.gov.br\/noticias\/wp-json\/wp\/v2\/posts\/292148\/revisions"}],"predecessor-version":[{"id":292168,"href":"https:\/\/jundiai.sp.gov.br\/noticias\/wp-json\/wp\/v2\/posts\/292148\/revisions\/292168"}],"wp:featuredmedia":[{"embeddable":true,"href":"https:\/\/jundiai.sp.gov.br\/noticias\/wp-json\/wp\/v2\/media\/292149"}],"wp:attachment":[{"href":"https:\/\/jundiai.sp.gov.br\/noticias\/wp-json\/wp\/v2\/media?parent=292148"}],"wp:term":[{"taxonomy":"category","embeddable":true,"href":"https:\/\/jundiai.sp.gov.br\/noticias\/wp-json\/wp\/v2\/categories?post=292148"},{"taxonomy":"post_tag","embeddable":true,"href":"https:\/\/jundiai.sp.gov.br\/noticias\/wp-json\/wp\/v2\/tags?post=292148"},{"taxonomy":"ods","embeddable":true,"href":"https:\/\/jundiai.sp.gov.br\/noticias\/wp-json\/wp\/v2\/ods?post=292148"}],"curies":[{"name":"wp","href":"https:\/\/api.w.org\/{rel}","templated":true}]}}