{"id":292171,"date":"2022-05-13T12:21:31","date_gmt":"2022-05-13T15:21:31","guid":{"rendered":"https:\/\/jundiai.sp.gov.br\/noticias\/?p=292171"},"modified":"2022-05-13T12:21:31","modified_gmt":"2022-05-13T15:21:31","slug":"funss-divulga-lista-de-contemplados-no-curso-de-alongamento-de-cilios","status":"publish","type":"post","link":"https:\/\/jundiai.sp.gov.br\/noticias\/2022\/05\/13\/funss-divulga-lista-de-contemplados-no-curso-de-alongamento-de-cilios\/","title":{"rendered":"Funss divulga lista de contemplados no curso de Alongamento de C\u00edlios"},"content":{"rendered":"\n<p>O Fundo Social de Solidariedade de Jundia\u00ed (Funss) divulga, nesta sexta-feira (13), a lista com os nomes dos alunos contemplados para o curso de \u2018Alongamento de c\u00edlios\u2019. As fichas n\u00e3o contempladas est\u00e3o, automaticamente, na lista de espera e poder\u00e3o ser convocadas em caso de desist\u00eancia.<\/p>\n\n\n\n<ol class=\"wp-block-list\" type=\"1\"><li>Amanda Perim do Nascimento<\/li><li>Let\u00edcia Nayara Mariano de Sousa<\/li><li>Ytamsa Dayana Santos das Neves Bruno<\/li><li>Caroline Facci de Brito<\/li><li>Maria Cristina dos Santos Souza<\/li><li>Norma Alves Neri<\/li><li>Tamires Palmeira Paulino<\/li><li>Thalia Edmundo Romano<\/li><li>Silvana da Silva Pinheiro<\/li><li>Thiele Let\u00edcia de Oliveira<\/li><\/ol>\n\n\n\n<p>Realizada pela primeira vez no Fundo Social, a capacita\u00e7\u00e3o gratuita \u00e9 fruto de uma parceria com o Sebrae e o Senac Jundia\u00ed, atendendo \u00e0 demanda dos profissionais que j\u00e1 atuam ou desejam ingressar no mercado da Beleza e Est\u00e9tica.<\/p>\n\n\n\n<p>As aulas ser\u00e3o realizadas na sede do Fundo Social, dentro do Parque da Uva. O acesso \u00e9 pela avenida Dona Manoela Lacerda de Vergueiro, s\/n, port\u00e3o 03, bairro Anhangaba\u00fa. O funcionamento da unidade \u00e9 de segunda a sexta-feira, das 8h \u00e0s 17h, exceto feriados. Informa\u00e7\u00f5es pelos telefones (11) 4589-6319, 4589-6320, 4589-6322.<\/p>\n\n\n\n<p><strong>Assessoria de Imprensa<\/strong><\/p>\n\n\n\n<p><strong>Foto: Fot\u00f3grafo PMJ<\/strong><\/p>\n","protected":false},"excerpt":{"rendered":"<p>O Fundo Social de Solidariedade de Jundia\u00ed (Funss) divulga, nesta sexta-feira (13), a lista com os nomes dos alunos contemplados para o curso de \u2018Alongamento de c\u00edlios\u2019. As fichas n\u00e3o contempladas est\u00e3o, automaticamente, na lista de espera e poder\u00e3o ser convocadas em caso de desist\u00eancia. Amanda Perim do Nascimento Let\u00edcia Nayara Mariano de Sousa Ytamsa [&hellip;]<\/p>\n","protected":false},"author":49,"featured_media":292173,"comment_status":"closed","ping_status":"closed","sticky":false,"template":"","format":"standard","meta":{"footnotes":""},"categories":[2],"tags":[1039,416],"ods":[],"class_list":["post-292171","post","type-post","status-publish","format-standard","has-post-thumbnail","hentry","category-noticias","tag-cursos-funss","tag-fundo-social-de-solidariedade-funss"],"_links":{"self":[{"href":"https:\/\/jundiai.sp.gov.br\/noticias\/wp-json\/wp\/v2\/posts\/292171","targetHints":{"allow":["GET"]}}],"collection":[{"href":"https:\/\/jundiai.sp.gov.br\/noticias\/wp-json\/wp\/v2\/posts"}],"about":[{"href":"https:\/\/jundiai.sp.gov.br\/noticias\/wp-json\/wp\/v2\/types\/post"}],"author":[{"embeddable":true,"href":"https:\/\/jundiai.sp.gov.br\/noticias\/wp-json\/wp\/v2\/users\/49"}],"replies":[{"embeddable":true,"href":"https:\/\/jundiai.sp.gov.br\/noticias\/wp-json\/wp\/v2\/comments?post=292171"}],"version-history":[{"count":2,"href":"https:\/\/jundiai.sp.gov.br\/noticias\/wp-json\/wp\/v2\/posts\/292171\/revisions"}],"predecessor-version":[{"id":292174,"href":"https:\/\/jundiai.sp.gov.br\/noticias\/wp-json\/wp\/v2\/posts\/292171\/revisions\/292174"}],"wp:featuredmedia":[{"embeddable":true,"href":"https:\/\/jundiai.sp.gov.br\/noticias\/wp-json\/wp\/v2\/media\/292173"}],"wp:attachment":[{"href":"https:\/\/jundiai.sp.gov.br\/noticias\/wp-json\/wp\/v2\/media?parent=292171"}],"wp:term":[{"taxonomy":"category","embeddable":true,"href":"https:\/\/jundiai.sp.gov.br\/noticias\/wp-json\/wp\/v2\/categories?post=292171"},{"taxonomy":"post_tag","embeddable":true,"href":"https:\/\/jundiai.sp.gov.br\/noticias\/wp-json\/wp\/v2\/tags?post=292171"},{"taxonomy":"ods","embeddable":true,"href":"https:\/\/jundiai.sp.gov.br\/noticias\/wp-json\/wp\/v2\/ods?post=292171"}],"curies":[{"name":"wp","href":"https:\/\/api.w.org\/{rel}","templated":true}]}}