{"id":292263,"date":"2022-05-15T07:50:00","date_gmt":"2022-05-15T10:50:00","guid":{"rendered":"https:\/\/jundiai.sp.gov.br\/noticias\/?p=292263"},"modified":"2022-05-14T22:52:12","modified_gmt":"2022-05-15T01:52:12","slug":"com-parceria-napd-realiza-entregas-de-cadeiras-de-rodas-sob-medida","status":"publish","type":"post","link":"https:\/\/jundiai.sp.gov.br\/noticias\/2022\/05\/15\/com-parceria-napd-realiza-entregas-de-cadeiras-de-rodas-sob-medida\/","title":{"rendered":"Com parceria, NAPD realiza entregas de cadeiras de rodas sob medida"},"content":{"rendered":"\n<p> Desde dezembro de 2021, o N\u00facleo de Assist\u00eancia \u00e0 Pessoa com Defici\u00eancia (NAPD), da Prefeitura de Jundia\u00ed, completou 65 pessoas com  a entrega cadeiras de rodas doadas pela Igreja de Jesus Cristo dos Santos dos \u00daltimos Dias, por meio de parceria articulada pela Rede Jundia\u00ed de Coopera\u00e7\u00e3o \u2013 ligada \u00e0 Unidade de Gest\u00e3o de Governo e Finan\u00e7as (UGGF) -. Ao todo, o projeto atender\u00e1 at\u00e9 300 pessoas com os equipamentos prescritos sob medida para as necessidades de cada paciente.<\/p>\n\n\n\n<p><br>A representante da Igreja e coordenadora do Programa Servi\u00e7o e Presta\u00e7\u00e3o de Cadeiras de Rodas, Daniele M\u00f3ttola, esteve no local para acompanhar e conversar com os pacientes, e se emocionou com a alegria com que eles recebiam os novos equipamentos. \u201cEstou muito feliz de estar presente neste momento de entrega das cadeiras\u201d, comentou, lembrando o trabalho iniciado, no ano passado, com treinamento para os t\u00e9cnicos da Unidade de Gest\u00e3o de Promo\u00e7\u00e3o da Sa\u00fade (UGPS).<\/p>\n\n\n\n<figure class=\"wp-block-image size-full\"><img loading=\"lazy\" decoding=\"async\" width=\"1280\" height=\"854\" src=\"https:\/\/jundiai.sp.gov.br\/noticias\/wp-content\/uploads\/sites\/32\/2022\/05\/entrega-de-cadeira-de-roda_napd-211.jpg\" alt=\"\" class=\"wp-image-292267\" srcset=\"https:\/\/jundiai.sp.gov.br\/noticias\/wp-content\/uploads\/sites\/32\/2022\/05\/entrega-de-cadeira-de-roda_napd-211.jpg 1280w, https:\/\/jundiai.sp.gov.br\/noticias\/wp-content\/uploads\/sites\/32\/2022\/05\/entrega-de-cadeira-de-roda_napd-211-300x200.jpg 300w, https:\/\/jundiai.sp.gov.br\/noticias\/wp-content\/uploads\/sites\/32\/2022\/05\/entrega-de-cadeira-de-roda_napd-211-768x512.jpg 768w, https:\/\/jundiai.sp.gov.br\/noticias\/wp-content\/uploads\/sites\/32\/2022\/05\/entrega-de-cadeira-de-roda_napd-211-450x300.jpg 450w\" sizes=\"auto, (max-width: 1280px) 100vw, 1280px\" \/><figcaption>Entrega de equipamentos \u00e9 feita com orienta\u00e7\u00e3o e adequa\u00e7\u00f5es individualmente <\/figcaption><\/figure>\n\n\n\n<p><br>Os pacientes receberam atendimento individualizado e foram orientados sobre como manusear a nova cadeira de rodas. Cada equipamento recebe ajustes conforme necessidade do paciente e j\u00e1 \u00e9 marcada a pr\u00f3xima consulta para verificar como est\u00e1 a adapta\u00e7\u00e3o com os novos equipamentos.<br>\u201cAs cadeiras s\u00e3o personalizadas, sob medida, ent\u00e3o a gente consegue ajustar para os usu\u00e1rios que possuem baixa complexidade de necessidade de adapta\u00e7\u00e3o. Neste primeiro momento, n\u00f3s iremos zerar a fila para este tipo de cadeira. Os usu\u00e1rios que est\u00e3o recebendo as cadeiras, ter\u00e3o acompanhamento personalizado\u201d, detalhou a gerente do NAPD, Vanessa Vicentini.<\/p>\n\n\n\n<p><br>Com muito bom humor, um dos pacientes destacou a gratid\u00e3o ao receber o equipamento. Germano Bandeira, 73 anos, teve uma trinca no f\u00eamur h\u00e1 dois anos e por conta da diabetes, a cicatriz evoluiu para uma ferida e foi preciso amputar a perna direita. Ele, que foi palha\u00e7o na cidade por mais de 35 anos, antes do acidente, atuava como Papai Noel no Centro de Jundia\u00ed e em diversas empresas da regi\u00e3o. \u201cContinuo firme e forte, e daqui uns dias j\u00e1 estarei me vestindo de Papai Noel novamente\u201d, se alegrou Germano.<\/p>\n\n\n\n<figure class=\"wp-block-image size-full\"><img loading=\"lazy\" decoding=\"async\" width=\"1280\" height=\"853\" src=\"https:\/\/jundiai.sp.gov.br\/noticias\/wp-content\/uploads\/sites\/32\/2022\/05\/entrega-de-cadeira-de-roda_napd-171.jpg\" alt=\"\" class=\"wp-image-292265\" srcset=\"https:\/\/jundiai.sp.gov.br\/noticias\/wp-content\/uploads\/sites\/32\/2022\/05\/entrega-de-cadeira-de-roda_napd-171.jpg 1280w, https:\/\/jundiai.sp.gov.br\/noticias\/wp-content\/uploads\/sites\/32\/2022\/05\/entrega-de-cadeira-de-roda_napd-171-300x200.jpg 300w, https:\/\/jundiai.sp.gov.br\/noticias\/wp-content\/uploads\/sites\/32\/2022\/05\/entrega-de-cadeira-de-roda_napd-171-768x512.jpg 768w, https:\/\/jundiai.sp.gov.br\/noticias\/wp-content\/uploads\/sites\/32\/2022\/05\/entrega-de-cadeira-de-roda_napd-171-450x300.jpg 450w\" sizes=\"auto, (max-width: 1280px) 100vw, 1280px\" \/><figcaption>Ao todo, 65 pessoas j\u00e1 receberam o equipamento por meio da parceria com a Igreja de Jesus Cristo dos Santos dos \u00daltimos Dias<\/figcaption><\/figure>\n\n\n\n<p><br>A entrega contou a presen\u00e7a da diretora de Parcerias Estrat\u00e9gicas, Daniele Ruiz e do Gest\u00e3o de Promo\u00e7\u00e3o da Sa\u00fade (UGPS), Tiago Texera, que parabenizou o desempenho de toda a equipe de enfermeiras e fisioterapeutas que estavam presentes, e tamb\u00e9m comentou sobre a parceria com a igreja, que al\u00e9m da doa\u00e7\u00e3o das cadeiras, tamb\u00e9m ofereceu treinamento de 40 horas para capacitar os profissionais que v\u00e3o fazer as an\u00e1lises dos pacientes. \u201cA parceria com a igreja, a partir da articula\u00e7\u00e3o da Rede Jundia\u00ed de Coopera\u00e7\u00e3o, acelerou o atendimento e proporcionou maior qualifica\u00e7\u00e3o aos t\u00e9cnicos\u201d, lembrou o gestor.<\/p>\n\n\n\n<p><br>Para o gestor de Governo e Finan\u00e7as (UGGF) Jos\u00e9 Antonio Parimoschi, unir esfor\u00e7os com parceria da sociedade civil organizada garante \u00e0 popula\u00e7\u00e3o presta\u00e7\u00e3o de servi\u00e7os de excel\u00eancia. \u201cJundia\u00ed tem apresentado os bons resultados dessa parceria do poder p\u00fablico com a iniciativa privada a partir do programa Acolha um Quarto Conforte Vidas, do Hospital S\u00e3o Vicente. A iniciativa em conjunto com a igreja agrega, mais uma vez, os esfor\u00e7os para o bem comum\u201d, detalhou.<\/p>\n\n\n\n<figure class=\"wp-block-image size-full\"><img loading=\"lazy\" decoding=\"async\" width=\"1280\" height=\"853\" src=\"https:\/\/jundiai.sp.gov.br\/noticias\/wp-content\/uploads\/sites\/32\/2022\/05\/entrega-de-cadeira-de-roda_napd-186.jpg\" alt=\"\" class=\"wp-image-292266\" srcset=\"https:\/\/jundiai.sp.gov.br\/noticias\/wp-content\/uploads\/sites\/32\/2022\/05\/entrega-de-cadeira-de-roda_napd-186.jpg 1280w, https:\/\/jundiai.sp.gov.br\/noticias\/wp-content\/uploads\/sites\/32\/2022\/05\/entrega-de-cadeira-de-roda_napd-186-300x200.jpg 300w, https:\/\/jundiai.sp.gov.br\/noticias\/wp-content\/uploads\/sites\/32\/2022\/05\/entrega-de-cadeira-de-roda_napd-186-768x512.jpg 768w, https:\/\/jundiai.sp.gov.br\/noticias\/wp-content\/uploads\/sites\/32\/2022\/05\/entrega-de-cadeira-de-roda_napd-186-450x300.jpg 450w\" sizes=\"auto, (max-width: 1280px) 100vw, 1280px\" \/><figcaption>Papai Noel Germano vai voltar equipa com a cadeira de rodas que acabou de receber <\/figcaption><\/figure>\n\n\n\n<p><strong>Assessoria de Imprensa<\/strong><\/p>\n","protected":false},"excerpt":{"rendered":"<p>Desde dezembro de 2021, o N\u00facleo de Assist\u00eancia \u00e0 Pessoa com Defici\u00eancia (NAPD), da Prefeitura de Jundia\u00ed, completou 65 pessoas com a entrega cadeiras de rodas doadas pela Igreja de Jesus Cristo dos Santos dos \u00daltimos Dias, por meio de parceria articulada pela Rede Jundia\u00ed de Coopera\u00e7\u00e3o \u2013 ligada \u00e0 Unidade de Gest\u00e3o de Governo [&hellip;]<\/p>\n","protected":false},"author":39,"featured_media":0,"comment_status":"closed","ping_status":"closed","sticky":false,"template":"","format":"standard","meta":{"footnotes":""},"categories":[2],"tags":[934,981,1051],"ods":[],"class_list":["post-292263","post","type-post","status-publish","format-standard","hentry","category-noticias","tag-nucleo-de-assistencia-ao-portador-de-deficiencia-napd","tag-promocao-da-saude","tag-rede-jundiai-de-cooperacao"],"_links":{"self":[{"href":"https:\/\/jundiai.sp.gov.br\/noticias\/wp-json\/wp\/v2\/posts\/292263","targetHints":{"allow":["GET"]}}],"collection":[{"href":"https:\/\/jundiai.sp.gov.br\/noticias\/wp-json\/wp\/v2\/posts"}],"about":[{"href":"https:\/\/jundiai.sp.gov.br\/noticias\/wp-json\/wp\/v2\/types\/post"}],"author":[{"embeddable":true,"href":"https:\/\/jundiai.sp.gov.br\/noticias\/wp-json\/wp\/v2\/users\/39"}],"replies":[{"embeddable":true,"href":"https:\/\/jundiai.sp.gov.br\/noticias\/wp-json\/wp\/v2\/comments?post=292263"}],"version-history":[{"count":5,"href":"https:\/\/jundiai.sp.gov.br\/noticias\/wp-json\/wp\/v2\/posts\/292263\/revisions"}],"predecessor-version":[{"id":292271,"href":"https:\/\/jundiai.sp.gov.br\/noticias\/wp-json\/wp\/v2\/posts\/292263\/revisions\/292271"}],"wp:attachment":[{"href":"https:\/\/jundiai.sp.gov.br\/noticias\/wp-json\/wp\/v2\/media?parent=292263"}],"wp:term":[{"taxonomy":"category","embeddable":true,"href":"https:\/\/jundiai.sp.gov.br\/noticias\/wp-json\/wp\/v2\/categories?post=292263"},{"taxonomy":"post_tag","embeddable":true,"href":"https:\/\/jundiai.sp.gov.br\/noticias\/wp-json\/wp\/v2\/tags?post=292263"},{"taxonomy":"ods","embeddable":true,"href":"https:\/\/jundiai.sp.gov.br\/noticias\/wp-json\/wp\/v2\/ods?post=292263"}],"curies":[{"name":"wp","href":"https:\/\/api.w.org\/{rel}","templated":true}]}}