{"id":292355,"date":"2022-05-17T08:59:00","date_gmt":"2022-05-17T11:59:00","guid":{"rendered":"https:\/\/jundiai.sp.gov.br\/noticias\/?p=292355"},"modified":"2022-05-17T08:41:53","modified_gmt":"2022-05-17T11:41:53","slug":"feira-do-produtor-rural-chega-ao-paco-municipal-nesta-quarta-feira-18","status":"publish","type":"post","link":"https:\/\/jundiai.sp.gov.br\/noticias\/2022\/05\/17\/feira-do-produtor-rural-chega-ao-paco-municipal-nesta-quarta-feira-18\/","title":{"rendered":"Feira do Produtor Rural chega ao Pa\u00e7o Municipal nesta quarta-feira (18)"},"content":{"rendered":"\n<p>Nesta quarta-feira (18), os servidores e os visitantes que passarem pelo t\u00e9rreo do Pa\u00e7o Municipal ir\u00e3o se deparar com a venda de produtos frescos direto do produtor.<\/p>\n\n\n\n<p>O &#8220;Produtor no Pa\u00e7o&#8221; acontecer\u00e1 no Pa\u00e7o Municipal, uma vez por m\u00eas, sempre na segunda quinzena, sendo a primeira na pr\u00f3xima quarta-feira, dia 18. Os servidores e visitantes poder\u00e3o comprar os itens produzidos e trazidos pelo pr\u00f3prio produtor agr\u00edcola, como verduras, frutas e legumes, entre outros.<\/p>\n\n\n\n<figure class=\"wp-block-image size-full is-resized\"><img loading=\"lazy\" decoding=\"async\" src=\"https:\/\/jundiai.sp.gov.br\/noticias\/wp-content\/uploads\/sites\/32\/2022\/05\/feira-do-produtor-rural-1.jpg\" alt=\"\" class=\"wp-image-292374\" width=\"842\" height=\"472\" srcset=\"https:\/\/jundiai.sp.gov.br\/noticias\/wp-content\/uploads\/sites\/32\/2022\/05\/feira-do-produtor-rural-1.jpg 1280w, https:\/\/jundiai.sp.gov.br\/noticias\/wp-content\/uploads\/sites\/32\/2022\/05\/feira-do-produtor-rural-1-300x169.jpg 300w, https:\/\/jundiai.sp.gov.br\/noticias\/wp-content\/uploads\/sites\/32\/2022\/05\/feira-do-produtor-rural-1-768x431.jpg 768w\" sizes=\"auto, (max-width: 842px) 100vw, 842px\" \/><figcaption>Feira do Produtor Rural retorna ao Pa\u00e7o Municipal com venda de produtos locais<\/figcaption><\/figure>\n\n\n\n<p>\u201cEm fun\u00e7\u00e3o de diversas solicita\u00e7\u00f5es de servidores do Pa\u00e7o, vimos atend\u00ea-los de forma a trazer produtos frescos direto do Produtor Rural\u201d, explica Eduardo Alvarez gestor da Unidade de Gest\u00e3o de Agroneg\u00f3cio, Abastecimento e Turismo (UGAAT). <\/p>\n\n\n\n<p>&#8220;Tamb\u00e9m \u00e9 um facilitador para o Produtor Rural escoar sua produ\u00e7\u00e3o&#8221;, completa Georgea Carla Leite Casoti, diretora do Departamento de Abastecimento (UGAAT).<\/p>\n\n\n\n<p><strong>Assessoria de Imprensa<br>Fotos: Fot\u00f3grafos PMJ<\/strong><\/p>\n","protected":false},"excerpt":{"rendered":"<p>Nesta quarta-feira (18), os servidores e os visitantes que passarem pelo t\u00e9rreo do Pa\u00e7o Municipal ir\u00e3o se deparar com a venda de produtos frescos direto do produtor. O &#8220;Produtor no Pa\u00e7o&#8221; acontecer\u00e1 no Pa\u00e7o Municipal, uma vez por m\u00eas, sempre na segunda quinzena, sendo a primeira na pr\u00f3xima quarta-feira, dia 18. Os servidores e visitantes [&hellip;]<\/p>\n","protected":false},"author":79,"featured_media":292358,"comment_status":"closed","ping_status":"closed","sticky":false,"template":"","format":"standard","meta":{"footnotes":""},"categories":[2],"tags":[1125,1479,3013,138,165,1857],"ods":[],"class_list":["post-292355","post","type-post","status-publish","format-standard","has-post-thumbnail","hentry","category-noticias","tag-agricultura","tag-agronegocio","tag-feira","tag-paco-municipal","tag-produtor-na-praca","tag-produtor-rural"],"_links":{"self":[{"href":"https:\/\/jundiai.sp.gov.br\/noticias\/wp-json\/wp\/v2\/posts\/292355","targetHints":{"allow":["GET"]}}],"collection":[{"href":"https:\/\/jundiai.sp.gov.br\/noticias\/wp-json\/wp\/v2\/posts"}],"about":[{"href":"https:\/\/jundiai.sp.gov.br\/noticias\/wp-json\/wp\/v2\/types\/post"}],"author":[{"embeddable":true,"href":"https:\/\/jundiai.sp.gov.br\/noticias\/wp-json\/wp\/v2\/users\/79"}],"replies":[{"embeddable":true,"href":"https:\/\/jundiai.sp.gov.br\/noticias\/wp-json\/wp\/v2\/comments?post=292355"}],"version-history":[{"count":4,"href":"https:\/\/jundiai.sp.gov.br\/noticias\/wp-json\/wp\/v2\/posts\/292355\/revisions"}],"predecessor-version":[{"id":292375,"href":"https:\/\/jundiai.sp.gov.br\/noticias\/wp-json\/wp\/v2\/posts\/292355\/revisions\/292375"}],"wp:featuredmedia":[{"embeddable":true,"href":"https:\/\/jundiai.sp.gov.br\/noticias\/wp-json\/wp\/v2\/media\/292358"}],"wp:attachment":[{"href":"https:\/\/jundiai.sp.gov.br\/noticias\/wp-json\/wp\/v2\/media?parent=292355"}],"wp:term":[{"taxonomy":"category","embeddable":true,"href":"https:\/\/jundiai.sp.gov.br\/noticias\/wp-json\/wp\/v2\/categories?post=292355"},{"taxonomy":"post_tag","embeddable":true,"href":"https:\/\/jundiai.sp.gov.br\/noticias\/wp-json\/wp\/v2\/tags?post=292355"},{"taxonomy":"ods","embeddable":true,"href":"https:\/\/jundiai.sp.gov.br\/noticias\/wp-json\/wp\/v2\/ods?post=292355"}],"curies":[{"name":"wp","href":"https:\/\/api.w.org\/{rel}","templated":true}]}}