{"id":292737,"date":"2022-05-20T19:08:18","date_gmt":"2022-05-20T22:08:18","guid":{"rendered":"https:\/\/jundiai.sp.gov.br\/noticias\/?p=292737"},"modified":"2022-05-20T19:08:18","modified_gmt":"2022-05-20T22:08:18","slug":"pinacoteca-recebe-a-abertura-das-exposicoes-nonni-di-sao-paulo-e-paesani","status":"publish","type":"post","link":"https:\/\/jundiai.sp.gov.br\/noticias\/2022\/05\/20\/pinacoteca-recebe-a-abertura-das-exposicoes-nonni-di-sao-paulo-e-paesani\/","title":{"rendered":"Pinacoteca recebe a abertura das exposi\u00e7\u00f5es \u2018Nonni di S\u00e3o Paulo\u2019 e \u2018Paesani\u2019"},"content":{"rendered":"\n<p>A Pinacoteca Municipal Di\u00f3genes Duarte Paes recebeu na noite dessa quinta-feira (19) a abertura de <a rel=\"noreferrer noopener\" href=\"https:\/\/cultura.jundiai.sp.gov.br\/exposicoes\/nonni-di-sao-paulo\/\" target=\"_blank\">Nonni di S\u00e3o Paulo<\/a> e <a href=\"https:\/\/cultura.jundiai.sp.gov.br\/exposicoes\/paesani\/\" target=\"_blank\" rel=\"noreferrer noopener\">Paesani<\/a>, exposi\u00e7\u00f5es que fazem uma homenagem \u00e0 influ\u00eancia da imigra\u00e7\u00e3o italiana no Pa\u00eds e em Jundia\u00ed, e seguem com visita\u00e7\u00e3o gratuita at\u00e9 o dia 03 de julho.<\/p>\n\n\n\n<p>Al\u00e9m das presen\u00e7as dos artistas Oliviero Pluviano e Emidio Luisi, a noite especial de abertura contou com as presen\u00e7as do c\u00f4nsul-geral da It\u00e1lia em S\u00e3o Paulo, Domenico Fornara; da vice-consulesa, Livia Satullo; do vice-c\u00f4nsul honor\u00e1rio em Jundia\u00ed, Antonio Cordone; do artista italojundiaiense Inos Corradin; do ex-prefeito Andr\u00e9 Benassi; e do empres\u00e1rio Humberto Cereser. A atra\u00e7\u00e3o musical da noite foi o Coral Municipal de Jundia\u00ed (adulto), corpo art\u00edstico ligado \u00e0 Unidade de Gest\u00e3o de Cultura, que apresentou repert\u00f3rio de m\u00fasicas italianas.<\/p>\n\n\n\n<p>\u201cH\u00e1 pouco menos de uma semana o Pa\u00eds relembrou um marco importante para o povo afro-brasileiro, que tanto contribuiu para a constru\u00e7\u00e3o de Jundia\u00ed. Hoje abrimos estas exposi\u00e7\u00f5es, que fazem uma homenagem a outro povo que constitui a Hist\u00f3ria da nossa cidade. Esperamos que com elas a Pinacoteca receba in\u00fameros visitantes e possam prestigiar estas mostras de alt\u00edssima qualidade\u201d, comentou o gestor da UGC, Marcelo Peroni.<\/p>\n\n\n\n<figure class=\"wp-block-image size-full\"><img loading=\"lazy\" decoding=\"async\" width=\"1280\" height=\"853\" src=\"https:\/\/jundiai.sp.gov.br\/noticias\/wp-content\/uploads\/sites\/32\/2022\/05\/exposicao_pina.jpg\" alt=\"\" class=\"wp-image-292746\" srcset=\"https:\/\/jundiai.sp.gov.br\/noticias\/wp-content\/uploads\/sites\/32\/2022\/05\/exposicao_pina.jpg 1280w, https:\/\/jundiai.sp.gov.br\/noticias\/wp-content\/uploads\/sites\/32\/2022\/05\/exposicao_pina-300x200.jpg 300w, https:\/\/jundiai.sp.gov.br\/noticias\/wp-content\/uploads\/sites\/32\/2022\/05\/exposicao_pina-768x512.jpg 768w, https:\/\/jundiai.sp.gov.br\/noticias\/wp-content\/uploads\/sites\/32\/2022\/05\/exposicao_pina-450x300.jpg 450w\" sizes=\"auto, (max-width: 1280px) 100vw, 1280px\" \/><figcaption>Entre os convidados especiais estiveram C\u00e9lia Cordone, Peroni, Cordone, Livia, Fornara e Oliviero<\/figcaption><\/figure>\n\n\n\n<p><strong>Exposi\u00e7\u00f5es<\/strong><br>\u201cNonni di S\u00e3o Paulo\u201d (Av\u00f4s de S\u00e3o Paulo), do artista Oliviero Pluviano, re\u00fane material referente ao per\u00edodo de 1887 e 1978, quando a Hospedaria de Imigrantes do Br\u00e1s recebeu mais de 800 mil migrantes italianos com diferentes destinos e viv\u00eancias tornando essa a nacionalidade predominante em termos quantitativos, entre as mais de 70 registradas nos documentos hist\u00f3ricos do local.<\/p>\n\n\n\n<p>J\u00e1 \u201cPaesani\u201d (conterr\u00e2neo, em napolitano) \u00e9 uma exposi\u00e7\u00e3o fotogr\u00e1fica que re\u00fane uma sele\u00e7\u00e3o de fotografias feitas por Emidio Luisi, resultado de uma pesquisa iniciada em 1982 sobre a hist\u00f3ria da imigra\u00e7\u00e3o italiana na capital paulista, quando Luisi era assistente do fot\u00f3grafo italiano Sandro Spini, e que tamb\u00e9m resultou no livro \u201cUe\u2019 Paes\u00e0\u201d (Ol\u00e1 companheiro, em napolitano), que traz fotos de Luisi e textos de Wladimir Catanzaro.<\/p>\n\n\n\n<figure class=\"wp-block-gallery has-nested-images columns-default is-cropped wp-block-gallery-1 is-layout-flex wp-block-gallery-is-layout-flex\">\n<figure class=\"wp-block-image size-large\"><a href=\"https:\/\/jundiai.sp.gov.br\/noticias\/wp-content\/uploads\/sites\/32\/2022\/05\/exposicao-nonni-di-sao-paulo-na-pinacoteca_c_-8.jpg\"><img loading=\"lazy\" decoding=\"async\" width=\"1280\" height=\"853\" data-id=\"292743\" src=\"https:\/\/jundiai.sp.gov.br\/noticias\/wp-content\/uploads\/sites\/32\/2022\/05\/exposicao-nonni-di-sao-paulo-na-pinacoteca_c_-8.jpg\" alt=\"\" class=\"wp-image-292743\" srcset=\"https:\/\/jundiai.sp.gov.br\/noticias\/wp-content\/uploads\/sites\/32\/2022\/05\/exposicao-nonni-di-sao-paulo-na-pinacoteca_c_-8.jpg 1280w, https:\/\/jundiai.sp.gov.br\/noticias\/wp-content\/uploads\/sites\/32\/2022\/05\/exposicao-nonni-di-sao-paulo-na-pinacoteca_c_-8-300x200.jpg 300w, https:\/\/jundiai.sp.gov.br\/noticias\/wp-content\/uploads\/sites\/32\/2022\/05\/exposicao-nonni-di-sao-paulo-na-pinacoteca_c_-8-768x512.jpg 768w, https:\/\/jundiai.sp.gov.br\/noticias\/wp-content\/uploads\/sites\/32\/2022\/05\/exposicao-nonni-di-sao-paulo-na-pinacoteca_c_-8-450x300.jpg 450w\" sizes=\"auto, (max-width: 1280px) 100vw, 1280px\" \/><\/a><\/figure>\n\n\n\n<figure class=\"wp-block-image size-large\"><a href=\"https:\/\/jundiai.sp.gov.br\/noticias\/wp-content\/uploads\/sites\/32\/2022\/05\/exposicao-de-imagens-paesani-na-pinacoteca_c_-3.jpg\"><img loading=\"lazy\" decoding=\"async\" width=\"1280\" height=\"853\" data-id=\"292742\" src=\"https:\/\/jundiai.sp.gov.br\/noticias\/wp-content\/uploads\/sites\/32\/2022\/05\/exposicao-de-imagens-paesani-na-pinacoteca_c_-3.jpg\" alt=\"\" class=\"wp-image-292742\" srcset=\"https:\/\/jundiai.sp.gov.br\/noticias\/wp-content\/uploads\/sites\/32\/2022\/05\/exposicao-de-imagens-paesani-na-pinacoteca_c_-3.jpg 1280w, https:\/\/jundiai.sp.gov.br\/noticias\/wp-content\/uploads\/sites\/32\/2022\/05\/exposicao-de-imagens-paesani-na-pinacoteca_c_-3-300x200.jpg 300w, https:\/\/jundiai.sp.gov.br\/noticias\/wp-content\/uploads\/sites\/32\/2022\/05\/exposicao-de-imagens-paesani-na-pinacoteca_c_-3-768x512.jpg 768w, https:\/\/jundiai.sp.gov.br\/noticias\/wp-content\/uploads\/sites\/32\/2022\/05\/exposicao-de-imagens-paesani-na-pinacoteca_c_-3-450x300.jpg 450w\" sizes=\"auto, (max-width: 1280px) 100vw, 1280px\" \/><\/a><\/figure>\n<figcaption class=\"blocks-gallery-caption\">&#8220;Nonni di S\u00e3o Paulo&#8221; e &#8220;Paesani&#8221; podem ser visitadas gratuitamente at\u00e9 o dia 03 de julho<\/figcaption><\/figure>\n\n\n\n<p>A Pinacoteca faz parte do Centro Jundiaiense de Cultura Josefina Rodrigues da Silva (Jorosil), que fica na rua Bar\u00e3o de Jundia\u00ed, 109, Centro. O hor\u00e1rio de funcionamento do espa\u00e7o \u00e9 de ter\u00e7a a domingo, das 10h \u00e0s 17h. Mais informa\u00e7\u00f5es pelo telefone (11) 4586-2326.<\/p>\n\n\n\n<p><strong>Assessoria de Imprensa<br>Fotos: Fot\u00f3grafos PMJ<\/strong><\/p>\n","protected":false},"excerpt":{"rendered":"<p>A Pinacoteca Municipal Di\u00f3genes Duarte Paes recebeu na noite dessa quinta-feira (19) a abertura de Nonni di S\u00e3o Paulo e Paesani, exposi\u00e7\u00f5es que fazem uma homenagem \u00e0 influ\u00eancia da imigra\u00e7\u00e3o italiana no Pa\u00eds e em Jundia\u00ed, e seguem com visita\u00e7\u00e3o gratuita at\u00e9 o dia 03 de julho. Al\u00e9m das presen\u00e7as dos artistas Oliviero Pluviano e [&hellip;]<\/p>\n","protected":false},"author":14,"featured_media":292742,"comment_status":"closed","ping_status":"closed","sticky":false,"template":"","format":"standard","meta":{"footnotes":""},"categories":[2],"tags":[411,29,423,1090,370],"ods":[],"class_list":["post-292737","post","type-post","status-publish","format-standard","has-post-thumbnail","hentry","category-noticias","tag-centro-esportivo","tag-cultura","tag-exposicao","tag-jorosil","tag-pinacoteca-municipal-diogenes-duarte-paes"],"_links":{"self":[{"href":"https:\/\/jundiai.sp.gov.br\/noticias\/wp-json\/wp\/v2\/posts\/292737","targetHints":{"allow":["GET"]}}],"collection":[{"href":"https:\/\/jundiai.sp.gov.br\/noticias\/wp-json\/wp\/v2\/posts"}],"about":[{"href":"https:\/\/jundiai.sp.gov.br\/noticias\/wp-json\/wp\/v2\/types\/post"}],"author":[{"embeddable":true,"href":"https:\/\/jundiai.sp.gov.br\/noticias\/wp-json\/wp\/v2\/users\/14"}],"replies":[{"embeddable":true,"href":"https:\/\/jundiai.sp.gov.br\/noticias\/wp-json\/wp\/v2\/comments?post=292737"}],"version-history":[{"count":5,"href":"https:\/\/jundiai.sp.gov.br\/noticias\/wp-json\/wp\/v2\/posts\/292737\/revisions"}],"predecessor-version":[{"id":292747,"href":"https:\/\/jundiai.sp.gov.br\/noticias\/wp-json\/wp\/v2\/posts\/292737\/revisions\/292747"}],"wp:featuredmedia":[{"embeddable":true,"href":"https:\/\/jundiai.sp.gov.br\/noticias\/wp-json\/wp\/v2\/media\/292742"}],"wp:attachment":[{"href":"https:\/\/jundiai.sp.gov.br\/noticias\/wp-json\/wp\/v2\/media?parent=292737"}],"wp:term":[{"taxonomy":"category","embeddable":true,"href":"https:\/\/jundiai.sp.gov.br\/noticias\/wp-json\/wp\/v2\/categories?post=292737"},{"taxonomy":"post_tag","embeddable":true,"href":"https:\/\/jundiai.sp.gov.br\/noticias\/wp-json\/wp\/v2\/tags?post=292737"},{"taxonomy":"ods","embeddable":true,"href":"https:\/\/jundiai.sp.gov.br\/noticias\/wp-json\/wp\/v2\/ods?post=292737"}],"curies":[{"name":"wp","href":"https:\/\/api.w.org\/{rel}","templated":true}]}}