{"id":292738,"date":"2022-05-20T19:15:16","date_gmt":"2022-05-20T22:15:16","guid":{"rendered":"https:\/\/jundiai.sp.gov.br\/noticias\/?p=292738"},"modified":"2022-05-20T19:16:19","modified_gmt":"2022-05-20T22:16:19","slug":"missao-da-caf-conclui-pela-viabilidade-da-segunda-etapa-do-avanca-jundiai","status":"publish","type":"post","link":"https:\/\/jundiai.sp.gov.br\/noticias\/2022\/05\/20\/missao-da-caf-conclui-pela-viabilidade-da-segunda-etapa-do-avanca-jundiai\/","title":{"rendered":"Miss\u00e3o da CAF conclui pela viabilidade da segunda etapa do Avan\u00e7a Jundia\u00ed&nbsp;"},"content":{"rendered":"\n<p>Representantes da CAF &#8211; Corpora\u00e7\u00e3o Andina de Fomento (Banco de Desenvolvimento da Am\u00e9rica Latina) apresentaram na tarde desta sexta-feira (20) o relat\u00f3rio final da miss\u00e3o de avalia\u00e7\u00e3o realizada durante tr\u00eas dias em Jundia\u00ed. Foram analisados 30 projetos propostos no Programa de Desenvolvimento Urbano e Social apresentado pelo munic\u00edpio, que\u00a0 comp\u00f5em a segunda etapa do Avan\u00e7a Jundia\u00ed, voltados \u00e0 Infraestrutura vi\u00e1ria, mobilidade urbana, educa\u00e7\u00e3o, cultura, esporte, sa\u00fade, meio ambiente al\u00e9m de projetos de requalifica\u00e7\u00e3o de espa\u00e7os p\u00fablicos e sistemas inteligentes,\u00a0abrangendo todas as regi\u00f5es da cidade e oferecendo servi\u00e7os p\u00fablicos modernos e sustent\u00e1veis.<\/p>\n\n\n\n<figure class=\"wp-block-image size-full is-resized\"><img loading=\"lazy\" decoding=\"async\" src=\"https:\/\/jundiai.sp.gov.br\/noticias\/wp-content\/uploads\/sites\/32\/2022\/05\/reuniao_caf_prefeito-28.jpg\" alt=\"\" class=\"wp-image-292726\" width=\"840\" height=\"559\" srcset=\"https:\/\/jundiai.sp.gov.br\/noticias\/wp-content\/uploads\/sites\/32\/2022\/05\/reuniao_caf_prefeito-28.jpg 1280w, https:\/\/jundiai.sp.gov.br\/noticias\/wp-content\/uploads\/sites\/32\/2022\/05\/reuniao_caf_prefeito-28-300x200.jpg 300w, https:\/\/jundiai.sp.gov.br\/noticias\/wp-content\/uploads\/sites\/32\/2022\/05\/reuniao_caf_prefeito-28-768x512.jpg 768w, https:\/\/jundiai.sp.gov.br\/noticias\/wp-content\/uploads\/sites\/32\/2022\/05\/reuniao_caf_prefeito-28-450x300.jpg 450w\" sizes=\"auto, (max-width: 840px) 100vw, 840px\" \/><figcaption>Representantes da CAF foram recebidos pelo prefeito Luiz Fernando Machado na manh\u00e3 desta sexta (20)<\/figcaption><\/figure>\n\n\n\n<p>Ao todo, o investimento no Programa \u00e9 de US$ 80 milh\u00f5es, que corresponde a pouco mais de R$ 400 milh\u00f5es, para os 30 projetos &#8211; como a duplica\u00e7\u00e3o de importantes avenidas da cidade, com o objetivo de melhorar a mobilidade urbana, especialmente o trajeto do transporte coletivo e adequa\u00e7\u00f5es de acessibilidade, a revitaliza\u00e7\u00e3o do complexo Fepasa, a requalifica\u00e7\u00e3o de \u00e1reas p\u00fablicas do S\u00e3o Camilo, a implanta\u00e7\u00e3o do complexo educacional Rio Acima, reformas de escolas e de UBS, al\u00e9m da requalifica\u00e7\u00e3o urban\u00edstica da regi\u00e3o Central, entre outros.<\/p>\n\n\n\n<p>Na parte da manh\u00e3, os representantes da CAF foram recebidos pelo prefeito Luiz Fernando Machado, que falou sobre o trabalho desenvolvido em Jundia\u00ed. \u201cMais do que projetos grandiosos de infraestrutura, nossa preocupa\u00e7\u00e3o \u00e9 entregar projetos que beneficiam a popula\u00e7\u00e3o e o desenvolvimento da cidade. Ou seja, projetos que tenham impacto social e mudem a realidade de nosso munic\u00edpio para melhor\u201d, declarou o prefeito. \u201cNosso cidad\u00e3o cobra resultados e espera de n\u00f3s a boa aplica\u00e7\u00e3o do recurso p\u00fablico. Temos consci\u00eancia de que estamos no caminho certo, com uma gest\u00e3o de resultados, que olha para a qualidade de vida, para as nossas crian\u00e7as e que entrega servi\u00e7os p\u00fablicos eficazes.\u201d Para Luiz Fernando, o investimento de US$ 80 milh\u00f5es &#8211; alinhado ao PPA (Plano Plurianual) 2022-2025 e aos Objetivos do Desenvolvimento Sustent\u00e1vel (ODSs) da Agenda 2030 da ONU &#8211; ajudam Jundia\u00ed a se projetar para um futuro de crescimento sustent\u00e1vel. \u201cCada centavo investido aqui ter\u00e1 como foco as pessoas, o desenvolvimento humano.\u201d<\/p>\n\n\n\n<p>Desde quarta-feira, os representantes da CAF est\u00e3o em Jundia\u00ed analisando n\u00e3o apenas os projetos no papel, mas tamb\u00e9m indo \u00e0 campo para conhecer os locais em que eles ser\u00e3o implantados e analisar a sua viabilidade.<\/p>\n\n\n\n<figure class=\"wp-block-image size-full\"><img loading=\"lazy\" decoding=\"async\" width=\"1280\" height=\"853\" src=\"https:\/\/jundiai.sp.gov.br\/noticias\/wp-content\/uploads\/sites\/32\/2022\/05\/reuniao_caf_situacao-226.jpg\" alt=\"\" class=\"wp-image-292727\" srcset=\"https:\/\/jundiai.sp.gov.br\/noticias\/wp-content\/uploads\/sites\/32\/2022\/05\/reuniao_caf_situacao-226.jpg 1280w, https:\/\/jundiai.sp.gov.br\/noticias\/wp-content\/uploads\/sites\/32\/2022\/05\/reuniao_caf_situacao-226-300x200.jpg 300w, https:\/\/jundiai.sp.gov.br\/noticias\/wp-content\/uploads\/sites\/32\/2022\/05\/reuniao_caf_situacao-226-768x512.jpg 768w, https:\/\/jundiai.sp.gov.br\/noticias\/wp-content\/uploads\/sites\/32\/2022\/05\/reuniao_caf_situacao-226-450x300.jpg 450w\" sizes=\"auto, (max-width: 1280px) 100vw, 1280px\" \/><figcaption>Jos\u00e9 Antonio Parimoschi com Jaime Fajardo, Executivo Principal da Ger\u00eancia de Desenvolvimento Urbana, e por Jos\u00e9 Rafael Neto, Executivo S\u00eanior da Representa\u00e7\u00e3o da CAF no Brasil<\/figcaption><\/figure>\n\n\n\n<p>\u201cJundia\u00ed \u00e9 a segunda melhor cidade do Brasil em servi\u00e7os p\u00fablicos (estudo IDGM, Macroplan) e isso a qualifica para captar esse montante de recursos para investimentos multissetoriais. Mas temos os desafios do crescimento e da desigualdade social para superar e isso exige planejamento de longo prazo. O programa Avan\u00e7a Jundia\u00ed responde a essas demandas nos pr\u00f3ximos cinco anos, pois seu objetivo \u00e9 o de elevar a qualidade de vida da popula\u00e7\u00e3o e a inclus\u00e3o das pessoas e a sustentabilidade do crescimento da cidade\u201d, declara o gestor de Governo e Finan\u00e7as, Jos\u00e9 Antonio Parimoschi, que \u00e9 o coordenador geral do projeto no munic\u00edpio. \u201cA Prefeitura est\u00e1 com as finan\u00e7as em ordem, sabe o que precisa fazer e possui capacidade de honrar seus compromissos financeiros nos pr\u00f3ximos anos.\u201d<\/p>\n\n\n\n<p>A referida carta consulta para contrata\u00e7\u00e3o de opera\u00e7\u00e3o de cr\u00e9dito foi aprovada em dezembro de 2021 pela Comiss\u00e3o de Financiamentos Externos (Cofiex) do Minist\u00e9rio da Economia, tendo a CAF como agente financeiro.<\/p>\n\n\n\n<p>Durante as reuni\u00f5es de trabalho, Parimoschi e outros gestores apresentaram dados econ\u00f4micos e sociais de Jundia\u00ed e os t\u00e9cnicos da CAF puderam tirar d\u00favidas variadas sobre o planejamento e a estrutura do governo, com foco nos projetos que est\u00e3o sendo financiados. A miss\u00e3o foi chefiada por Jaime Fajardo, Executivo Principal da Ger\u00eancia de Desenvolvimento Urbana, e por Jos\u00e9 Rafael Neto, Executivo S\u00eanior da Representa\u00e7\u00e3o da CAF no Brasil.<\/p>\n\n\n\n<p><strong>Assessoria de Imprensa<br>Foto: fot\u00f3grafo PMJ<\/strong><\/p>\n","protected":false},"excerpt":{"rendered":"<p>Representantes da CAF &#8211; Corpora\u00e7\u00e3o Andina de Fomento (Banco de Desenvolvimento da Am\u00e9rica Latina) apresentaram na tarde desta sexta-feira (20) o relat\u00f3rio final da miss\u00e3o de avalia\u00e7\u00e3o realizada durante tr\u00eas dias em Jundia\u00ed. Foram analisados 30 projetos propostos no Programa de Desenvolvimento Urbano e Social apresentado pelo munic\u00edpio, que\u00a0 comp\u00f5em a segunda etapa do Avan\u00e7a [&hellip;]<\/p>\n","protected":false},"author":71,"featured_media":292726,"comment_status":"closed","ping_status":"closed","sticky":false,"template":"","format":"standard","meta":{"footnotes":""},"categories":[2],"tags":[1165,3059,3073,1062],"ods":[],"class_list":["post-292738","post","type-post","status-publish","format-standard","has-post-thumbnail","hentry","category-noticias","tag-avanca-jundiai","tag-caf","tag-corporacao-andina-de-fomento","tag-reuniao"],"_links":{"self":[{"href":"https:\/\/jundiai.sp.gov.br\/noticias\/wp-json\/wp\/v2\/posts\/292738","targetHints":{"allow":["GET"]}}],"collection":[{"href":"https:\/\/jundiai.sp.gov.br\/noticias\/wp-json\/wp\/v2\/posts"}],"about":[{"href":"https:\/\/jundiai.sp.gov.br\/noticias\/wp-json\/wp\/v2\/types\/post"}],"author":[{"embeddable":true,"href":"https:\/\/jundiai.sp.gov.br\/noticias\/wp-json\/wp\/v2\/users\/71"}],"replies":[{"embeddable":true,"href":"https:\/\/jundiai.sp.gov.br\/noticias\/wp-json\/wp\/v2\/comments?post=292738"}],"version-history":[{"count":2,"href":"https:\/\/jundiai.sp.gov.br\/noticias\/wp-json\/wp\/v2\/posts\/292738\/revisions"}],"predecessor-version":[{"id":292748,"href":"https:\/\/jundiai.sp.gov.br\/noticias\/wp-json\/wp\/v2\/posts\/292738\/revisions\/292748"}],"wp:featuredmedia":[{"embeddable":true,"href":"https:\/\/jundiai.sp.gov.br\/noticias\/wp-json\/wp\/v2\/media\/292726"}],"wp:attachment":[{"href":"https:\/\/jundiai.sp.gov.br\/noticias\/wp-json\/wp\/v2\/media?parent=292738"}],"wp:term":[{"taxonomy":"category","embeddable":true,"href":"https:\/\/jundiai.sp.gov.br\/noticias\/wp-json\/wp\/v2\/categories?post=292738"},{"taxonomy":"post_tag","embeddable":true,"href":"https:\/\/jundiai.sp.gov.br\/noticias\/wp-json\/wp\/v2\/tags?post=292738"},{"taxonomy":"ods","embeddable":true,"href":"https:\/\/jundiai.sp.gov.br\/noticias\/wp-json\/wp\/v2\/ods?post=292738"}],"curies":[{"name":"wp","href":"https:\/\/api.w.org\/{rel}","templated":true}]}}