{"id":292750,"date":"2022-05-22T10:15:00","date_gmt":"2022-05-22T13:15:00","guid":{"rendered":"https:\/\/jundiai.sp.gov.br\/noticias\/?p=292750"},"modified":"2022-05-24T11:04:09","modified_gmt":"2022-05-24T14:04:09","slug":"a-obra-de-ary-barroso-e-o-destaque-do-musica-historias-no-polytheama-nesta-quinta-26","status":"publish","type":"post","link":"https:\/\/jundiai.sp.gov.br\/noticias\/2022\/05\/22\/a-obra-de-ary-barroso-e-o-destaque-do-musica-historias-no-polytheama-nesta-quinta-26\/","title":{"rendered":"A obra de Ary Barroso \u00e9 o destaque do \u2018M\u00fasica &#038; Hist\u00f3rias\u2019 no Polytheama nesta quinta (26)"},"content":{"rendered":"\n<p>Com o objetivo de realizar um show em homenagem ao compositor Ary Barroso e apresentar ao p\u00fablico suas composi\u00e7\u00f5es, consideradas um patrim\u00f4nio hist\u00f3rico do Brasil, a Unidade de Gest\u00e3o de Cultura (UGC) promove com este tema a nona edi\u00e7\u00e3o do \u201cM\u00fasica &amp; Hist\u00f3rias\u201d, no Teatro Polytheama, nesta quinta-feira (26), a partir das 19h30.<\/p>\n\n\n\n<p><a rel=\"noreferrer noopener\" href=\"https:\/\/bileto.sympla.com.br\/event\/73525\/d\/139930\/s\/903797\" target=\"_blank\">ADQUIRA SEU INGRESSO GRATUITO<\/a><\/p>\n\n\n\n<p>O espet\u00e1culo, que leva o nome \u201cProjeto Ary Barroso no Cora\u00e7\u00e3o do Brasil\u201d vai reunir no palco do teatro os m\u00fasicos Fredy Fevereiro (voz e viol\u00e3o), Alex Mendon\u00e7a (contrabaixo), Cassio Soares (bateria), Thiago Louren\u00e7o (piano) e David Barcellos (guitarra). Tamb\u00e9m participam do show os atores Nat\u00e1lia Monte Carmelo e Rafael Viana, al\u00e9m dos bailarinos da Academia Monalisa Pizzolato.<\/p>\n\n\n\n<figure class=\"wp-block-image size-full\"><img loading=\"lazy\" decoding=\"async\" width=\"1280\" height=\"853\" src=\"https:\/\/jundiai.sp.gov.br\/noticias\/wp-content\/uploads\/sites\/32\/2022\/05\/musica_e_historias_polytheama_criancas-97.jpg\" alt=\"\" class=\"wp-image-292753\" srcset=\"https:\/\/jundiai.sp.gov.br\/noticias\/wp-content\/uploads\/sites\/32\/2022\/05\/musica_e_historias_polytheama_criancas-97.jpg 1280w, https:\/\/jundiai.sp.gov.br\/noticias\/wp-content\/uploads\/sites\/32\/2022\/05\/musica_e_historias_polytheama_criancas-97-300x200.jpg 300w, https:\/\/jundiai.sp.gov.br\/noticias\/wp-content\/uploads\/sites\/32\/2022\/05\/musica_e_historias_polytheama_criancas-97-768x512.jpg 768w, https:\/\/jundiai.sp.gov.br\/noticias\/wp-content\/uploads\/sites\/32\/2022\/05\/musica_e_historias_polytheama_criancas-97-450x300.jpg 450w\" sizes=\"auto, (max-width: 1280px) 100vw, 1280px\" \/><figcaption>Sempre com edi\u00e7\u00f5es tem\u00e1ticas, &#8216;M\u00fasica &amp; Hist\u00f3rias&#8217; re\u00fane no Polytheama muita m\u00fasica, dan\u00e7a e teatro<\/figcaption><\/figure>\n\n\n\n<p>Para Fredy Fevereiro, vocalista desta apresenta\u00e7\u00e3o, um dos prop\u00f3sitos do projeto \u00e9 divulgar a hist\u00f3ria da M\u00fasica Popular Brasileira (MPB). \u201cQueremos resgatar por meio deste projeto o trabalho de compositores como Ary Barroso, que contribu\u00edram enormemente para que o Brasil fosse um dos pa\u00edses mais respeitados no mundo, mas que por muitas vezes n\u00e3o \u00e9 conhecido por grande parte do p\u00fablico, principalmente entre os jovens\u201d.<\/p>\n\n\n\n<p>No repert\u00f3rio do show, o p\u00fablico poder\u00e1 relembrar, e at\u00e9 cantar junto, sucessos como \u201cCamisa Amarela\u201d, \u201cNo Rancho Fundo\u201d, \u201cIsso aqui \u00e9 o que \u00e9\u201d, \u201cNo tabuleiro da baiana\u201d, \u201cNa baixa do sapateiro\u201d, \u201cAquarela do Brasil\u201d, entre outros sucessos de Ary Barroso. O espet\u00e1culo contar\u00e1 ainda com tradu\u00e7\u00e3o simult\u00e2nea em L\u00edngua Brasileira de Sinais (Libras) no teatro.<\/p>\n\n\n\n<figure class=\"wp-block-gallery has-nested-images columns-5 is-cropped wp-block-gallery-1 is-layout-flex wp-block-gallery-is-layout-flex\">\n<figure class=\"wp-block-image size-large\"><a href=\"https:\/\/cultura.jundiai.sp.gov.br\/wp-content\/uploads\/2022\/05\/Fredy-Fevereiro.png\"><img decoding=\"async\" data-id=\"45654\" src=\"https:\/\/cultura.jundiai.sp.gov.br\/wp-content\/uploads\/2022\/05\/Fredy-Fevereiro.png\" alt=\"\" class=\"wp-image-45654\"\/><\/a><figcaption>Fredy Fevereiro<\/figcaption><\/figure>\n\n\n\n<figure class=\"wp-block-image size-large\"><a href=\"https:\/\/cultura.jundiai.sp.gov.br\/wp-content\/uploads\/2022\/05\/Alex-Mendonca.png\"><img decoding=\"async\" data-id=\"45655\" src=\"https:\/\/cultura.jundiai.sp.gov.br\/wp-content\/uploads\/2022\/05\/Alex-Mendonca.png\" alt=\"\" class=\"wp-image-45655\"\/><\/a><figcaption>Alex Mendon\u00e7a<\/figcaption><\/figure>\n\n\n\n<figure class=\"wp-block-image size-large\"><a href=\"https:\/\/cultura.jundiai.sp.gov.br\/wp-content\/uploads\/2022\/05\/Cassio-Soares-2.jpg\"><img decoding=\"async\" data-id=\"45531\" src=\"https:\/\/cultura.jundiai.sp.gov.br\/wp-content\/uploads\/2022\/05\/Cassio-Soares-2.jpg\" alt=\"\" class=\"wp-image-45531\"\/><\/a><figcaption>C\u00e1ssio Soares<\/figcaption><\/figure>\n\n\n\n<figure class=\"wp-block-image size-large\"><a href=\"https:\/\/cultura.jundiai.sp.gov.br\/wp-content\/uploads\/2022\/05\/Thiago-Lourenco.png\"><img decoding=\"async\" data-id=\"45657\" src=\"https:\/\/cultura.jundiai.sp.gov.br\/wp-content\/uploads\/2022\/05\/Thiago-Lourenco.png\" alt=\"\" class=\"wp-image-45657\"\/><\/a><figcaption>Thiago Louren\u00e7o<\/figcaption><\/figure>\n\n\n\n<figure class=\"wp-block-image size-large\"><a href=\"https:\/\/cultura.jundiai.sp.gov.br\/wp-content\/uploads\/2022\/05\/Natalia-Monte-Carmelo-2.jpg\"><img decoding=\"async\" data-id=\"45533\" src=\"https:\/\/cultura.jundiai.sp.gov.br\/wp-content\/uploads\/2022\/05\/Natalia-Monte-Carmelo-2.jpg\" alt=\"\" class=\"wp-image-45533\"\/><\/a><figcaption>Nat\u00e1lia Monte Carmelo<\/figcaption><\/figure>\n\n\n\n<figure class=\"wp-block-image size-large\"><a href=\"https:\/\/cultura.jundiai.sp.gov.br\/wp-content\/uploads\/2022\/05\/Rafael-Viana-2.jpg\"><img decoding=\"async\" data-id=\"45532\" src=\"https:\/\/cultura.jundiai.sp.gov.br\/wp-content\/uploads\/2022\/05\/Rafael-Viana-2.jpg\" alt=\"\" class=\"wp-image-45532\"\/><\/a><figcaption>Rafael Viana<\/figcaption><\/figure>\n\n\n\n<figure class=\"wp-block-image size-large\"><a href=\"https:\/\/cultura.jundiai.sp.gov.br\/wp-content\/uploads\/2022\/05\/bailarinas_monalisa-1.png\"><img decoding=\"async\" data-id=\"45536\" src=\"https:\/\/cultura.jundiai.sp.gov.br\/wp-content\/uploads\/2022\/05\/bailarinas_monalisa-1.png\" alt=\"\" class=\"wp-image-45536\"\/><\/a><figcaption>Academia Monalisa Pizzolato<\/figcaption><\/figure>\n\n\n\n<figure class=\"wp-block-image size-large\"><a href=\"https:\/\/cultura.jundiai.sp.gov.br\/wp-content\/uploads\/2022\/05\/bailarinas_monalisa-2.png\"><img decoding=\"async\" data-id=\"45535\" src=\"https:\/\/cultura.jundiai.sp.gov.br\/wp-content\/uploads\/2022\/05\/bailarinas_monalisa-2.png\" alt=\"\" class=\"wp-image-45535\"\/><\/a><figcaption>Academia Monalisa Pizzolato<\/figcaption><\/figure>\n\n\n\n<figure class=\"wp-block-image size-large\"><a href=\"https:\/\/cultura.jundiai.sp.gov.br\/wp-content\/uploads\/2022\/05\/bailarinas_monalisa-3.png\"><img decoding=\"async\" data-id=\"45538\" src=\"https:\/\/cultura.jundiai.sp.gov.br\/wp-content\/uploads\/2022\/05\/bailarinas_monalisa-3.png\" alt=\"\" class=\"wp-image-45538\"\/><\/a><figcaption>Academia Monalisa Pizzolato<\/figcaption><\/figure>\n\n\n\n<figure class=\"wp-block-image size-large\"><a href=\"https:\/\/cultura.jundiai.sp.gov.br\/wp-content\/uploads\/2022\/05\/bailarinas_monalisa-4.png\"><img decoding=\"async\" data-id=\"45537\" src=\"https:\/\/cultura.jundiai.sp.gov.br\/wp-content\/uploads\/2022\/05\/bailarinas_monalisa-4.png\" alt=\"\" class=\"wp-image-45537\"\/><\/a><figcaption>Academia Monalisa Pizzolato<\/figcaption><\/figure>\n<\/figure>\n\n\n\n<p>Os ingressos gratuitos para o espet\u00e1culo ficar\u00e3o dispon\u00edveis a partir das 10h30 desta ter\u00e7a-feira (24), tanto na bilheteria do teatro, quanto <a href=\"https:\/\/bileto.sympla.com.br\/event\/73525\/d\/139930\/s\/903797\" target=\"_blank\" rel=\"noreferrer noopener\">na internet, por meio da plataforma Sympla<\/a>. Cada interessado poder\u00e1 retirar at\u00e9 dois ingressos.<\/p>\n\n\n\n<p>O Teatro Polytheama fica na rua Bar\u00e3o de Jundia\u00ed, 176, Centro. Mais informa\u00e7\u00f5es pelo telefone (11) 4586-2472.<\/p>\n\n\n\n<p><strong>Assessoria de Imprensa<br>Fotos: Arquivo PMJ e Divulga\u00e7\u00e3o<\/strong><\/p>\n","protected":false},"excerpt":{"rendered":"<p>Com o objetivo de realizar um show em homenagem ao compositor Ary Barroso e apresentar ao p\u00fablico suas composi\u00e7\u00f5es, consideradas um patrim\u00f4nio hist\u00f3rico do Brasil, a Unidade de Gest\u00e3o de Cultura (UGC) promove com este tema a nona edi\u00e7\u00e3o do \u201cM\u00fasica &amp; Hist\u00f3rias\u201d, no Teatro Polytheama, nesta quinta-feira (26), a partir das 19h30. ADQUIRA SEU [&hellip;]<\/p>\n","protected":false},"author":14,"featured_media":292753,"comment_status":"closed","ping_status":"closed","sticky":false,"template":"","format":"standard","meta":{"footnotes":""},"categories":[2],"tags":[29,439,399,2276,400,98],"ods":[],"class_list":["post-292750","post","type-post","status-publish","format-standard","has-post-thumbnail","hentry","category-noticias","tag-cultura","tag-danca","tag-musica","tag-musica-historias","tag-teatro","tag-teatro-polytheama"],"_links":{"self":[{"href":"https:\/\/jundiai.sp.gov.br\/noticias\/wp-json\/wp\/v2\/posts\/292750","targetHints":{"allow":["GET"]}}],"collection":[{"href":"https:\/\/jundiai.sp.gov.br\/noticias\/wp-json\/wp\/v2\/posts"}],"about":[{"href":"https:\/\/jundiai.sp.gov.br\/noticias\/wp-json\/wp\/v2\/types\/post"}],"author":[{"embeddable":true,"href":"https:\/\/jundiai.sp.gov.br\/noticias\/wp-json\/wp\/v2\/users\/14"}],"replies":[{"embeddable":true,"href":"https:\/\/jundiai.sp.gov.br\/noticias\/wp-json\/wp\/v2\/comments?post=292750"}],"version-history":[{"count":6,"href":"https:\/\/jundiai.sp.gov.br\/noticias\/wp-json\/wp\/v2\/posts\/292750\/revisions"}],"predecessor-version":[{"id":293009,"href":"https:\/\/jundiai.sp.gov.br\/noticias\/wp-json\/wp\/v2\/posts\/292750\/revisions\/293009"}],"wp:featuredmedia":[{"embeddable":true,"href":"https:\/\/jundiai.sp.gov.br\/noticias\/wp-json\/wp\/v2\/media\/292753"}],"wp:attachment":[{"href":"https:\/\/jundiai.sp.gov.br\/noticias\/wp-json\/wp\/v2\/media?parent=292750"}],"wp:term":[{"taxonomy":"category","embeddable":true,"href":"https:\/\/jundiai.sp.gov.br\/noticias\/wp-json\/wp\/v2\/categories?post=292750"},{"taxonomy":"post_tag","embeddable":true,"href":"https:\/\/jundiai.sp.gov.br\/noticias\/wp-json\/wp\/v2\/tags?post=292750"},{"taxonomy":"ods","embeddable":true,"href":"https:\/\/jundiai.sp.gov.br\/noticias\/wp-json\/wp\/v2\/ods?post=292750"}],"curies":[{"name":"wp","href":"https:\/\/api.w.org\/{rel}","templated":true}]}}