{"id":292767,"date":"2022-05-21T15:02:10","date_gmt":"2022-05-21T18:02:10","guid":{"rendered":"https:\/\/jundiai.sp.gov.br\/noticias\/?p=292767"},"modified":"2022-05-21T15:02:10","modified_gmt":"2022-05-21T18:02:10","slug":"jundiaienses-homenageados-dao-nome-a-duas-novas-pracas","status":"publish","type":"post","link":"https:\/\/jundiai.sp.gov.br\/noticias\/2022\/05\/21\/jundiaienses-homenageados-dao-nome-a-duas-novas-pracas\/","title":{"rendered":"Jundiaienses homenageados d\u00e3o nome a duas novas pra\u00e7as"},"content":{"rendered":"\n<p>A manh\u00e3 deste s\u00e1bado (21) foi marcado por muita emo\u00e7\u00e3o nas entregas de duas Pra\u00e7as que receberam o nome de importantes jundiaienses que partiram recentemente. O Prefeito Luiz Fernando se fez presente em ambas as inaugura\u00e7\u00f5es e prestou as devidas homenagens \u00e0s fam\u00edlias.<\/p>\n\n\n\n<p>&#8220;Hoje homenageamos pessoas que foram extremamente importantes para nossa cidade e deixaram um legado. A partir deste momento, elas ficar\u00e3o eternizadas, de forma muito merecida e como um agradecimento da Prefeitura de Jundia\u00ed e da C\u00e2mara de Vereadores&#8221;, discursou o prefeito Luiz Fernando.<\/p>\n\n\n\n<p>A primeira delas est\u00e1 localizada no bairro Vale Azul e recebeu o nome de &#8220;Pra\u00e7a Casal Marquesim&#8221;, em homenagem a Aristeu Ant\u00f4nio Marquesim e Sheila Maria Marquesim, propriet\u00e1rios da Adega Marquesim e que faleceram no ano passado por conta da Covid-19. O casal estava junto h\u00e1 50 anos e faleceram no mesmo dia, em um intervalo de apenas 20 minutos. <\/p>\n\n\n\n<figure class=\"wp-block-image size-full\"><img loading=\"lazy\" decoding=\"async\" width=\"1280\" height=\"853\" src=\"https:\/\/jundiai.sp.gov.br\/noticias\/wp-content\/uploads\/sites\/32\/2022\/05\/entrega_praca_casal_marquesin_vale_azul-282.jpg\" alt=\"Prefeito Luiz Fernando e amigos na inaugura\u00e7\u00e3o da Pra\u00e7a Casal Marquesim\" class=\"wp-image-292777\" srcset=\"https:\/\/jundiai.sp.gov.br\/noticias\/wp-content\/uploads\/sites\/32\/2022\/05\/entrega_praca_casal_marquesin_vale_azul-282.jpg 1280w, https:\/\/jundiai.sp.gov.br\/noticias\/wp-content\/uploads\/sites\/32\/2022\/05\/entrega_praca_casal_marquesin_vale_azul-282-300x200.jpg 300w, https:\/\/jundiai.sp.gov.br\/noticias\/wp-content\/uploads\/sites\/32\/2022\/05\/entrega_praca_casal_marquesin_vale_azul-282-768x512.jpg 768w, https:\/\/jundiai.sp.gov.br\/noticias\/wp-content\/uploads\/sites\/32\/2022\/05\/entrega_praca_casal_marquesin_vale_azul-282-450x300.jpg 450w\" sizes=\"auto, (max-width: 1280px) 100vw, 1280px\" \/><figcaption>Casal Marquesim \u00e9 homenageado dando nome \u00e0 Pra\u00e7a no Vale Azul<\/figcaption><\/figure>\n\n\n\n<p>&#8220;Foi muito dif\u00edcil, ainda mais pelas circunst\u00e2ncias. Eu e minha irm\u00e3 tamb\u00e9m ficamos internados e depois n\u00e3o pudemos participar do vel\u00f3rio. At\u00e9 hoje lembramos deles nas atividades do dia a dia e guardamos os dois nos nossos cora\u00e7\u00f5es&#8221;, afirmou o filho do casal, Evandro Marquesim. &#8220;Desse sofrimento tamb\u00e9m trazemos muito aprendizado, principalmente de que nossa vida tem muito valor. Minha m\u00e3e era a minha melhor amiga&#8221;, completou \u00c9rica Marquesim.<\/p>\n\n\n\n<p>No final, um brinde em homenagem \u00e0 vida do casal foi realizado com um vinho da \u00faltima safra da Adega Marquesim em que eles participaram da produ\u00e7\u00e3o, em 2020. <\/p>\n\n\n\n<p>Em seguida, foi a vez da inaugura\u00e7\u00e3o da Pra\u00e7a Jair Leopoldo Leonardi, no bairro da Roseira. Seu Jair nasceu em 5 de abril de 1939, neto de imigrantes italianos e sempre trabalhou como produtor rural. <\/p>\n\n\n\n<p>H\u00e1 mais de 30 anos, seu Jair, junto com a esposa Laurinha, iniciaram um pequeno com\u00e9rcio que hoje se tornou o Kioske da Roseira, vencedor do pr\u00eamio de melhor coxinha de queijo de Jundia\u00ed em 2020. A pra\u00e7a que recebe seu nome est\u00e1 localizada bem ao frente ao Kioske. <\/p>\n\n\n\n<p>&#8220;Quem realmente conheceu meu pai sabe que ele era s\u00f3 cora\u00e7\u00e3o e poder perpetuar isso \u00e9 uma felicidade muito grande. N\u00f3s vamos partir um dia, mas a pra\u00e7a vai ficar. Meu pai criou a n\u00f3s todos aqui nesta terra, onde trabalhamos muito at\u00e9 chegar onde chegamos&#8221;, disse sua filha, M\u00f4nica Leonardi. <\/p>\n\n\n\n<figure class=\"wp-block-image size-full\"><img loading=\"lazy\" decoding=\"async\" width=\"1280\" height=\"853\" src=\"https:\/\/jundiai.sp.gov.br\/noticias\/wp-content\/uploads\/sites\/32\/2022\/05\/entrega_praca_jair_leonardi_roseira-48.jpg\" alt=\"Luiz Fernando cumprimenta dona Laurinha Leonardi, fundadora do Kioske da Roseira\" class=\"wp-image-292779\" srcset=\"https:\/\/jundiai.sp.gov.br\/noticias\/wp-content\/uploads\/sites\/32\/2022\/05\/entrega_praca_jair_leonardi_roseira-48.jpg 1280w, https:\/\/jundiai.sp.gov.br\/noticias\/wp-content\/uploads\/sites\/32\/2022\/05\/entrega_praca_jair_leonardi_roseira-48-300x200.jpg 300w, https:\/\/jundiai.sp.gov.br\/noticias\/wp-content\/uploads\/sites\/32\/2022\/05\/entrega_praca_jair_leonardi_roseira-48-768x512.jpg 768w, https:\/\/jundiai.sp.gov.br\/noticias\/wp-content\/uploads\/sites\/32\/2022\/05\/entrega_praca_jair_leonardi_roseira-48-450x300.jpg 450w\" sizes=\"auto, (max-width: 1280px) 100vw, 1280px\" \/><figcaption>Luiz Fernando cumprimenta dona Laurinha Leonardi, fundadora do Kioske da Roseira<\/figcaption><\/figure>\n\n\n\n<p><strong>Assessoria de Imprensa <\/strong><\/p>\n","protected":false},"excerpt":{"rendered":"<p>A manh\u00e3 deste s\u00e1bado (21) foi marcado por muita emo\u00e7\u00e3o nas entregas de duas Pra\u00e7as que receberam o nome de importantes jundiaienses que partiram recentemente. O Prefeito Luiz Fernando se fez presente em ambas as inaugura\u00e7\u00f5es e prestou as devidas homenagens \u00e0s fam\u00edlias. &#8220;Hoje homenageamos pessoas que foram extremamente importantes para nossa cidade e deixaram [&hellip;]<\/p>\n","protected":false},"author":79,"featured_media":0,"comment_status":"closed","ping_status":"closed","sticky":false,"template":"","format":"standard","meta":{"footnotes":""},"categories":[2],"tags":[],"ods":[],"class_list":["post-292767","post","type-post","status-publish","format-standard","hentry","category-noticias"],"_links":{"self":[{"href":"https:\/\/jundiai.sp.gov.br\/noticias\/wp-json\/wp\/v2\/posts\/292767","targetHints":{"allow":["GET"]}}],"collection":[{"href":"https:\/\/jundiai.sp.gov.br\/noticias\/wp-json\/wp\/v2\/posts"}],"about":[{"href":"https:\/\/jundiai.sp.gov.br\/noticias\/wp-json\/wp\/v2\/types\/post"}],"author":[{"embeddable":true,"href":"https:\/\/jundiai.sp.gov.br\/noticias\/wp-json\/wp\/v2\/users\/79"}],"replies":[{"embeddable":true,"href":"https:\/\/jundiai.sp.gov.br\/noticias\/wp-json\/wp\/v2\/comments?post=292767"}],"version-history":[{"count":5,"href":"https:\/\/jundiai.sp.gov.br\/noticias\/wp-json\/wp\/v2\/posts\/292767\/revisions"}],"predecessor-version":[{"id":292786,"href":"https:\/\/jundiai.sp.gov.br\/noticias\/wp-json\/wp\/v2\/posts\/292767\/revisions\/292786"}],"wp:attachment":[{"href":"https:\/\/jundiai.sp.gov.br\/noticias\/wp-json\/wp\/v2\/media?parent=292767"}],"wp:term":[{"taxonomy":"category","embeddable":true,"href":"https:\/\/jundiai.sp.gov.br\/noticias\/wp-json\/wp\/v2\/categories?post=292767"},{"taxonomy":"post_tag","embeddable":true,"href":"https:\/\/jundiai.sp.gov.br\/noticias\/wp-json\/wp\/v2\/tags?post=292767"},{"taxonomy":"ods","embeddable":true,"href":"https:\/\/jundiai.sp.gov.br\/noticias\/wp-json\/wp\/v2\/ods?post=292767"}],"curies":[{"name":"wp","href":"https:\/\/api.w.org\/{rel}","templated":true}]}}