{"id":292782,"date":"2022-05-21T18:02:36","date_gmt":"2022-05-21T21:02:36","guid":{"rendered":"https:\/\/jundiai.sp.gov.br\/noticias\/?p=292782"},"modified":"2022-05-21T18:02:36","modified_gmt":"2022-05-21T21:02:36","slug":"sabado-foi-o-dia-d-de-multivacinacao","status":"publish","type":"post","link":"https:\/\/jundiai.sp.gov.br\/noticias\/2022\/05\/21\/sabado-foi-o-dia-d-de-multivacinacao\/","title":{"rendered":"S\u00e1bado foi o Dia D de Multivacina\u00e7\u00e3o"},"content":{"rendered":"\n<p>A manh\u00e3 deste s\u00e1bado foi marcada pela oferta de vacinas em diversas Unidades de Sa\u00fade, foram cinco locais dispon\u00edveis: UBS Santa Gertrudes, Nova UBS S\u00e3o Camilo, UBS Hortol\u00e2ndia e a Cl\u00ednica da Fam\u00edlia do Novo Horizonte, que registraram um grande n\u00famero de pessoas.&nbsp;<\/p>\n\n\n\n<p>Foram aplicadas 179 doses da vacina\u00a0Tr\u00edplice viral (sarampo), 521 doses de Covid-19 e 472 dose de Influenza, al\u00e9m das demais vacinas de rotina das crian\u00e7as.\u00a0<\/p>\n\n\n\n<p>Com a queda nas temperaturas, e a proximidade do invernos, h\u00e1 maior circula\u00e7\u00e3o de v\u00edrus, o que ocasiona o aumento do n\u00famero de casos de doen\u00e7as como Covid-19, influenza, sarampo e meningite.<\/p>\n\n\n\n<p>&#8220;Vi uma mat\u00e9ria no site da Prefeitura falando sobre a campanha de vacina\u00e7\u00e3o para crian\u00e7as e aproveitei hoje, que \u00e9 s\u00e1bado, para trazer meu filho&#8221;, comenta Tabata de Oliveira, m\u00e3e do Marco Mauricio de Oliveira, de 4 anos. &#8220;Na \u00faltima vez que teve essa mesma campanha ele estava com sintomas de gripe e por isso n\u00e3o foi vacinar&#8221;, completa.<\/p>\n\n\n\n<figure class=\"wp-block-image size-full\"><img loading=\"lazy\" decoding=\"async\" width=\"1280\" height=\"853\" src=\"https:\/\/jundiai.sp.gov.br\/noticias\/wp-content\/uploads\/sites\/32\/2022\/05\/dia_d_vacinacao_hortolandia-71.jpg\" alt=\"\" class=\"wp-image-292783\" srcset=\"https:\/\/jundiai.sp.gov.br\/noticias\/wp-content\/uploads\/sites\/32\/2022\/05\/dia_d_vacinacao_hortolandia-71.jpg 1280w, https:\/\/jundiai.sp.gov.br\/noticias\/wp-content\/uploads\/sites\/32\/2022\/05\/dia_d_vacinacao_hortolandia-71-300x200.jpg 300w, https:\/\/jundiai.sp.gov.br\/noticias\/wp-content\/uploads\/sites\/32\/2022\/05\/dia_d_vacinacao_hortolandia-71-768x512.jpg 768w, https:\/\/jundiai.sp.gov.br\/noticias\/wp-content\/uploads\/sites\/32\/2022\/05\/dia_d_vacinacao_hortolandia-71-450x300.jpg 450w\" sizes=\"auto, (max-width: 1280px) 100vw, 1280px\" \/><figcaption>Fam\u00edlia aproveitou o s\u00e1bado para vacina\u00e7\u00e3o<br><\/figcaption><\/figure>\n\n\n\n<p>Tabata recebeu a vacina contra a influenza e aproveitou para colocar em dia a carteira de vacina\u00e7\u00e3o do pequeno Marco que estava com vacinas em atraso e recebeu duas doses da febre amarela e a de sarampo.&nbsp;<\/p>\n\n\n\n<p>Quem n\u00e3o conseguiu se vacinar neste s\u00e1bado pode procurar pela Unidade de Sa\u00fade mais pr\u00f3xima da resid\u00eancia para receber as doses de acordo com o calend\u00e1rio dispon\u00edvel:&nbsp;<\/p>\n\n\n\n<p>Crian\u00e7as menores de cinco anos: Todas as doses de rotina<br>Crian\u00e7as entre seis meses e menores de 5 anos: Influenza e sarampo<\/p>\n\n\n\n<p>5 a 11 anos: COVID-19<br>12 anos+ imonossuprimidas: COVID-19 (p\u00fablico deve receber 4 doses para preven\u00e7\u00e3o das formas graves da doen\u00e7a)<br>18 a 59 anos: COVID-19 (tr\u00eas doses)<br>60 anos ou mais: COVID-19 (quatro doses) e influenza<br>Ainda \u00e9 importante lembrar que as gestantes e pu\u00e9rperas (mulheres no per\u00edodo de at\u00e9 45 dias ap\u00f3s o parto); pessoas com comorbidades e ou defici\u00eancias, crian\u00e7as entre 6 meses a menores de 5 anos; professores; auxiliares de sala; profissionais de sa\u00fade; caminhoneiros; trabalhadores de transporte coletivo rodovi\u00e1rio de passageiros urbano e de longo curso; trabalhadores portu\u00e1rios, de for\u00e7as de seguran\u00e7a e salvamento, e de for\u00e7as armadas; e funcion\u00e1rios do sistema prisional tamb\u00e9m est\u00e3o habilitados para receberem a vacina contra influenza.<\/p>\n\n\n\n<figure class=\"wp-block-image size-full\"><img loading=\"lazy\" decoding=\"async\" width=\"1280\" height=\"853\" src=\"https:\/\/jundiai.sp.gov.br\/noticias\/wp-content\/uploads\/sites\/32\/2022\/05\/dia_d_vacinacao_hortolandia-103.jpg\" alt=\"\" class=\"wp-image-292784\" srcset=\"https:\/\/jundiai.sp.gov.br\/noticias\/wp-content\/uploads\/sites\/32\/2022\/05\/dia_d_vacinacao_hortolandia-103.jpg 1280w, https:\/\/jundiai.sp.gov.br\/noticias\/wp-content\/uploads\/sites\/32\/2022\/05\/dia_d_vacinacao_hortolandia-103-300x200.jpg 300w, https:\/\/jundiai.sp.gov.br\/noticias\/wp-content\/uploads\/sites\/32\/2022\/05\/dia_d_vacinacao_hortolandia-103-768x512.jpg 768w, https:\/\/jundiai.sp.gov.br\/noticias\/wp-content\/uploads\/sites\/32\/2022\/05\/dia_d_vacinacao_hortolandia-103-450x300.jpg 450w\" sizes=\"auto, (max-width: 1280px) 100vw, 1280px\" \/><figcaption>Quem est\u00e1 com alguma dose atrasada deve procurar uma UBS<\/figcaption><\/figure>\n","protected":false},"excerpt":{"rendered":"<p>A manh\u00e3 deste s\u00e1bado foi marcada pela oferta de vacinas em diversas Unidades de Sa\u00fade, foram cinco locais dispon\u00edveis: UBS Santa Gertrudes, Nova UBS S\u00e3o Camilo, UBS Hortol\u00e2ndia e a Cl\u00ednica da Fam\u00edlia do Novo Horizonte, que registraram um grande n\u00famero de pessoas.&nbsp; Foram aplicadas 179 doses da vacina\u00a0Tr\u00edplice viral (sarampo), 521 doses de Covid-19 [&hellip;]<\/p>\n","protected":false},"author":79,"featured_media":0,"comment_status":"closed","ping_status":"closed","sticky":false,"template":"","format":"standard","meta":{"footnotes":""},"categories":[2],"tags":[],"ods":[],"class_list":["post-292782","post","type-post","status-publish","format-standard","hentry","category-noticias"],"_links":{"self":[{"href":"https:\/\/jundiai.sp.gov.br\/noticias\/wp-json\/wp\/v2\/posts\/292782","targetHints":{"allow":["GET"]}}],"collection":[{"href":"https:\/\/jundiai.sp.gov.br\/noticias\/wp-json\/wp\/v2\/posts"}],"about":[{"href":"https:\/\/jundiai.sp.gov.br\/noticias\/wp-json\/wp\/v2\/types\/post"}],"author":[{"embeddable":true,"href":"https:\/\/jundiai.sp.gov.br\/noticias\/wp-json\/wp\/v2\/users\/79"}],"replies":[{"embeddable":true,"href":"https:\/\/jundiai.sp.gov.br\/noticias\/wp-json\/wp\/v2\/comments?post=292782"}],"version-history":[{"count":7,"href":"https:\/\/jundiai.sp.gov.br\/noticias\/wp-json\/wp\/v2\/posts\/292782\/revisions"}],"predecessor-version":[{"id":292793,"href":"https:\/\/jundiai.sp.gov.br\/noticias\/wp-json\/wp\/v2\/posts\/292782\/revisions\/292793"}],"wp:attachment":[{"href":"https:\/\/jundiai.sp.gov.br\/noticias\/wp-json\/wp\/v2\/media?parent=292782"}],"wp:term":[{"taxonomy":"category","embeddable":true,"href":"https:\/\/jundiai.sp.gov.br\/noticias\/wp-json\/wp\/v2\/categories?post=292782"},{"taxonomy":"post_tag","embeddable":true,"href":"https:\/\/jundiai.sp.gov.br\/noticias\/wp-json\/wp\/v2\/tags?post=292782"},{"taxonomy":"ods","embeddable":true,"href":"https:\/\/jundiai.sp.gov.br\/noticias\/wp-json\/wp\/v2\/ods?post=292782"}],"curies":[{"name":"wp","href":"https:\/\/api.w.org\/{rel}","templated":true}]}}