{"id":293257,"date":"2022-05-26T18:13:45","date_gmt":"2022-05-26T21:13:45","guid":{"rendered":"https:\/\/jundiai.sp.gov.br\/noticias\/?p=293257"},"modified":"2022-05-26T18:13:45","modified_gmt":"2022-05-26T21:13:45","slug":"complexo-fepasa-recebe-oficina-gratuita-de-palhacaria-com-marisa-riso-neste-domingo-29","status":"publish","type":"post","link":"https:\/\/jundiai.sp.gov.br\/noticias\/2022\/05\/26\/complexo-fepasa-recebe-oficina-gratuita-de-palhacaria-com-marisa-riso-neste-domingo-29\/","title":{"rendered":"Complexo Fepasa recebe oficina gratuita de Palha\u00e7aria, com Marisa Riso, neste domingo (29)"},"content":{"rendered":"\n<p>Pessoas acima de 16 anos, interessadas na arte da palha\u00e7aria e que j\u00e1 possuam alguma intimidade com o universo das artes c\u00eanicas poder\u00e3o participar gratuitamente da Oficina de Palha\u00e7aria com a artista-palha\u00e7a Marisa Riso. A forma\u00e7\u00e3o ser\u00e1 neste domingo (29), das 9h \u00e0s 12h, na Sala dos Rel\u00f3gios do Complexo Fepasa, sede da Unidade de Gest\u00e3o de Cultura (UGC).<\/p>\n\n\n\n<p>A iniciativa integra as a\u00e7\u00f5es do Programa de Qualifica\u00e7\u00e3o em Artes, das Oficinas Poiesis e Secretaria de Cultura e Economia Criativa do Estado, que tem como proposta a orienta\u00e7\u00e3o art\u00edstica para grupos, companhias e coletivos de teatro e dan\u00e7a de todo o Estado. Em Jundia\u00ed, ser\u00e3o oferecidas 20 vagas e os <a rel=\"noreferrer noopener\" href=\"https:\/\/docs.google.com\/forms\/d\/e\/1FAIpQLScyAAhPD7bVwVRymcKtgvuNl_oo8-863Nw3q5aScCzv0vB9Yw\/viewform?usp=sf_link\" target=\"_blank\">interessados devem se inscrever pelo formul\u00e1rio on-line<\/a>. <\/p>\n\n\n\n<p>Na Oficina de Palha\u00e7aria, a Marisa prop\u00f5e uma pedagogia voltada para a descoberta e aprofundamento do jogo da palha\u00e7aria, destinada \u00e0s pessoas que buscam o desenvolvimento da comicidade atrav\u00e9s do di\u00e1logo entre t\u00e9cnicas tradicionais e contempor\u00e2neas.<\/p>\n\n\n\n<p>Segundo Marisa Riso, esse encontro em torno da comicidade possibilita uma introdu\u00e7\u00e3o e um desenvolvimento da arte clownesca. \u201cA descoberta da cumplicidade entre os parceiros e com o p\u00fablico, a busca incessante do prazer e da humanidade, as estrat\u00e9gias ilimitadas para afinar a comunica\u00e7\u00e3o com as outras pessoas s\u00e3o as bases dessa pedagogia que eu trabalho com os participantes\u201d.<\/p>\n\n\n\n<p><strong>Especial<\/strong><br>No per\u00edodo da tarde, das 13h \u00e0s 16h, a Oficina de Palha\u00e7aria ter\u00e1 uma segunda turma. Mas essa ser\u00e1 uma oficina especial. Somente os integrantes da \u201cCia. O que tem, Maria?\u201d, de Jundia\u00ed, participar\u00e3o com Marisa Riso, uma vez que o grupo foi selecionado pela Poiesis para participar do Programa de Qualifica\u00e7\u00e3o 2022. A companhia foi formada em 2015, com a proposta de trabalhar v\u00e1rias linguagens e formas de se fazer arte. Atualmente, a Cia. desenvolve um novo projeto, ensaiando o texto \u201c A Cientista\u201d, trabalho tamb\u00e9m contemplado para o programa estadual.<\/p>\n\n\n\n<p>O Complexo Fepasa fica na avenida Uni\u00e3o dos Ferrovi\u00e1rios, 1760. Mais informa\u00e7\u00f5es pelo telefone 4589-6800.<\/p>\n\n\n\n<figure class=\"wp-block-image size-full\"><img loading=\"lazy\" decoding=\"async\" width=\"1280\" height=\"701\" src=\"https:\/\/jundiai.sp.gov.br\/noticias\/wp-content\/uploads\/sites\/32\/2022\/05\/image-1.png\" alt=\"\" class=\"wp-image-293259\" srcset=\"https:\/\/jundiai.sp.gov.br\/noticias\/wp-content\/uploads\/sites\/32\/2022\/05\/image-1.png 1280w, https:\/\/jundiai.sp.gov.br\/noticias\/wp-content\/uploads\/sites\/32\/2022\/05\/image-1-300x164.png 300w, https:\/\/jundiai.sp.gov.br\/noticias\/wp-content\/uploads\/sites\/32\/2022\/05\/image-1-768x421.png 768w\" sizes=\"auto, (max-width: 1280px) 100vw, 1280px\" \/><\/figure>\n\n\n\n<p><strong>Assessoria de Imprensa<br>Foto: Divulga\u00e7\u00e3o<\/strong><\/p>\n","protected":false},"excerpt":{"rendered":"<p>Pessoas acima de 16 anos, interessadas na arte da palha\u00e7aria e que j\u00e1 possuam alguma intimidade com o universo das artes c\u00eanicas poder\u00e3o participar gratuitamente da Oficina de Palha\u00e7aria com a artista-palha\u00e7a Marisa Riso. A forma\u00e7\u00e3o ser\u00e1 neste domingo (29), das 9h \u00e0s 12h, na Sala dos Rel\u00f3gios do Complexo Fepasa, sede da Unidade de [&hellip;]<\/p>\n","protected":false},"author":14,"featured_media":293262,"comment_status":"closed","ping_status":"closed","sticky":false,"template":"","format":"standard","meta":{"footnotes":""},"categories":[2],"tags":[29,449],"ods":[],"class_list":["post-293257","post","type-post","status-publish","format-standard","has-post-thumbnail","hentry","category-noticias","tag-cultura","tag-espaco-expressa"],"_links":{"self":[{"href":"https:\/\/jundiai.sp.gov.br\/noticias\/wp-json\/wp\/v2\/posts\/293257","targetHints":{"allow":["GET"]}}],"collection":[{"href":"https:\/\/jundiai.sp.gov.br\/noticias\/wp-json\/wp\/v2\/posts"}],"about":[{"href":"https:\/\/jundiai.sp.gov.br\/noticias\/wp-json\/wp\/v2\/types\/post"}],"author":[{"embeddable":true,"href":"https:\/\/jundiai.sp.gov.br\/noticias\/wp-json\/wp\/v2\/users\/14"}],"replies":[{"embeddable":true,"href":"https:\/\/jundiai.sp.gov.br\/noticias\/wp-json\/wp\/v2\/comments?post=293257"}],"version-history":[{"count":1,"href":"https:\/\/jundiai.sp.gov.br\/noticias\/wp-json\/wp\/v2\/posts\/293257\/revisions"}],"predecessor-version":[{"id":293263,"href":"https:\/\/jundiai.sp.gov.br\/noticias\/wp-json\/wp\/v2\/posts\/293257\/revisions\/293263"}],"wp:featuredmedia":[{"embeddable":true,"href":"https:\/\/jundiai.sp.gov.br\/noticias\/wp-json\/wp\/v2\/media\/293262"}],"wp:attachment":[{"href":"https:\/\/jundiai.sp.gov.br\/noticias\/wp-json\/wp\/v2\/media?parent=293257"}],"wp:term":[{"taxonomy":"category","embeddable":true,"href":"https:\/\/jundiai.sp.gov.br\/noticias\/wp-json\/wp\/v2\/categories?post=293257"},{"taxonomy":"post_tag","embeddable":true,"href":"https:\/\/jundiai.sp.gov.br\/noticias\/wp-json\/wp\/v2\/tags?post=293257"},{"taxonomy":"ods","embeddable":true,"href":"https:\/\/jundiai.sp.gov.br\/noticias\/wp-json\/wp\/v2\/ods?post=293257"}],"curies":[{"name":"wp","href":"https:\/\/api.w.org\/{rel}","templated":true}]}}