{"id":293312,"date":"2022-05-30T08:19:00","date_gmt":"2022-05-30T11:19:00","guid":{"rendered":"https:\/\/jundiai.sp.gov.br\/noticias\/?p=293312"},"modified":"2022-05-27T12:19:57","modified_gmt":"2022-05-27T15:19:57","slug":"neste-ano-dia-mundial-sem-tabaco-tambem-foca-no-meio-ambiente","status":"publish","type":"post","link":"https:\/\/jundiai.sp.gov.br\/noticias\/2022\/05\/30\/neste-ano-dia-mundial-sem-tabaco-tambem-foca-no-meio-ambiente\/","title":{"rendered":"Neste ano, Dia Mundial sem Tabaco tamb\u00e9m foca no meio ambiente"},"content":{"rendered":"\n<p>Na pr\u00f3xima ter\u00e7a-feira (31), \u00e9 comemorado o dia Mundial Sem Tabaco, que neste ano, abordar\u00e1 o tema &#8216;Cigarro e Meio Ambiente&#8217;. Para celebrar, o Programa de Assist\u00eancia Intensiva ao Tabagista (PAIT) receber\u00e1 uma exposi\u00e7\u00e3o de desenhos no N\u00facleo Integrado de Sa\u00fade (NIS). \u201cO cigarro afeta o meio ambiente, pois temos v\u00e1rios problemas como, a contamina\u00e7\u00e3o do ar pelas subst\u00e2ncias t\u00f3xicas do cigarro e o descarte irregular das bitucas, que demoram cerca de cinco anos para se decompor, al\u00e9m de irem para os rios e mares e contaminar os animais\u201d, comenta o coordenador do Programa de Assist\u00eancia Intensiva ao Tabagista (PAIT) da Prefeitura de Jundia\u00ed, doutor Carlos Costa. <\/p>\n\n\n\n<p>O tabagismo \u00e9 classificado como uma epidemia mundial, sendo considerado pela Organiza\u00e7\u00e3o Mundial de Sa\u00fade (OMS) como a principal causa de morte evit\u00e1vel no mundo.  O c\u00e2ncer de pulm\u00e3o \u00e9 a principal doen\u00e7a causada pelo tabagismo, tendo cerca de 80% dos casos causados pelo uso do tabaco. No mundo, s\u00e3o estimadas mais de 7 milh\u00f5es de mortes pelos motivos citados. No Brasil, cerca de 433 pessoas morem por dia por causa do tabagismo, este valor representa 13% das mortes que ocorrem no Brasil anualmente, de acordo com a OMS.<\/p>\n\n\n\n<p>\u201cO tabaco afeta n\u00e3o somente quem \u00e9 o usu\u00e1rio ativo da subst\u00e2ncia como quem \u00e9 passivo, que acabam por inalar as subst\u00e2ncias t\u00f3xicas.  E o impacto n\u00e3o se restringe ao cigarro tradicional, como tamb\u00e9m \u00e0s suas varia\u00e7\u00f5es, como o narguil\u00e9\u201d, completa o coordenador.<\/p>\n\n\n\n<figure class=\"wp-block-image size-full\"><img loading=\"lazy\" decoding=\"async\" width=\"1280\" height=\"853\" src=\"https:\/\/jundiai.sp.gov.br\/noticias\/wp-content\/uploads\/sites\/32\/2022\/05\/cigarro-94.jpg\" alt=\"DESCRI\u00c7\u00c3O DA IMAGEM: M\u00e3o amassa uma caixa de cigarros vermelha. Na embalagem, a mensagem: este produto causa c\u00e2ncer. Pare de fumar. \" class=\"wp-image-293347\" srcset=\"https:\/\/jundiai.sp.gov.br\/noticias\/wp-content\/uploads\/sites\/32\/2022\/05\/cigarro-94.jpg 1280w, https:\/\/jundiai.sp.gov.br\/noticias\/wp-content\/uploads\/sites\/32\/2022\/05\/cigarro-94-300x200.jpg 300w, https:\/\/jundiai.sp.gov.br\/noticias\/wp-content\/uploads\/sites\/32\/2022\/05\/cigarro-94-768x512.jpg 768w, https:\/\/jundiai.sp.gov.br\/noticias\/wp-content\/uploads\/sites\/32\/2022\/05\/cigarro-94-450x300.jpg 450w\" sizes=\"auto, (max-width: 1280px) 100vw, 1280px\" \/><figcaption>O consumo do tabaco est\u00e1 relacionado como causa para diversas doen\u00e7as, inclusive o c\u00e2ncer<\/figcaption><\/figure>\n\n\n\n<p>Atualmente, a moda entre os jovens \u00e9 o cigarro eletr\u00f4nico e o narguil\u00e9, considerado inofensivo entre usu\u00e1rios, por\u00e9m, sendo uma porta para a entrada ao v\u00edcio do cigarro comum. Essas varia\u00e7\u00f5es tamb\u00e9m est\u00e3o na lista dos principais causadores de doen\u00e7as pulmonares, e at\u00e9 mesmo AVC. Mais de 50 doen\u00e7as est\u00e3o ligadas ao uso do cigarro. O uso coletivo, exp\u00f5e o risco a doen\u00e7as contagiosas como, herpes, hepatite C e tuberculose, assim como, infec\u00e7\u00f5es respirat\u00f3rias, \u00falcera gastrintestinal, impot\u00eancia sexual, infertilidade em mulheres e homens, osteoporose, catarata, entre outros.<\/p>\n\n\n\n<p> Para enfrentar o v\u00edcio e mudar o estilo de vida de quem passou anos sendo usu\u00e1rio do tabaco, a Prefeitura de Jundia\u00ed conta com o PAIT, que faz parte da Unidade de Gest\u00e3o de Promo\u00e7\u00e3o da Sa\u00fade (UGPS). Ao longo da exist\u00eancia do programa, cerca de 8 mil pessoas j\u00e1 tiveram aux\u00edlio para o enfrentamento \u00e0 doen\u00e7a. Com atendimento gratuito e acompanhamento completo, inclusive, com a dispensa\u00e7\u00e3o de medicamentos para os casos necess\u00e1rios, o servi\u00e7o \u00e9 oferecido em Unidades B\u00e1sicas de Sa\u00fade e N\u00facleo Integrado de Sa\u00fade (NIS). Em m\u00e9dia, o PAIT atende a 500 pessoas por ano, com taxa de sucesso de 80% na conclus\u00e3o do programa. <\/p>\n\n\n\n<p>Os encontros semanais s\u00e3o realizados no NIS (localizado na Av. Carlos Sales Block, 74), \u00e0s 14h, \u00e0s quartas-feiras. No entanto, aqueles que preferirem, podem optar pelo atendimento em alguma Unidade B\u00e1sica de Sa\u00fade. Para tanto, basta entrar em contato com a sua UBS de refer\u00eancia e conhecer qual o local mais pr\u00f3ximo de sua resid\u00eancia que oferece os grupos de atendimento PAIT. A exposi\u00e7\u00e3o dos desenhos ser\u00e1 realizada neste dia 31. De acordo com o coordenador do PAIT, a exposi\u00e7\u00e3o conta com desenhos feitos por crian\u00e7as de uma escola de Campo Limpo Paulista, com foco no fumo e o impacto \u00e0 sociedade e ao meio ambiente.<\/p>\n\n\n\n<p><strong>Assessoria de Imprensa<br>Fotos: Fot\u00f3grafos PMJ<\/strong><\/p>\n","protected":false},"excerpt":{"rendered":"<p>Na pr\u00f3xima ter\u00e7a-feira (31), \u00e9 comemorado o dia Mundial Sem Tabaco, que neste ano, abordar\u00e1 o tema &#8216;Cigarro e Meio Ambiente&#8217;. Para celebrar, o Programa de Assist\u00eancia Intensiva ao Tabagista (PAIT) receber\u00e1 uma exposi\u00e7\u00e3o de desenhos no N\u00facleo Integrado de Sa\u00fade (NIS). \u201cO cigarro afeta o meio ambiente, pois temos v\u00e1rios problemas como, a contamina\u00e7\u00e3o [&hellip;]<\/p>\n","protected":false},"author":39,"featured_media":293347,"comment_status":"closed","ping_status":"closed","sticky":false,"template":"","format":"standard","meta":{"footnotes":""},"categories":[2],"tags":[3099,1178,981],"ods":[],"class_list":["post-293312","post","type-post","status-publish","format-standard","has-post-thumbnail","hentry","category-noticias","tag-dia-mundial-sem-tabaco","tag-pait","tag-promocao-da-saude"],"_links":{"self":[{"href":"https:\/\/jundiai.sp.gov.br\/noticias\/wp-json\/wp\/v2\/posts\/293312","targetHints":{"allow":["GET"]}}],"collection":[{"href":"https:\/\/jundiai.sp.gov.br\/noticias\/wp-json\/wp\/v2\/posts"}],"about":[{"href":"https:\/\/jundiai.sp.gov.br\/noticias\/wp-json\/wp\/v2\/types\/post"}],"author":[{"embeddable":true,"href":"https:\/\/jundiai.sp.gov.br\/noticias\/wp-json\/wp\/v2\/users\/39"}],"replies":[{"embeddable":true,"href":"https:\/\/jundiai.sp.gov.br\/noticias\/wp-json\/wp\/v2\/comments?post=293312"}],"version-history":[{"count":6,"href":"https:\/\/jundiai.sp.gov.br\/noticias\/wp-json\/wp\/v2\/posts\/293312\/revisions"}],"predecessor-version":[{"id":293349,"href":"https:\/\/jundiai.sp.gov.br\/noticias\/wp-json\/wp\/v2\/posts\/293312\/revisions\/293349"}],"wp:featuredmedia":[{"embeddable":true,"href":"https:\/\/jundiai.sp.gov.br\/noticias\/wp-json\/wp\/v2\/media\/293347"}],"wp:attachment":[{"href":"https:\/\/jundiai.sp.gov.br\/noticias\/wp-json\/wp\/v2\/media?parent=293312"}],"wp:term":[{"taxonomy":"category","embeddable":true,"href":"https:\/\/jundiai.sp.gov.br\/noticias\/wp-json\/wp\/v2\/categories?post=293312"},{"taxonomy":"post_tag","embeddable":true,"href":"https:\/\/jundiai.sp.gov.br\/noticias\/wp-json\/wp\/v2\/tags?post=293312"},{"taxonomy":"ods","embeddable":true,"href":"https:\/\/jundiai.sp.gov.br\/noticias\/wp-json\/wp\/v2\/ods?post=293312"}],"curies":[{"name":"wp","href":"https:\/\/api.w.org\/{rel}","templated":true}]}}