{"id":293361,"date":"2022-05-27T17:11:43","date_gmt":"2022-05-27T20:11:43","guid":{"rendered":"https:\/\/jundiai.sp.gov.br\/noticias\/?p=293361"},"modified":"2022-05-30T13:31:49","modified_gmt":"2022-05-30T16:31:49","slug":"agendamento-para-o-mutirao-de-castracao-na-regiao-do-cecap-e-engordadouro-sera-nesta-segunda-feira-30","status":"publish","type":"post","link":"https:\/\/jundiai.sp.gov.br\/noticias\/2022\/05\/27\/agendamento-para-o-mutirao-de-castracao-na-regiao-do-cecap-e-engordadouro-sera-nesta-segunda-feira-30\/","title":{"rendered":"Agendamento para o mutir\u00e3o de castra\u00e7\u00e3o na regi\u00e3o do Cecap e Engordadouro ser\u00e1 nesta segunda-feira (30)"},"content":{"rendered":"\n<p>Os tutores de c\u00e3es e gatos da regi\u00e3o do Terra da Uva, Cecap, Engordadouro e Poste podem fazer o agendamento para o mutir\u00e3o de castra\u00e7\u00e3o, nesta segunda-feira (30), na EMEB Antonio Adelino Marques da Silva Brad\u00e3o, das 8h30 \u00e0s 16 horas. O mutir\u00e3o ser\u00e1 realizado no s\u00e1bado (4), na EMEB.<\/p>\n\n\n\n<p>A iniciativa \u00e9 do Departamento do Bem-Estar Animal (DEBEA), vinculado \u00e0 Unidade de Gest\u00e3o de Planejamento Urbano e Meio Ambiente (UGPUMA) e visa facilitar o acesso dos tutores de c\u00e3es e gatos que residem na regi\u00e3o.&nbsp;<\/p>\n\n\n\n<figure class=\"wp-block-image size-full\"><img loading=\"lazy\" decoding=\"async\" width=\"1280\" height=\"854\" src=\"https:\/\/jundiai.sp.gov.br\/noticias\/wp-content\/uploads\/sites\/32\/2021\/06\/debea_adocao-3.jpg\" alt=\"DESCRI\u00c7\u00c3O DA IMAGEM\nCachorro caramelo, marrom e preto est\u00e1 com a boca aberta \" class=\"wp-image-269578\" srcset=\"https:\/\/jundiai.sp.gov.br\/noticias\/wp-content\/uploads\/sites\/32\/2021\/06\/debea_adocao-3.jpg 1280w, https:\/\/jundiai.sp.gov.br\/noticias\/wp-content\/uploads\/sites\/32\/2021\/06\/debea_adocao-3-300x200.jpg 300w, https:\/\/jundiai.sp.gov.br\/noticias\/wp-content\/uploads\/sites\/32\/2021\/06\/debea_adocao-3-768x512.jpg 768w, https:\/\/jundiai.sp.gov.br\/noticias\/wp-content\/uploads\/sites\/32\/2021\/06\/debea_adocao-3-450x300.jpg 450w\" sizes=\"auto, (max-width: 1280px) 100vw, 1280px\" \/><figcaption>Mutir\u00e3o atende c\u00e3es e gatos com idade entre tr\u00eas meses e oito anos<\/figcaption><\/figure>\n\n\n\n<p>Os interessados devem inicialmente fazer o cadastro do animal no <a href=\"https:\/\/jundiai.sp.gov.br\/planejamento-e-meio-ambiente\/departamento-do-bem-estar-animal\/coordenadora\/cadastro-de-animais-para-castracao\">site<\/a> e comparecer pessoalmente na EMEB, na segunda-feira (30),&nbsp; para manifestar interesse na a\u00e7\u00e3o no bairro. \u201c\u00c9 preciso apresentar comprovante de resid\u00eancia e documento com foto para realizar o agendamento. O objetivo \u00e9 evitar o descontrole populacional de c\u00e3es e gatos. Para isso procuramos alternativas para ampliar a ades\u00e3o ao programa de castra\u00e7\u00e3o gratuita\u201d, explica a diretora do DEBEA, Daniela Ara\u00fajo Passos.&nbsp;<\/p>\n\n\n\n<p>Os tutores de c\u00e3es e gatos interessados em castrar seus animais de estima\u00e7\u00e3o gratuitamente podem fazer o cadastro pelo <a href=\"https:\/\/jundiai.sp.gov.br\/planejamento-e-meio-ambiente\/departamento-do-bem-estar-animal\/coordenadora\/cadastro-de-animais-para-castracao\">site<\/a> da Prefeitura de Jundia\u00ed ou pelo aplicativo de celular APP Jundia\u00ed, no servi\u00e7o Cadastro de Animais para Castra\u00e7\u00e3o. Podem ser inscritos f\u00eameas e machos de c\u00e3es e gatos com idade entre tr\u00eas meses e oito anos e mais de um quilo.<\/p>\n\n\n\n<p><strong>Assessoria de Imprensa<\/strong><br><strong>Fotos: Fot\u00f3grafos PMJ<\/strong><\/p>\n\n\n\n<p><\/p>\n","protected":false},"excerpt":{"rendered":"<p>Os tutores de c\u00e3es e gatos da regi\u00e3o do Terra da Uva, Cecap, Engordadouro e Poste podem fazer o agendamento para o mutir\u00e3o de castra\u00e7\u00e3o, nesta segunda-feira (30), na EMEB Antonio Adelino Marques da Silva Brad\u00e3o, das 8h30 \u00e0s 16 horas. O mutir\u00e3o ser\u00e1 realizado no s\u00e1bado (4), na EMEB. A iniciativa \u00e9 do Departamento [&hellip;]<\/p>\n","protected":false},"author":70,"featured_media":269578,"comment_status":"closed","ping_status":"closed","sticky":false,"template":"","format":"standard","meta":{"footnotes":""},"categories":[2],"tags":[1267,1022,1082,984],"ods":[],"class_list":["post-293361","post","type-post","status-publish","format-standard","has-post-thumbnail","hentry","category-noticias","tag-castracao","tag-departamento-do-bem-estar-animal-debea","tag-mutirao-de-castracao","tag-planejamento-urbano-e-meio-ambiente"],"_links":{"self":[{"href":"https:\/\/jundiai.sp.gov.br\/noticias\/wp-json\/wp\/v2\/posts\/293361","targetHints":{"allow":["GET"]}}],"collection":[{"href":"https:\/\/jundiai.sp.gov.br\/noticias\/wp-json\/wp\/v2\/posts"}],"about":[{"href":"https:\/\/jundiai.sp.gov.br\/noticias\/wp-json\/wp\/v2\/types\/post"}],"author":[{"embeddable":true,"href":"https:\/\/jundiai.sp.gov.br\/noticias\/wp-json\/wp\/v2\/users\/70"}],"replies":[{"embeddable":true,"href":"https:\/\/jundiai.sp.gov.br\/noticias\/wp-json\/wp\/v2\/comments?post=293361"}],"version-history":[{"count":5,"href":"https:\/\/jundiai.sp.gov.br\/noticias\/wp-json\/wp\/v2\/posts\/293361\/revisions"}],"predecessor-version":[{"id":293611,"href":"https:\/\/jundiai.sp.gov.br\/noticias\/wp-json\/wp\/v2\/posts\/293361\/revisions\/293611"}],"wp:featuredmedia":[{"embeddable":true,"href":"https:\/\/jundiai.sp.gov.br\/noticias\/wp-json\/wp\/v2\/media\/269578"}],"wp:attachment":[{"href":"https:\/\/jundiai.sp.gov.br\/noticias\/wp-json\/wp\/v2\/media?parent=293361"}],"wp:term":[{"taxonomy":"category","embeddable":true,"href":"https:\/\/jundiai.sp.gov.br\/noticias\/wp-json\/wp\/v2\/categories?post=293361"},{"taxonomy":"post_tag","embeddable":true,"href":"https:\/\/jundiai.sp.gov.br\/noticias\/wp-json\/wp\/v2\/tags?post=293361"},{"taxonomy":"ods","embeddable":true,"href":"https:\/\/jundiai.sp.gov.br\/noticias\/wp-json\/wp\/v2\/ods?post=293361"}],"curies":[{"name":"wp","href":"https:\/\/api.w.org\/{rel}","templated":true}]}}